{"id":10226,"date":"2022-01-03T09:00:30","date_gmt":"2022-01-03T08:00:30","guid":{"rendered":"https:\/\/eoc.cat\/profesionales-atencion-dependientes\/"},"modified":"2022-02-17T10:34:40","modified_gmt":"2022-02-17T09:34:40","slug":"professionals-atencio-dependents","status":"publish","type":"post","link":"https:\/\/eoc.cat\/ca\/professionals-atencio-dependents\/","title":{"rendered":"L&#8217;equip de professionals d&#8217;atenci\u00f3 directa a persones dependents"},"content":{"rendered":"<p>Els <strong>professionals d&#8217;atenci\u00f3 directa a persones dependents<\/strong> compleixen una labor d&#8217;assist\u00e8ncia important, especialment per als seus clients. Aquests poden tenir necessitats especials de diversa \u00edndole. No obstant aix\u00f2, abans de poder exercir en aquesta posici\u00f3, han de formar-se adequadament. I, en uns certs casos, reunir una s\u00e8rie de caracter\u00edstiques que els permetin desembolicar-se en el seu lloc de manera efica\u00e7. En les pr\u00f2ximes l\u00ednies revisarem amb tu alguns aspectes rellevants en aquest sentit.<\/p>\n<h2>Professionals d&#8217;atenci\u00f3 directa a persones dependents<\/h2>\n<p>Els professionals de suport directe brinden <strong>atenci\u00f3 i serveis no m\u00e8dics a persones amb discapacitat intel\u00b7lectual, f\u00edsica o sensorial<\/strong>. Aquests serveis poden realitzar-se en la llar del pacient, en centres privats o en institucions governamentals. Els deures principals dels cuidadors s\u00f3n ajudar al pacient amb les tasques.<\/p>\n<p>Algunes s\u00f3n prendre medicaments, proporcionar transport a les cites m\u00e8diques i fer enc\u00e0rrecs de tota mena. Tamb\u00e9 tenen com a objectiu ensenyar als pacients habilitats necess\u00e0ries en la seva vida quotidiana, incloses les tasques dom\u00e8stiques lleugeres i la preparaci\u00f3 de menjars. L&#8217;objectiu \u00e9s el de permetre&#8217;ls ser una mica m\u00e9s independents.<\/p>\n<h2>Requisits d&#8217;un professional de suport directe<\/h2>\n<p>No hi ha requisits d&#8217;educaci\u00f3 formal per a convertir-se en <strong>professionals d&#8217;atenci\u00f3 directa a persones dependents, encara que es necessita una mica de capacitaci\u00f3<\/strong>. Molts treballs professionals d&#8217;aquest tipus requereixen una certificaci\u00f3 que garanteixi unes certes aptituds requerides en el lloc. Altres llocs requereixen la finalitzaci\u00f3 d&#8217;un programa espec\u00edfic de formaci\u00f3 per a cuidadors.<\/p>\n<p>Alguns programes poden ser \u00fatils i brindar-te un avantatge quan busquis ocupaci\u00f3. En ells, s&#8217;estudien els conceptes b\u00e0sics de l&#8217;atenci\u00f3 domicili\u00e0ria. Aix\u00ed passes a obtenir les habilitats i qualificacions que necessites per a complir amb les teves responsabilitats en aquesta carrera. Per a augmentar les teves oportunitats laborals, \u00e9s convenient formar-se adequadament.<\/p>\n<h2>Habilitats preferents per a exercir com a professional de suport directe<\/h2>\n<p>L&#8217;habilitat m\u00e9s important i necess\u00e0ria per a assistir a altres persones de manera directa \u00e9s comptar amb un fort sentit d&#8217;empatia. At\u00e8s que aquests professionals <strong>han de donar prioritat a les necessitats de les persones a les quals secunden<\/strong>, han de ser capaces de connectar-se i relacionar-se amb clients de totes les capacitats. Altres habilitats importants inclouen:<\/p>\n<ul>\n<li>Excel\u00b7lents habilitats interpersonals.<\/li>\n<li>Capacitat per a treballar b\u00e9 en equip. En alguns escenaris laborals, el professional haur\u00e0 de compaginar les seves tasques amb les d&#8217;altres cuidadors i col\u00b7laborar en la cura d&#8217;alguns pacients. Aquests, per les seves caracter\u00edstiques, necessiten de diversos cuidadors assignats.<\/li>\n<li>Habilitats de comunicaci\u00f3 efectiva.<\/li>\n<li>Ja que estaran al c\u00e0rrec de persones que dependran totalment d&#8217;elles. A m\u00e9s, \u00e9s possible que no tinguin supervisi\u00f3 o el suport d&#8217;altres membres durant la seva jornada. Per aix\u00f2, han de ser displicents en la seva labor.<\/li>\n<li>Paci\u00e8ncia. Com no, la paci\u00e8ncia i la capacitat per a sobreposar-se a la frustraci\u00f3 resulta clau per a desenvolupar aquest treball amb el m\u00ednim impacte per a la salut emocional.<\/li>\n<\/ul>\n<p>En definitiva, es demanden <strong>professionals d&#8217;atenci\u00f3 directa a persones dependents<\/strong> responsables, afectuosos i compassius per a treballar de manera individual o com a part d&#8217;equips. El candidat ideal ha de ser <strong>fiable<\/strong> i <strong>tenir passi\u00f3<\/strong> per <strong>ajudar a les persones amb discapacitats f\u00edsiques, mentals o sensorials<\/strong>. Brindar-los suport perqu\u00e8 aconsegueixin viure una vida m\u00e9s plena i feli\u00e7. En treballar individualment amb cada client, avaluar\u00e0 les seves necessitats i les atendr\u00e0 en conseq\u00fc\u00e8ncia amb l&#8217;objectiu de fomentar un entorn positiu i encoratjador.<\/p>\n<p><img loading=\"lazy\" decoding=\"async\" class=\"aligncenter wp-image-9698 size-full\" title=\"equip professional sanitari\" src=\"https:\/\/eoc.cat\/wp-content\/uploads\/2021\/12\/prof-sanitario.jpg\" alt=\"equip professional sanitari\" width=\"810\" height=\"513\" srcset=\"https:\/\/eoc.cat\/wp-content\/uploads\/2021\/12\/prof-sanitario.jpg 810w, https:\/\/eoc.cat\/wp-content\/uploads\/2021\/12\/prof-sanitario-480x304.jpg 480w\" sizes=\"(min-width: 0px) and (max-width: 480px) 480px, (min-width: 481px) 810px, 100vw\" \/><\/p>\n<h2>Deures i responsabilitats<\/h2>\n<p>Al marge d&#8217;actuar com a company que dona suport a les necessitats dels seus clients, han de treballar per a <strong>fomentar la seva independ\u00e8ncia en diversos plans<\/strong>. A m\u00e9s, han de promoure els passatemps i interessos dels usuaris.<\/p>\n<p>Tamb\u00e9 han de donar suport en les diverses facetes de la vida di\u00e0ria de les persones, que inclouen, entre altres: <strong>nutrici\u00f3, higiene, exercici, comunicaci\u00f3 i habilitats de socialitzaci\u00f3<\/strong>. I ajudar els seus clients a banyar-se, arreglar-se i vestir-se, menjar i beure si \u00e9s necessari, treballant sempre per a millorar l&#8217;autosufici\u00e8ncia.<\/p>\n<p>Aix\u00ed mateix, han de <strong>organitzar horaris i plans diaris<\/strong> per als clients, establir metes individuals i realitzar un seguiment del progr\u00e9s del client. Tamb\u00e9 informar sobre qualsevol canvi dr\u00e0stic als seus superiors o als familiars de la persona al seu c\u00e0rrec.<\/p>\n<p>Han de fomentar el desenvolupament d&#8217;habilitats individuals i treballar cap a la integraci\u00f3 comunit\u00e0ria. Desenvolupar relacions i connexions significatives amb els clients perqu\u00e8 se sentin cures i inclosos en la comunitat \u00e9s fonamental.<\/p>\n<p>En un altre ordre, han de <a href=\"https:\/\/eoc.cat\/ca\/atencio-sociosanitaria\/\">con\u00e8ixer<\/a> i <strong>complir amb tots els protocols de salut i seguretat<\/strong>. Inclosos aquells establerts despr\u00e9s de la crisi sanit\u00e0ria generada pel Covid.<\/p>\n<p>I han d&#8217;ajudar a netejar i ordenar la llar de les persones al seu c\u00e0rrec o l&#8217;espai en el qual habiten.<\/p>\n<p>Un altre aspecte a tractar \u00e9s la confidencialitat, \u00e9s a dir, el secret professional. Tamb\u00e9 important a tenir en compte \u00e9s la responsabilitat de mantenir la intimitat a tots els usuaris.<\/p>\n<h2>Conclusi\u00f3<\/h2>\n<p>A manera de conclusi\u00f3, conv\u00e9 que tinguis clar que els <strong>professionals d&#8217;atenci\u00f3 directa a persones dependents<\/strong> poden millorar les seves compet\u00e8ncies de manera gradual. No obstant aix\u00f2, la seva capacitat per a empatitzar i la compassi\u00f3 que despleguen en el seu treball solen ser aptituds m\u00e9s aviat innates. Molts cuidadors amb experi\u00e8ncia apunten aquestes qualitats com a necess\u00e0ries per a oferir la millor cura als seus clients.<\/p>\n","protected":false},"excerpt":{"rendered":"<p>Els professionals d&#8217;atenci\u00f3 directa a persones dependents compleixen una labor d&#8217;assist\u00e8ncia important, especialment per als seus clients. Aquests poden tenir necessitats especials de diversa \u00edndole. No obstant aix\u00f2, abans de poder exercir en aquesta posici\u00f3, han de formar-se adequadament. I, en uns certs casos, reunir una s\u00e8rie de caracter\u00edstiques que els permetin desembolicar-se en el [&hellip;]<\/p>\n","protected":false},"author":7,"featured_media":9697,"comment_status":"open","ping_status":"open","sticky":false,"template":"","format":"standard","meta":{"_et_pb_use_builder":"","_et_pb_old_content":"","_et_gb_content_width":"","footnotes":""},"categories":[83],"tags":[138],"class_list":["post-10226","post","type-post","status-publish","format-standard","has-post-thumbnail","hentry","category-atencio-sociosanitaria","tag-persones-dependents"],"yoast_head":"<!-- This site is optimized with the Yoast SEO plugin v27.5 - https:\/\/yoast.com\/product\/yoast-seo-wordpress\/ -->\n<title>L&#039;equip de professionals d&#039;atenci\u00f3 directa a persones dependents | EOC<\/title>\n<meta name=\"description\" content=\"Els professionals d&#039;atenci\u00f3 directa a persones dependents compleixen una labor d&#039;assist\u00e8ncia important, especialment per als seus clients.\" \/>\n<meta name=\"robots\" content=\"index, follow, max-snippet:-1, max-image-preview:large, max-video-preview:-1\" \/>\n<link rel=\"canonical\" href=\"https:\/\/eoc.cat\/ca\/professionals-atencio-dependents\/\" \/>\n<meta property=\"og:locale\" content=\"ca_ES\" \/>\n<meta property=\"og:type\" content=\"article\" \/>\n<meta property=\"og:title\" content=\"L&#039;equip de professionals d&#039;atenci\u00f3 directa a persones dependents | EOC\" \/>\n<meta property=\"og:description\" content=\"Els professionals d&#039;atenci\u00f3 directa a persones dependents compleixen una labor d&#039;assist\u00e8ncia important, especialment per als seus clients.\" \/>\n<meta property=\"og:url\" content=\"https:\/\/eoc.cat\/ca\/professionals-atencio-dependents\/\" \/>\n<meta property=\"og:site_name\" content=\"Escola d&#039;Oficis Catalunya\" \/>\n<meta property=\"article:publisher\" content=\"https:\/\/www.facebook.com\/EscoladOficisCatalunya\" \/>\n<meta property=\"article:published_time\" content=\"2022-01-03T08:00:30+00:00\" \/>\n<meta property=\"article:modified_time\" content=\"2022-02-17T09:34:40+00:00\" \/>\n<meta property=\"og:image\" content=\"https:\/\/eoc.cat\/wp-content\/uploads\/2021\/12\/atencion-sociosan.jpg\" \/>\n\t<meta property=\"og:image:width\" content=\"810\" \/>\n\t<meta property=\"og:image:height\" content=\"513\" \/>\n\t<meta property=\"og:image:type\" content=\"image\/jpeg\" \/>\n<meta name=\"author\" content=\"EOC\" \/>\n<meta name=\"twitter:card\" content=\"summary_large_image\" \/>\n<meta name=\"twitter:title\" content=\"L&#039;equip de professionals d&#039;atenci\u00f3 directa a persones dependents | EOC\" \/>\n<meta name=\"twitter:description\" content=\"Els professionals d&#039;atenci\u00f3 directa a persones dependents compleixen una labor d&#039;assist\u00e8ncia important, especialment per als seus clients.\" \/>\n<meta name=\"twitter:image\" content=\"https:\/\/eoc.cat\/wp-content\/uploads\/2021\/12\/atencion-sociosan.jpg\" \/>\n<meta name=\"twitter:creator\" content=\"@escoficat\" \/>\n<meta name=\"twitter:site\" content=\"@escoficat\" \/>\n<script type=\"application\/ld+json\" class=\"yoast-schema-graph\">{\"@context\":\"https:\\\/\\\/schema.org\",\"@graph\":[{\"@type\":\"Article\",\"@id\":\"https:\\\/\\\/eoc.cat\\\/ca\\\/professionals-atencio-dependents\\\/#article\",\"isPartOf\":{\"@id\":\"https:\\\/\\\/eoc.cat\\\/ca\\\/professionals-atencio-dependents\\\/\"},\"author\":{\"name\":\"EOC\",\"@id\":\"https:\\\/\\\/eoc.cat\\\/#\\\/schema\\\/person\\\/702649fa6e82a790042399ed7f67f79f\"},\"headline\":\"L&#8217;equip de professionals d&#8217;atenci\u00f3 directa a persones dependents\",\"datePublished\":\"2022-01-03T08:00:30+00:00\",\"dateModified\":\"2022-02-17T09:34:40+00:00\",\"mainEntityOfPage\":{\"@id\":\"https:\\\/\\\/eoc.cat\\\/ca\\\/professionals-atencio-dependents\\\/\"},\"wordCount\":951,\"commentCount\":0,\"publisher\":{\"@id\":\"https:\\\/\\\/eoc.cat\\\/#organization\"},\"image\":{\"@id\":\"https:\\\/\\\/eoc.cat\\\/ca\\\/professionals-atencio-dependents\\\/#primaryimage\"},\"thumbnailUrl\":\"https:\\\/\\\/eoc.cat\\\/wp-content\\\/uploads\\\/2021\\\/12\\\/atencion-sociosan.jpg\",\"keywords\":[\"persones dependents\"],\"articleSection\":[\"Atenci\u00f3 sociosanit\u00e0ria\"],\"inLanguage\":\"ca\",\"potentialAction\":[{\"@type\":\"CommentAction\",\"name\":\"Comment\",\"target\":[\"https:\\\/\\\/eoc.cat\\\/ca\\\/professionals-atencio-dependents\\\/#respond\"]}]},{\"@type\":\"WebPage\",\"@id\":\"https:\\\/\\\/eoc.cat\\\/ca\\\/professionals-atencio-dependents\\\/\",\"url\":\"https:\\\/\\\/eoc.cat\\\/ca\\\/professionals-atencio-dependents\\\/\",\"name\":\"L'equip de professionals d'atenci\u00f3 directa a persones dependents | EOC\",\"isPartOf\":{\"@id\":\"https:\\\/\\\/eoc.cat\\\/#website\"},\"primaryImageOfPage\":{\"@id\":\"https:\\\/\\\/eoc.cat\\\/ca\\\/professionals-atencio-dependents\\\/#primaryimage\"},\"image\":{\"@id\":\"https:\\\/\\\/eoc.cat\\\/ca\\\/professionals-atencio-dependents\\\/#primaryimage\"},\"thumbnailUrl\":\"https:\\\/\\\/eoc.cat\\\/wp-content\\\/uploads\\\/2021\\\/12\\\/atencion-sociosan.jpg\",\"datePublished\":\"2022-01-03T08:00:30+00:00\",\"dateModified\":\"2022-02-17T09:34:40+00:00\",\"description\":\"Els professionals d'atenci\u00f3 directa a persones dependents compleixen una labor d'assist\u00e8ncia important, especialment per als seus clients.\",\"breadcrumb\":{\"@id\":\"https:\\\/\\\/eoc.cat\\\/ca\\\/professionals-atencio-dependents\\\/#breadcrumb\"},\"inLanguage\":\"ca\",\"potentialAction\":[{\"@type\":\"ReadAction\",\"target\":[\"https:\\\/\\\/eoc.cat\\\/ca\\\/professionals-atencio-dependents\\\/\"]}]},{\"@type\":\"ImageObject\",\"inLanguage\":\"ca\",\"@id\":\"https:\\\/\\\/eoc.cat\\\/ca\\\/professionals-atencio-dependents\\\/#primaryimage\",\"url\":\"https:\\\/\\\/eoc.cat\\\/wp-content\\\/uploads\\\/2021\\\/12\\\/atencion-sociosan.jpg\",\"contentUrl\":\"https:\\\/\\\/eoc.cat\\\/wp-content\\\/uploads\\\/2021\\\/12\\\/atencion-sociosan.jpg\",\"width\":810,\"height\":513,\"caption\":\"profesionales atenci\u00f3n directa\"},{\"@type\":\"BreadcrumbList\",\"@id\":\"https:\\\/\\\/eoc.cat\\\/ca\\\/professionals-atencio-dependents\\\/#breadcrumb\",\"itemListElement\":[{\"@type\":\"ListItem\",\"position\":1,\"name\":\"Portada\",\"item\":\"https:\\\/\\\/eoc.cat\\\/ca\\\/\"},{\"@type\":\"ListItem\",\"position\":2,\"name\":\"L&#8217;equip de professionals d&#8217;atenci\u00f3 directa a persones dependents\"}]},{\"@type\":\"WebSite\",\"@id\":\"https:\\\/\\\/eoc.cat\\\/#website\",\"url\":\"https:\\\/\\\/eoc.cat\\\/\",\"name\":\"Escola d'Oficis Catalunya\",\"description\":\"Escuela de formaci\u00f3n profesional para adultos y j\u00f3venes\",\"publisher\":{\"@id\":\"https:\\\/\\\/eoc.cat\\\/#organization\"},\"alternateName\":\"EOC\",\"potentialAction\":[{\"@type\":\"SearchAction\",\"target\":{\"@type\":\"EntryPoint\",\"urlTemplate\":\"https:\\\/\\\/eoc.cat\\\/?s={search_term_string}\"},\"query-input\":{\"@type\":\"PropertyValueSpecification\",\"valueRequired\":true,\"valueName\":\"search_term_string\"}}],\"inLanguage\":\"ca\"},{\"@type\":\"Organization\",\"@id\":\"https:\\\/\\\/eoc.cat\\\/#organization\",\"name\":\"Escola d'Oficis Catalunya\",\"alternateName\":\"EOC\",\"url\":\"https:\\\/\\\/eoc.cat\\\/\",\"logo\":{\"@type\":\"ImageObject\",\"inLanguage\":\"ca\",\"@id\":\"https:\\\/\\\/eoc.cat\\\/#\\\/schema\\\/logo\\\/image\\\/\",\"url\":\"https:\\\/\\\/eoc.cat\\\/wp-content\\\/uploads\\\/2020\\\/12\\\/eoc-logotipo.png\",\"contentUrl\":\"https:\\\/\\\/eoc.cat\\\/wp-content\\\/uploads\\\/2020\\\/12\\\/eoc-logotipo.png\",\"width\":274,\"height\":118,\"caption\":\"Escola d'Oficis Catalunya\"},\"image\":{\"@id\":\"https:\\\/\\\/eoc.cat\\\/#\\\/schema\\\/logo\\\/image\\\/\"},\"sameAs\":[\"https:\\\/\\\/www.facebook.com\\\/EscoladOficisCatalunya\",\"https:\\\/\\\/x.com\\\/escoficat\",\"https:\\\/\\\/www.instagram.com\\\/escoladoficiscatalunya\\\/\",\"https:\\\/\\\/www.linkedin.com\\\/school\\\/escoladoficiscatalunya\\\/\",\"https:\\\/\\\/www.youtube.com\\\/channel\\\/UC_HLShkY7t1pf1CrXPw-gRQ\"]},{\"@type\":\"Person\",\"@id\":\"https:\\\/\\\/eoc.cat\\\/#\\\/schema\\\/person\\\/702649fa6e82a790042399ed7f67f79f\",\"name\":\"EOC\",\"image\":{\"@type\":\"ImageObject\",\"inLanguage\":\"ca\",\"@id\":\"https:\\\/\\\/secure.gravatar.com\\\/avatar\\\/db655658f91923a915562a010af881cf03bb56574b7e1241e9fa9ab684c7a9d0?s=96&r=g\",\"url\":\"https:\\\/\\\/secure.gravatar.com\\\/avatar\\\/db655658f91923a915562a010af881cf03bb56574b7e1241e9fa9ab684c7a9d0?s=96&r=g\",\"contentUrl\":\"https:\\\/\\\/secure.gravatar.com\\\/avatar\\\/db655658f91923a915562a010af881cf03bb56574b7e1241e9fa9ab684c7a9d0?s=96&r=g\",\"caption\":\"EOC\"},\"url\":\"https:\\\/\\\/eoc.cat\\\/ca\\\/author\\\/e0c93k1lk3\\\/\"}]}<\/script>\n<!-- \/ Yoast SEO plugin. -->","yoast_head_json":{"title":"L'equip de professionals d'atenci\u00f3 directa a persones dependents | EOC","description":"Els professionals d'atenci\u00f3 directa a persones dependents compleixen una labor d'assist\u00e8ncia important, especialment per als seus clients.","robots":{"index":"index","follow":"follow","max-snippet":"max-snippet:-1","max-image-preview":"max-image-preview:large","max-video-preview":"max-video-preview:-1"},"canonical":"https:\/\/eoc.cat\/ca\/professionals-atencio-dependents\/","og_locale":"ca_ES","og_type":"article","og_title":"L'equip de professionals d'atenci\u00f3 directa a persones dependents | EOC","og_description":"Els professionals d'atenci\u00f3 directa a persones dependents compleixen una labor d'assist\u00e8ncia important, especialment per als seus clients.","og_url":"https:\/\/eoc.cat\/ca\/professionals-atencio-dependents\/","og_site_name":"Escola d&#039;Oficis Catalunya","article_publisher":"https:\/\/www.facebook.com\/EscoladOficisCatalunya","article_published_time":"2022-01-03T08:00:30+00:00","article_modified_time":"2022-02-17T09:34:40+00:00","og_image":[{"width":810,"height":513,"url":"https:\/\/eoc.cat\/wp-content\/uploads\/2021\/12\/atencion-sociosan.jpg","type":"image\/jpeg"}],"author":"EOC","twitter_card":"summary_large_image","twitter_title":"L'equip de professionals d'atenci\u00f3 directa a persones dependents | EOC","twitter_description":"Els professionals d'atenci\u00f3 directa a persones dependents compleixen una labor d'assist\u00e8ncia important, especialment per als seus clients.","twitter_image":"https:\/\/eoc.cat\/wp-content\/uploads\/2021\/12\/atencion-sociosan.jpg","twitter_creator":"@escoficat","twitter_site":"@escoficat","schema":{"@context":"https:\/\/schema.org","@graph":[{"@type":"Article","@id":"https:\/\/eoc.cat\/ca\/professionals-atencio-dependents\/#article","isPartOf":{"@id":"https:\/\/eoc.cat\/ca\/professionals-atencio-dependents\/"},"author":{"name":"EOC","@id":"https:\/\/eoc.cat\/#\/schema\/person\/702649fa6e82a790042399ed7f67f79f"},"headline":"L&#8217;equip de professionals d&#8217;atenci\u00f3 directa a persones dependents","datePublished":"2022-01-03T08:00:30+00:00","dateModified":"2022-02-17T09:34:40+00:00","mainEntityOfPage":{"@id":"https:\/\/eoc.cat\/ca\/professionals-atencio-dependents\/"},"wordCount":951,"commentCount":0,"publisher":{"@id":"https:\/\/eoc.cat\/#organization"},"image":{"@id":"https:\/\/eoc.cat\/ca\/professionals-atencio-dependents\/#primaryimage"},"thumbnailUrl":"https:\/\/eoc.cat\/wp-content\/uploads\/2021\/12\/atencion-sociosan.jpg","keywords":["persones dependents"],"articleSection":["Atenci\u00f3 sociosanit\u00e0ria"],"inLanguage":"ca","potentialAction":[{"@type":"CommentAction","name":"Comment","target":["https:\/\/eoc.cat\/ca\/professionals-atencio-dependents\/#respond"]}]},{"@type":"WebPage","@id":"https:\/\/eoc.cat\/ca\/professionals-atencio-dependents\/","url":"https:\/\/eoc.cat\/ca\/professionals-atencio-dependents\/","name":"L'equip de professionals d'atenci\u00f3 directa a persones dependents | EOC","isPartOf":{"@id":"https:\/\/eoc.cat\/#website"},"primaryImageOfPage":{"@id":"https:\/\/eoc.cat\/ca\/professionals-atencio-dependents\/#primaryimage"},"image":{"@id":"https:\/\/eoc.cat\/ca\/professionals-atencio-dependents\/#primaryimage"},"thumbnailUrl":"https:\/\/eoc.cat\/wp-content\/uploads\/2021\/12\/atencion-sociosan.jpg","datePublished":"2022-01-03T08:00:30+00:00","dateModified":"2022-02-17T09:34:40+00:00","description":"Els professionals d'atenci\u00f3 directa a persones dependents compleixen una labor d'assist\u00e8ncia important, especialment per als seus clients.","breadcrumb":{"@id":"https:\/\/eoc.cat\/ca\/professionals-atencio-dependents\/#breadcrumb"},"inLanguage":"ca","potentialAction":[{"@type":"ReadAction","target":["https:\/\/eoc.cat\/ca\/professionals-atencio-dependents\/"]}]},{"@type":"ImageObject","inLanguage":"ca","@id":"https:\/\/eoc.cat\/ca\/professionals-atencio-dependents\/#primaryimage","url":"https:\/\/eoc.cat\/wp-content\/uploads\/2021\/12\/atencion-sociosan.jpg","contentUrl":"https:\/\/eoc.cat\/wp-content\/uploads\/2021\/12\/atencion-sociosan.jpg","width":810,"height":513,"caption":"profesionales atenci\u00f3n directa"},{"@type":"BreadcrumbList","@id":"https:\/\/eoc.cat\/ca\/professionals-atencio-dependents\/#breadcrumb","itemListElement":[{"@type":"ListItem","position":1,"name":"Portada","item":"https:\/\/eoc.cat\/ca\/"},{"@type":"ListItem","position":2,"name":"L&#8217;equip de professionals d&#8217;atenci\u00f3 directa a persones dependents"}]},{"@type":"WebSite","@id":"https:\/\/eoc.cat\/#website","url":"https:\/\/eoc.cat\/","name":"Escola d'Oficis Catalunya","description":"Escuela de formaci\u00f3n profesional para adultos y j\u00f3venes","publisher":{"@id":"https:\/\/eoc.cat\/#organization"},"alternateName":"EOC","potentialAction":[{"@type":"SearchAction","target":{"@type":"EntryPoint","urlTemplate":"https:\/\/eoc.cat\/?s={search_term_string}"},"query-input":{"@type":"PropertyValueSpecification","valueRequired":true,"valueName":"search_term_string"}}],"inLanguage":"ca"},{"@type":"Organization","@id":"https:\/\/eoc.cat\/#organization","name":"Escola d'Oficis Catalunya","alternateName":"EOC","url":"https:\/\/eoc.cat\/","logo":{"@type":"ImageObject","inLanguage":"ca","@id":"https:\/\/eoc.cat\/#\/schema\/logo\/image\/","url":"https:\/\/eoc.cat\/wp-content\/uploads\/2020\/12\/eoc-logotipo.png","contentUrl":"https:\/\/eoc.cat\/wp-content\/uploads\/2020\/12\/eoc-logotipo.png","width":274,"height":118,"caption":"Escola d'Oficis Catalunya"},"image":{"@id":"https:\/\/eoc.cat\/#\/schema\/logo\/image\/"},"sameAs":["https:\/\/www.facebook.com\/EscoladOficisCatalunya","https:\/\/x.com\/escoficat","https:\/\/www.instagram.com\/escoladoficiscatalunya\/","https:\/\/www.linkedin.com\/school\/escoladoficiscatalunya\/","https:\/\/www.youtube.com\/channel\/UC_HLShkY7t1pf1CrXPw-gRQ"]},{"@type":"Person","@id":"https:\/\/eoc.cat\/#\/schema\/person\/702649fa6e82a790042399ed7f67f79f","name":"EOC","image":{"@type":"ImageObject","inLanguage":"ca","@id":"https:\/\/secure.gravatar.com\/avatar\/db655658f91923a915562a010af881cf03bb56574b7e1241e9fa9ab684c7a9d0?s=96&r=g","url":"https:\/\/secure.gravatar.com\/avatar\/db655658f91923a915562a010af881cf03bb56574b7e1241e9fa9ab684c7a9d0?s=96&r=g","contentUrl":"https:\/\/secure.gravatar.com\/avatar\/db655658f91923a915562a010af881cf03bb56574b7e1241e9fa9ab684c7a9d0?s=96&r=g","caption":"EOC"},"url":"https:\/\/eoc.cat\/ca\/author\/e0c93k1lk3\/"}]}},"_links":{"self":[{"href":"https:\/\/eoc.cat\/ca\/wp-json\/wp\/v2\/posts\/10226","targetHints":{"allow":["GET"]}}],"collection":[{"href":"https:\/\/eoc.cat\/ca\/wp-json\/wp\/v2\/posts"}],"about":[{"href":"https:\/\/eoc.cat\/ca\/wp-json\/wp\/v2\/types\/post"}],"author":[{"embeddable":true,"href":"https:\/\/eoc.cat\/ca\/wp-json\/wp\/v2\/users\/7"}],"replies":[{"embeddable":true,"href":"https:\/\/eoc.cat\/ca\/wp-json\/wp\/v2\/comments?post=10226"}],"version-history":[{"count":4,"href":"https:\/\/eoc.cat\/ca\/wp-json\/wp\/v2\/posts\/10226\/revisions"}],"predecessor-version":[{"id":10230,"href":"https:\/\/eoc.cat\/ca\/wp-json\/wp\/v2\/posts\/10226\/revisions\/10230"}],"wp:featuredmedia":[{"embeddable":true,"href":"https:\/\/eoc.cat\/ca\/wp-json\/wp\/v2\/media\/9697"}],"wp:attachment":[{"href":"https:\/\/eoc.cat\/ca\/wp-json\/wp\/v2\/media?parent=10226"}],"wp:term":[{"taxonomy":"category","embeddable":true,"href":"https:\/\/eoc.cat\/ca\/wp-json\/wp\/v2\/categories?post=10226"},{"taxonomy":"post_tag","embeddable":true,"href":"https:\/\/eoc.cat\/ca\/wp-json\/wp\/v2\/tags?post=10226"}],"curies":[{"name":"wp","href":"https:\/\/api.w.org\/{rel}","templated":true}]}}