{"id":10294,"date":"2021-07-26T09:00:43","date_gmt":"2021-07-26T07:00:43","guid":{"rendered":"https:\/\/eoc.cat\/atencion-psicologica-emergencias-sanitarias\/"},"modified":"2022-02-17T10:43:59","modified_gmt":"2022-02-17T09:43:59","slug":"atencio-psicologica-emergencies-sanitaries","status":"publish","type":"post","link":"https:\/\/eoc.cat\/ca\/atencio-psicologica-emergencies-sanitaries\/","title":{"rendered":"Principis de l&#8217;atenci\u00f3 psicol\u00f2gica en emerg\u00e8ncies sanit\u00e0ries"},"content":{"rendered":"<p>Sovint veiem en televisi\u00f3 casos extrems en els quals ocorren emerg\u00e8ncies sanit\u00e0ries. En situacions extremes, \u00e9s necessari aplicar <strong>principis de l&#8217;atenci\u00f3 psicol\u00f2gica<\/strong> amb els pacients i les v\u00edctimes. Pot tractar-se d&#8217;accidents, guerres, cat\u00e0strofes naturals, etc. Desgraciadament l&#8217;\u00e9sser hum\u00e0 encara no ha bandejat les guerres com a m\u00e8tode de diplom\u00e0cia i les cat\u00e0strofes naturals continuen estant a l&#8217;ordre del dia, sovint a conseq\u00fc\u00e8ncia del canvi clim\u00e0tic.<\/p>\n<p>En aquests casos solem veure a v\u00edctimes indefenses, que en alguns casos ho han perdut tot. \u00c9s important plantejar-se qu\u00e8 sent una persona que nom\u00e9s ha pogut salvar la seva vida. \u00c9s l\u00f2gic que els professionals es preguntin <strong>com tractar-la<\/strong> o com enfocar el seu dolor. Alguns treballadors de la sanitat poden arribar a entrar en contacte amb aquests pacients i, per tant, han d&#8217;estar formades sobre aquest tema.<\/p>\n<p>En aquest post veurem algunes de les claus que ofereix la psicologia tradicional per a superar aquest tipus de desgr\u00e0cies que solen veure&#8217;s acompanyades d&#8217;emerg\u00e8ncies sanit\u00e0ries.<\/p>\n<h2>Qu\u00e8 \u00e9s la psicologia en emerg\u00e8ncies?<\/h2>\n<p>Es tracta d&#8217;una branca d&#8217;aquesta ci\u00e8ncia que estudia els <strong>comportaments i reaccions de les persones o grups<\/strong> en casos d&#8217;emerg\u00e8ncia sanit\u00e0ria. La idea \u00e9s atendre aquestes persones, que poden sofrir danys a nivell personal abans, durant i despr\u00e9s dels fets traum\u00e0tics. L&#8217;ideal \u00e9s que siguin atesos per professionals especialitzats en aquesta mena de situacions extremes.<\/p>\n<p>Tant els professionals qualificats com la resta de <strong>empleats sanitaris i voluntaris<\/strong> han de tenir una m\u00ednima formaci\u00f3 que els permeti atendre correctament les v\u00edctimes. L&#8217;\u00f2ptica actual cerca oferir ajuda, sense danyar l&#8217;autoestima de la persona i cuidant sempre dels aspectes m\u00e9s delicats de la seva <strong>salut mental<\/strong>. Sabem que algunes de les sensacions experimentades durant aquest tr\u00e0ngol poden acompanyar al pacient tota la seva vida.<\/p>\n<p>Els psic\u00f2legs especialitzats en aquesta mat\u00e8ria han de saber transmetre a la resta de l&#8217;equip les claus de l&#8217;atenci\u00f3 a nivell psicol\u00f2gic. Es tracta d&#8217;una combinaci\u00f3 de <strong>psicologia m\u00e8dica<\/strong>, educativa, de la salut i psicofisiologia que ha de donar resultats, o almenys evitar efectes adversos. En tractar-se d&#8217;emerg\u00e8ncies que abasten a comunitats senceres, \u00e9s important incorporar la psicologia <strong>organitzacional i social<\/strong>. Aquestes doctrines han servit per a formar el cos te\u00f2ric amb el qual professionals de les emerg\u00e8ncies es formen cada dia. Algunes circumst\u00e0ncies desagradables que hem viscut com a societat ens han fet adonar-nos de la necessitat d&#8217;incorporar aquest enfocament en les intervencions.<\/p>\n<h2>Aspectes principals que es tracten en emerg\u00e8ncies sanit\u00e0ries i paper de l&#8217;especialitzat en psicologia<\/h2>\n<p>Com hem esmentat anteriorment, aquest tipus d&#8217;intervencions es caracteritzen per una <strong>visi\u00f3 multidisciplin\u00e0ria<\/strong>. Aquesta inclou elements de <strong>diferents branques de la psicologia<\/strong>, per a oferir un enfocament pr\u00e0ctic, per\u00f2 tamb\u00e9 orientat a les mellades psicol\u00f2giques.<\/p>\n<p>L&#8217;acci\u00f3 principal dels especialistes en atenci\u00f3 psicol\u00f2gica se sol centrar en diversos \u00e0mbits. Parlem de <strong>primers auxilis psicol\u00f2gics<\/strong>, casos de defuncions d&#8217;afins i desmobilitzaci\u00f3 de pacients que necessiten intervencions complexes. La gesti\u00f3 d&#8217;evacuats i <strong>atenci\u00f3 social a comunitats<\/strong> s\u00f3n trets t\u00edpics de l&#8217;atenci\u00f3 a grups de v\u00edctimes. Aquests professionals tamb\u00e9 han de col\u00b7laborar en la <strong>elaboraci\u00f3 dels plans de superaci\u00f3 mental<\/strong> del fet, ja que constitueixen l&#8217;atenci\u00f3 prim\u00e0ria dels damnificats. En tot moment han d&#8217;aplicar els <strong>principis de l&#8217;atenci\u00f3 psicol\u00f2gica<\/strong>.<\/p>\n<p>En aquests casos, l\u2019<strong>especialista ha d&#8217;estar preparat a nivell psicol\u00f2gic i emocional<\/strong>, ja que s&#8217;enfrontar\u00e0 a conting\u00e8ncies de tota mena. \u00c9s una especialitat que requereix gran vocaci\u00f3, per la qual cosa els propis psic\u00f2legs d&#8217;emerg\u00e8ncia adverteixen que no qualsevol pot ajudar en aquestes condicions. No obstant aix\u00f2, amb la preparaci\u00f3 adequada, <strong>professionals d&#8217;emerg\u00e8ncies sanit\u00e0ries<\/strong> podran atendre millor nivell psicol\u00f2gic.<\/p>\n<p><img loading=\"lazy\" decoding=\"async\" class=\"aligncenter wp-image-9215 size-full\" title=\"atenci\u00f3 en emergencies\" src=\"https:\/\/eoc.cat\/wp-content\/uploads\/2021\/07\/atencion-emergencias.jpg\" alt=\"atenci\u00f3 en emergencies\" width=\"810\" height=\"513\" srcset=\"https:\/\/eoc.cat\/wp-content\/uploads\/2021\/07\/atencion-emergencias.jpg 810w, https:\/\/eoc.cat\/wp-content\/uploads\/2021\/07\/atencion-emergencias-480x304.jpg 480w\" sizes=\"(min-width: 0px) and (max-width: 480px) 480px, (min-width: 481px) 810px, 100vw\" \/><\/p>\n<h2>L&#8217;actitud del professional en emerg\u00e8ncies sanit\u00e0ries<\/h2>\n<p><strong>La pressi\u00f3 i la vulnerabilitat del professional sanitari<\/strong> \u00e9s pal\u00e8s en aquests casos, per la qual cosa es requereixen persones fortes de car\u00e0cter i amb abnegaci\u00f3 respecte a aquest servei. El professional d&#8217;aquesta branca ha de posseir <strong>aptituds socials i t\u00e8cniques de comunicaci\u00f3<\/strong> que li permetin empatitzar i comprendre al pacient.\u200b Aix\u00f2 li ser\u00e0 \u00fatil a nivell individual, per\u00f2 tamb\u00e9 s\u00f3n necessaris coneixements sobre comportaments col\u00b7lectius. Aix\u00f2 \u00e9s pel fet que aquestes emerg\u00e8ncies sovint involucren a grups sencers. El seu coneixement de atenci\u00f3 en emerg\u00e8ncies ser\u00e0 indispensable i condici\u00f3 <em>\u201csine qua non\u201d<\/em> per a participar en aquestes labors.<\/p>\n<p>La persona que fa el paper del psic\u00f2leg ha de comprendre la situaci\u00f3 personal del pacient i donar-li la sensaci\u00f3 de protecci\u00f3 i confian\u00e7a. Tamb\u00e9 ha d&#8217;estar preparat per a rebre reaccions adverses i fins i tot agressivitat. Aquestes actituds entren dins de les freq\u00fcents en aquests casos. La principal qualitat d&#8217;un professional amb capacitat d&#8217;atendre psicol\u00f2gicament \u00e9s la seva tempran\u00e7a. El pacient o els pacients han de veure-li com una figura atenta i emp\u00e0tica, per\u00f2 tamb\u00e9 amb capacitat d&#8217;abstracci\u00f3 per a resoldre problemes.<\/p>\n<p><a href=\"https:\/\/eoc.cat\/ca\/cfgm-tecnic-emergencies-sanitaries\/\">L&#8217;actuaci\u00f3 dels professionals sanitaris<\/a> estar\u00e0 sempre acompanyada d&#8217;una pragm\u00e0tica aplicaci\u00f3 de els principis de l&#8217;atenci\u00f3 psicol\u00f2gica. Com ja sabem, la salut de les persones tamb\u00e9 t\u00e9 un vessant mental.<\/p>\n","protected":false},"excerpt":{"rendered":"<p>Sovint veiem en televisi\u00f3 casos extrems en els quals ocorren emerg\u00e8ncies sanit\u00e0ries. En situacions extremes, \u00e9s necessari aplicar principis de l&#8217;atenci\u00f3 psicol\u00f2gica amb els pacients i les v\u00edctimes. Pot tractar-se d&#8217;accidents, guerres, cat\u00e0strofes naturals, etc. Desgraciadament l&#8217;\u00e9sser hum\u00e0 encara no ha bandejat les guerres com a m\u00e8tode de diplom\u00e0cia i les cat\u00e0strofes naturals continuen estant [&hellip;]<\/p>\n","protected":false},"author":7,"featured_media":9214,"comment_status":"open","ping_status":"open","sticky":false,"template":"","format":"standard","meta":{"_et_pb_use_builder":"off","_et_pb_old_content":"","_et_gb_content_width":"","footnotes":""},"categories":[101],"tags":[89,92,102],"class_list":["post-10294","post","type-post","status-publish","format-standard","has-post-thumbnail","hentry","category-tecnic-emergencies-sanitaries","tag-auxiliar-infermeria","tag-auxiliar-quirofan","tag-emergencies-sanitaries"],"yoast_head":"<!-- This site is optimized with the Yoast SEO plugin v27.4 - https:\/\/yoast.com\/product\/yoast-seo-wordpress\/ -->\n<title>Principis de l&#039;atenci\u00f3 psicol\u00f2gica en emerg\u00e8ncies sanit\u00e0ries | EOC<\/title>\n<meta name=\"description\" content=\"Els principis de l&#039;atenci\u00f3 psicol\u00f2gica ofereixen les claus per a ajudar a superar les desgr\u00e0cies en casos d&#039;emerg\u00e8ncies sanit\u00e0ries.\" \/>\n<meta name=\"robots\" content=\"index, follow, max-snippet:-1, max-image-preview:large, max-video-preview:-1\" \/>\n<link rel=\"canonical\" href=\"https:\/\/eoc.cat\/ca\/atencio-psicologica-emergencies-sanitaries\/\" \/>\n<meta property=\"og:locale\" content=\"ca_ES\" \/>\n<meta property=\"og:type\" content=\"article\" \/>\n<meta property=\"og:title\" content=\"Principis de l&#039;atenci\u00f3 psicol\u00f2gica en emerg\u00e8ncies sanit\u00e0ries | EOC\" \/>\n<meta property=\"og:description\" content=\"Els principis de l&#039;atenci\u00f3 psicol\u00f2gica ofereixen les claus per a ajudar a superar les desgr\u00e0cies en casos d&#039;emerg\u00e8ncies sanit\u00e0ries.\" \/>\n<meta property=\"og:url\" content=\"https:\/\/eoc.cat\/ca\/atencio-psicologica-emergencies-sanitaries\/\" \/>\n<meta property=\"og:site_name\" content=\"Escola d&#039;Oficis Catalunya\" \/>\n<meta property=\"article:publisher\" content=\"https:\/\/www.facebook.com\/EscoladOficisCatalunya\" \/>\n<meta property=\"article:published_time\" content=\"2021-07-26T07:00:43+00:00\" \/>\n<meta property=\"article:modified_time\" content=\"2022-02-17T09:43:59+00:00\" \/>\n<meta property=\"og:image\" content=\"https:\/\/eoc.cat\/wp-content\/uploads\/2021\/07\/a-psicologica-emergencias.jpg\" \/>\n\t<meta property=\"og:image:width\" content=\"810\" \/>\n\t<meta property=\"og:image:height\" content=\"513\" \/>\n\t<meta property=\"og:image:type\" content=\"image\/jpeg\" \/>\n<meta name=\"author\" content=\"EOC\" \/>\n<meta name=\"twitter:card\" content=\"summary_large_image\" \/>\n<meta name=\"twitter:title\" content=\"Principis de l&#039;atenci\u00f3 psicol\u00f2gica en emerg\u00e8ncies sanit\u00e0ries | EOC\" \/>\n<meta name=\"twitter:description\" content=\"Els principis de l&#039;atenci\u00f3 psicol\u00f2gica ofereixen les claus per a ajudar a superar les desgr\u00e0cies en casos d&#039;emerg\u00e8ncies sanit\u00e0ries.\" \/>\n<meta name=\"twitter:image\" content=\"https:\/\/eoc.cat\/wp-content\/uploads\/2021\/07\/a-psicologica-emergencias.jpg\" \/>\n<meta name=\"twitter:creator\" content=\"@escoficat\" \/>\n<meta name=\"twitter:site\" content=\"@escoficat\" \/>\n<script type=\"application\/ld+json\" class=\"yoast-schema-graph\">{\"@context\":\"https:\\\/\\\/schema.org\",\"@graph\":[{\"@type\":\"Article\",\"@id\":\"https:\\\/\\\/eoc.cat\\\/ca\\\/atencio-psicologica-emergencies-sanitaries\\\/#article\",\"isPartOf\":{\"@id\":\"https:\\\/\\\/eoc.cat\\\/ca\\\/atencio-psicologica-emergencies-sanitaries\\\/\"},\"author\":{\"name\":\"EOC\",\"@id\":\"https:\\\/\\\/eoc.cat\\\/#\\\/schema\\\/person\\\/702649fa6e82a790042399ed7f67f79f\"},\"headline\":\"Principis de l&#8217;atenci\u00f3 psicol\u00f2gica en emerg\u00e8ncies sanit\u00e0ries\",\"datePublished\":\"2021-07-26T07:00:43+00:00\",\"dateModified\":\"2022-02-17T09:43:59+00:00\",\"mainEntityOfPage\":{\"@id\":\"https:\\\/\\\/eoc.cat\\\/ca\\\/atencio-psicologica-emergencies-sanitaries\\\/\"},\"wordCount\":919,\"commentCount\":0,\"publisher\":{\"@id\":\"https:\\\/\\\/eoc.cat\\\/#organization\"},\"image\":{\"@id\":\"https:\\\/\\\/eoc.cat\\\/ca\\\/atencio-psicologica-emergencies-sanitaries\\\/#primaryimage\"},\"thumbnailUrl\":\"https:\\\/\\\/eoc.cat\\\/wp-content\\\/uploads\\\/2021\\\/07\\\/a-psicologica-emergencias.jpg\",\"keywords\":[\"auxiliar d'infermeria\",\"auxiliar de quir\u00f2fan\",\"emerg\u00e8ncies sanit\u00e0ries\"],\"articleSection\":[\"T\u00e8cnic en emerg\u00e8ncies sanit\u00e0ries\"],\"inLanguage\":\"ca\",\"potentialAction\":[{\"@type\":\"CommentAction\",\"name\":\"Comment\",\"target\":[\"https:\\\/\\\/eoc.cat\\\/ca\\\/atencio-psicologica-emergencies-sanitaries\\\/#respond\"]}]},{\"@type\":\"WebPage\",\"@id\":\"https:\\\/\\\/eoc.cat\\\/ca\\\/atencio-psicologica-emergencies-sanitaries\\\/\",\"url\":\"https:\\\/\\\/eoc.cat\\\/ca\\\/atencio-psicologica-emergencies-sanitaries\\\/\",\"name\":\"Principis de l'atenci\u00f3 psicol\u00f2gica en emerg\u00e8ncies sanit\u00e0ries | EOC\",\"isPartOf\":{\"@id\":\"https:\\\/\\\/eoc.cat\\\/#website\"},\"primaryImageOfPage\":{\"@id\":\"https:\\\/\\\/eoc.cat\\\/ca\\\/atencio-psicologica-emergencies-sanitaries\\\/#primaryimage\"},\"image\":{\"@id\":\"https:\\\/\\\/eoc.cat\\\/ca\\\/atencio-psicologica-emergencies-sanitaries\\\/#primaryimage\"},\"thumbnailUrl\":\"https:\\\/\\\/eoc.cat\\\/wp-content\\\/uploads\\\/2021\\\/07\\\/a-psicologica-emergencias.jpg\",\"datePublished\":\"2021-07-26T07:00:43+00:00\",\"dateModified\":\"2022-02-17T09:43:59+00:00\",\"description\":\"Els principis de l'atenci\u00f3 psicol\u00f2gica ofereixen les claus per a ajudar a superar les desgr\u00e0cies en casos d'emerg\u00e8ncies sanit\u00e0ries.\",\"breadcrumb\":{\"@id\":\"https:\\\/\\\/eoc.cat\\\/ca\\\/atencio-psicologica-emergencies-sanitaries\\\/#breadcrumb\"},\"inLanguage\":\"ca\",\"potentialAction\":[{\"@type\":\"ReadAction\",\"target\":[\"https:\\\/\\\/eoc.cat\\\/ca\\\/atencio-psicologica-emergencies-sanitaries\\\/\"]}]},{\"@type\":\"ImageObject\",\"inLanguage\":\"ca\",\"@id\":\"https:\\\/\\\/eoc.cat\\\/ca\\\/atencio-psicologica-emergencies-sanitaries\\\/#primaryimage\",\"url\":\"https:\\\/\\\/eoc.cat\\\/wp-content\\\/uploads\\\/2021\\\/07\\\/a-psicologica-emergencias.jpg\",\"contentUrl\":\"https:\\\/\\\/eoc.cat\\\/wp-content\\\/uploads\\\/2021\\\/07\\\/a-psicologica-emergencias.jpg\",\"width\":810,\"height\":513,\"caption\":\"atenci\u00f3n psicol\u00f3gica en emergencias\"},{\"@type\":\"BreadcrumbList\",\"@id\":\"https:\\\/\\\/eoc.cat\\\/ca\\\/atencio-psicologica-emergencies-sanitaries\\\/#breadcrumb\",\"itemListElement\":[{\"@type\":\"ListItem\",\"position\":1,\"name\":\"Portada\",\"item\":\"https:\\\/\\\/eoc.cat\\\/ca\\\/\"},{\"@type\":\"ListItem\",\"position\":2,\"name\":\"Principis de l&#8217;atenci\u00f3 psicol\u00f2gica en emerg\u00e8ncies sanit\u00e0ries\"}]},{\"@type\":\"WebSite\",\"@id\":\"https:\\\/\\\/eoc.cat\\\/#website\",\"url\":\"https:\\\/\\\/eoc.cat\\\/\",\"name\":\"Escola d'Oficis Catalunya\",\"description\":\"Escuela de formaci\u00f3n profesional para adultos y j\u00f3venes\",\"publisher\":{\"@id\":\"https:\\\/\\\/eoc.cat\\\/#organization\"},\"alternateName\":\"EOC\",\"potentialAction\":[{\"@type\":\"SearchAction\",\"target\":{\"@type\":\"EntryPoint\",\"urlTemplate\":\"https:\\\/\\\/eoc.cat\\\/?s={search_term_string}\"},\"query-input\":{\"@type\":\"PropertyValueSpecification\",\"valueRequired\":true,\"valueName\":\"search_term_string\"}}],\"inLanguage\":\"ca\"},{\"@type\":\"Organization\",\"@id\":\"https:\\\/\\\/eoc.cat\\\/#organization\",\"name\":\"Escola d'Oficis Catalunya\",\"alternateName\":\"EOC\",\"url\":\"https:\\\/\\\/eoc.cat\\\/\",\"logo\":{\"@type\":\"ImageObject\",\"inLanguage\":\"ca\",\"@id\":\"https:\\\/\\\/eoc.cat\\\/#\\\/schema\\\/logo\\\/image\\\/\",\"url\":\"https:\\\/\\\/eoc.cat\\\/wp-content\\\/uploads\\\/2020\\\/12\\\/eoc-logotipo.png\",\"contentUrl\":\"https:\\\/\\\/eoc.cat\\\/wp-content\\\/uploads\\\/2020\\\/12\\\/eoc-logotipo.png\",\"width\":274,\"height\":118,\"caption\":\"Escola d'Oficis Catalunya\"},\"image\":{\"@id\":\"https:\\\/\\\/eoc.cat\\\/#\\\/schema\\\/logo\\\/image\\\/\"},\"sameAs\":[\"https:\\\/\\\/www.facebook.com\\\/EscoladOficisCatalunya\",\"https:\\\/\\\/x.com\\\/escoficat\",\"https:\\\/\\\/www.instagram.com\\\/escoladoficiscatalunya\\\/\",\"https:\\\/\\\/www.linkedin.com\\\/school\\\/escoladoficiscatalunya\\\/\",\"https:\\\/\\\/www.youtube.com\\\/channel\\\/UC_HLShkY7t1pf1CrXPw-gRQ\"]},{\"@type\":\"Person\",\"@id\":\"https:\\\/\\\/eoc.cat\\\/#\\\/schema\\\/person\\\/702649fa6e82a790042399ed7f67f79f\",\"name\":\"EOC\",\"image\":{\"@type\":\"ImageObject\",\"inLanguage\":\"ca\",\"@id\":\"https:\\\/\\\/secure.gravatar.com\\\/avatar\\\/db655658f91923a915562a010af881cf03bb56574b7e1241e9fa9ab684c7a9d0?s=96&r=g\",\"url\":\"https:\\\/\\\/secure.gravatar.com\\\/avatar\\\/db655658f91923a915562a010af881cf03bb56574b7e1241e9fa9ab684c7a9d0?s=96&r=g\",\"contentUrl\":\"https:\\\/\\\/secure.gravatar.com\\\/avatar\\\/db655658f91923a915562a010af881cf03bb56574b7e1241e9fa9ab684c7a9d0?s=96&r=g\",\"caption\":\"EOC\"},\"url\":\"https:\\\/\\\/eoc.cat\\\/ca\\\/author\\\/e0c93k1lk3\\\/\"}]}<\/script>\n<!-- \/ Yoast SEO plugin. -->","yoast_head_json":{"title":"Principis de l'atenci\u00f3 psicol\u00f2gica en emerg\u00e8ncies sanit\u00e0ries | EOC","description":"Els principis de l'atenci\u00f3 psicol\u00f2gica ofereixen les claus per a ajudar a superar les desgr\u00e0cies en casos d'emerg\u00e8ncies sanit\u00e0ries.","robots":{"index":"index","follow":"follow","max-snippet":"max-snippet:-1","max-image-preview":"max-image-preview:large","max-video-preview":"max-video-preview:-1"},"canonical":"https:\/\/eoc.cat\/ca\/atencio-psicologica-emergencies-sanitaries\/","og_locale":"ca_ES","og_type":"article","og_title":"Principis de l'atenci\u00f3 psicol\u00f2gica en emerg\u00e8ncies sanit\u00e0ries | EOC","og_description":"Els principis de l'atenci\u00f3 psicol\u00f2gica ofereixen les claus per a ajudar a superar les desgr\u00e0cies en casos d'emerg\u00e8ncies sanit\u00e0ries.","og_url":"https:\/\/eoc.cat\/ca\/atencio-psicologica-emergencies-sanitaries\/","og_site_name":"Escola d&#039;Oficis Catalunya","article_publisher":"https:\/\/www.facebook.com\/EscoladOficisCatalunya","article_published_time":"2021-07-26T07:00:43+00:00","article_modified_time":"2022-02-17T09:43:59+00:00","og_image":[{"width":810,"height":513,"url":"https:\/\/eoc.cat\/wp-content\/uploads\/2021\/07\/a-psicologica-emergencias.jpg","type":"image\/jpeg"}],"author":"EOC","twitter_card":"summary_large_image","twitter_title":"Principis de l'atenci\u00f3 psicol\u00f2gica en emerg\u00e8ncies sanit\u00e0ries | EOC","twitter_description":"Els principis de l'atenci\u00f3 psicol\u00f2gica ofereixen les claus per a ajudar a superar les desgr\u00e0cies en casos d'emerg\u00e8ncies sanit\u00e0ries.","twitter_image":"https:\/\/eoc.cat\/wp-content\/uploads\/2021\/07\/a-psicologica-emergencias.jpg","twitter_creator":"@escoficat","twitter_site":"@escoficat","schema":{"@context":"https:\/\/schema.org","@graph":[{"@type":"Article","@id":"https:\/\/eoc.cat\/ca\/atencio-psicologica-emergencies-sanitaries\/#article","isPartOf":{"@id":"https:\/\/eoc.cat\/ca\/atencio-psicologica-emergencies-sanitaries\/"},"author":{"name":"EOC","@id":"https:\/\/eoc.cat\/#\/schema\/person\/702649fa6e82a790042399ed7f67f79f"},"headline":"Principis de l&#8217;atenci\u00f3 psicol\u00f2gica en emerg\u00e8ncies sanit\u00e0ries","datePublished":"2021-07-26T07:00:43+00:00","dateModified":"2022-02-17T09:43:59+00:00","mainEntityOfPage":{"@id":"https:\/\/eoc.cat\/ca\/atencio-psicologica-emergencies-sanitaries\/"},"wordCount":919,"commentCount":0,"publisher":{"@id":"https:\/\/eoc.cat\/#organization"},"image":{"@id":"https:\/\/eoc.cat\/ca\/atencio-psicologica-emergencies-sanitaries\/#primaryimage"},"thumbnailUrl":"https:\/\/eoc.cat\/wp-content\/uploads\/2021\/07\/a-psicologica-emergencias.jpg","keywords":["auxiliar d'infermeria","auxiliar de quir\u00f2fan","emerg\u00e8ncies sanit\u00e0ries"],"articleSection":["T\u00e8cnic en emerg\u00e8ncies sanit\u00e0ries"],"inLanguage":"ca","potentialAction":[{"@type":"CommentAction","name":"Comment","target":["https:\/\/eoc.cat\/ca\/atencio-psicologica-emergencies-sanitaries\/#respond"]}]},{"@type":"WebPage","@id":"https:\/\/eoc.cat\/ca\/atencio-psicologica-emergencies-sanitaries\/","url":"https:\/\/eoc.cat\/ca\/atencio-psicologica-emergencies-sanitaries\/","name":"Principis de l'atenci\u00f3 psicol\u00f2gica en emerg\u00e8ncies sanit\u00e0ries | EOC","isPartOf":{"@id":"https:\/\/eoc.cat\/#website"},"primaryImageOfPage":{"@id":"https:\/\/eoc.cat\/ca\/atencio-psicologica-emergencies-sanitaries\/#primaryimage"},"image":{"@id":"https:\/\/eoc.cat\/ca\/atencio-psicologica-emergencies-sanitaries\/#primaryimage"},"thumbnailUrl":"https:\/\/eoc.cat\/wp-content\/uploads\/2021\/07\/a-psicologica-emergencias.jpg","datePublished":"2021-07-26T07:00:43+00:00","dateModified":"2022-02-17T09:43:59+00:00","description":"Els principis de l'atenci\u00f3 psicol\u00f2gica ofereixen les claus per a ajudar a superar les desgr\u00e0cies en casos d'emerg\u00e8ncies sanit\u00e0ries.","breadcrumb":{"@id":"https:\/\/eoc.cat\/ca\/atencio-psicologica-emergencies-sanitaries\/#breadcrumb"},"inLanguage":"ca","potentialAction":[{"@type":"ReadAction","target":["https:\/\/eoc.cat\/ca\/atencio-psicologica-emergencies-sanitaries\/"]}]},{"@type":"ImageObject","inLanguage":"ca","@id":"https:\/\/eoc.cat\/ca\/atencio-psicologica-emergencies-sanitaries\/#primaryimage","url":"https:\/\/eoc.cat\/wp-content\/uploads\/2021\/07\/a-psicologica-emergencias.jpg","contentUrl":"https:\/\/eoc.cat\/wp-content\/uploads\/2021\/07\/a-psicologica-emergencias.jpg","width":810,"height":513,"caption":"atenci\u00f3n psicol\u00f3gica en emergencias"},{"@type":"BreadcrumbList","@id":"https:\/\/eoc.cat\/ca\/atencio-psicologica-emergencies-sanitaries\/#breadcrumb","itemListElement":[{"@type":"ListItem","position":1,"name":"Portada","item":"https:\/\/eoc.cat\/ca\/"},{"@type":"ListItem","position":2,"name":"Principis de l&#8217;atenci\u00f3 psicol\u00f2gica en emerg\u00e8ncies sanit\u00e0ries"}]},{"@type":"WebSite","@id":"https:\/\/eoc.cat\/#website","url":"https:\/\/eoc.cat\/","name":"Escola d'Oficis Catalunya","description":"Escuela de formaci\u00f3n profesional para adultos y j\u00f3venes","publisher":{"@id":"https:\/\/eoc.cat\/#organization"},"alternateName":"EOC","potentialAction":[{"@type":"SearchAction","target":{"@type":"EntryPoint","urlTemplate":"https:\/\/eoc.cat\/?s={search_term_string}"},"query-input":{"@type":"PropertyValueSpecification","valueRequired":true,"valueName":"search_term_string"}}],"inLanguage":"ca"},{"@type":"Organization","@id":"https:\/\/eoc.cat\/#organization","name":"Escola d'Oficis Catalunya","alternateName":"EOC","url":"https:\/\/eoc.cat\/","logo":{"@type":"ImageObject","inLanguage":"ca","@id":"https:\/\/eoc.cat\/#\/schema\/logo\/image\/","url":"https:\/\/eoc.cat\/wp-content\/uploads\/2020\/12\/eoc-logotipo.png","contentUrl":"https:\/\/eoc.cat\/wp-content\/uploads\/2020\/12\/eoc-logotipo.png","width":274,"height":118,"caption":"Escola d'Oficis Catalunya"},"image":{"@id":"https:\/\/eoc.cat\/#\/schema\/logo\/image\/"},"sameAs":["https:\/\/www.facebook.com\/EscoladOficisCatalunya","https:\/\/x.com\/escoficat","https:\/\/www.instagram.com\/escoladoficiscatalunya\/","https:\/\/www.linkedin.com\/school\/escoladoficiscatalunya\/","https:\/\/www.youtube.com\/channel\/UC_HLShkY7t1pf1CrXPw-gRQ"]},{"@type":"Person","@id":"https:\/\/eoc.cat\/#\/schema\/person\/702649fa6e82a790042399ed7f67f79f","name":"EOC","image":{"@type":"ImageObject","inLanguage":"ca","@id":"https:\/\/secure.gravatar.com\/avatar\/db655658f91923a915562a010af881cf03bb56574b7e1241e9fa9ab684c7a9d0?s=96&r=g","url":"https:\/\/secure.gravatar.com\/avatar\/db655658f91923a915562a010af881cf03bb56574b7e1241e9fa9ab684c7a9d0?s=96&r=g","contentUrl":"https:\/\/secure.gravatar.com\/avatar\/db655658f91923a915562a010af881cf03bb56574b7e1241e9fa9ab684c7a9d0?s=96&r=g","caption":"EOC"},"url":"https:\/\/eoc.cat\/ca\/author\/e0c93k1lk3\/"}]}},"_links":{"self":[{"href":"https:\/\/eoc.cat\/ca\/wp-json\/wp\/v2\/posts\/10294","targetHints":{"allow":["GET"]}}],"collection":[{"href":"https:\/\/eoc.cat\/ca\/wp-json\/wp\/v2\/posts"}],"about":[{"href":"https:\/\/eoc.cat\/ca\/wp-json\/wp\/v2\/types\/post"}],"author":[{"embeddable":true,"href":"https:\/\/eoc.cat\/ca\/wp-json\/wp\/v2\/users\/7"}],"replies":[{"embeddable":true,"href":"https:\/\/eoc.cat\/ca\/wp-json\/wp\/v2\/comments?post=10294"}],"version-history":[{"count":4,"href":"https:\/\/eoc.cat\/ca\/wp-json\/wp\/v2\/posts\/10294\/revisions"}],"predecessor-version":[{"id":10299,"href":"https:\/\/eoc.cat\/ca\/wp-json\/wp\/v2\/posts\/10294\/revisions\/10299"}],"wp:featuredmedia":[{"embeddable":true,"href":"https:\/\/eoc.cat\/ca\/wp-json\/wp\/v2\/media\/9214"}],"wp:attachment":[{"href":"https:\/\/eoc.cat\/ca\/wp-json\/wp\/v2\/media?parent=10294"}],"wp:term":[{"taxonomy":"category","embeddable":true,"href":"https:\/\/eoc.cat\/ca\/wp-json\/wp\/v2\/categories?post=10294"},{"taxonomy":"post_tag","embeddable":true,"href":"https:\/\/eoc.cat\/ca\/wp-json\/wp\/v2\/tags?post=10294"}],"curies":[{"name":"wp","href":"https:\/\/api.w.org\/{rel}","templated":true}]}}