{"id":10422,"date":"2020-03-13T10:54:53","date_gmt":"2020-03-13T09:54:53","guid":{"rendered":"https:\/\/eoc.cat\/coronavirus-canino\/"},"modified":"2022-02-17T10:47:18","modified_gmt":"2022-02-17T09:47:18","slug":"coronavirus-cani","status":"publish","type":"post","link":"https:\/\/eoc.cat\/ca\/coronavirus-cani\/","title":{"rendered":"El coronavirus can\u00ed"},"content":{"rendered":"<p>Donada la preocupaci\u00f3 pel <strong>COVID-19<\/strong> volem donar-vos una <strong>informaci\u00f3 sobre el coronavirus can\u00ed<\/strong>. Ho fem per a intentar llan\u00e7ar llum sobre la relaci\u00f3 entre tots dos i treure-us de dubtes.<\/p>\n<p>En el m\u00f3n animal, existeix un coronavirus can\u00ed, que <strong>no t\u00e9 res a veure amb el COVID-19,<\/strong> malgrat el nom. Per aix\u00f2, hem de deixar clar que no existeix evid\u00e8ncia cient\u00edfica que els animals de companyia puguin patir ni transmetre el coronavirus de Wuhan.<\/p>\n<p>El COVID-19 \u00e9s ja una pand\u00e8mia mundial des que va apar\u00e8ixer a la ciutat xinesa de Wuhan. Per\u00f2, com diem, no hi ha evid\u00e8ncia cient\u00edfica de la seva pres\u00e8ncia en animals dom\u00e8stics. Per desgr\u00e0cia, a causa de la desinformaci\u00f3, en moltes ciutats de la Xina s&#8217;estan donant molts casos d&#8217;aband\u00f3 de mascotes.<\/p>\n<p>De tota manera, aqu\u00ed pots accedir a aquesta <a href=\"http:\/\/www.colvema.org\/WV_descargas\/3667CoronavirusyanimalesOK.pdf\">infografia realitzada pel Col\u00b7legi de Veterinaris de Madrid<\/a>, on ens donen consells sobre com actuar davant aquest nou virus i la cura de les nostres mascotes, principalment els gossos.<\/p>\n<p>Si vols saber quines malalties poden transmetre&#8217;ns els animals, en un altre article del nostre blog parlem de les <a href=\"https:\/\/eoc.cat\/enfermedades-transmitidas-por-mascotas\/\">malalties transmeses per mascotes<\/a>.<\/p>\n<h2>Qu\u00e8 \u00e9s el coronavirus can\u00ed exactament?<\/h2>\n<p>El coronavirus Can\u00ed (CVC), \u00e9s una <strong>malaltia viral intestinal i infecciosa<\/strong> que causa la in<strong>flamaci\u00f3 de l&#8217;intest\u00ed,<\/strong> a causa de la destrucci\u00f3 de les vellositats d&#8217;aquest. Principalment afecta a cadells perqu\u00e8 en n\u00e9ixer nom\u00e9s disposen de les defenses obtingudes per la llet materna i fins a les 6-8 setmanes no desenvolupen el seu propi sistema immunol\u00f2gic. La seva principal via de contagi \u00e9s el <strong>contacte feco-oral<\/strong>.<\/p>\n<h2>Quins s\u00f3n els s\u00edmptomes?<\/h2>\n<p>En primer lloc, has de saber que el per\u00edode d&#8217;incubaci\u00f3 \u00e9s de <strong>un a quatre dies<\/strong>. Despr\u00e9s, comencen a apar\u00e8ixer els <strong>s\u00edmptomes cl\u00ednics com s\u00f3n<\/strong>: anor\u00e8xia (p\u00e8rdua de pes), febre (hem de tenir en compte que la temperatura normal del gos \u00e9s de 39-39,3 \u00b0C), diarrea de color taronja-groguenca fins i tot pot arribar a ser sanguinolenta, v\u00f2mits, dolor en l&#8217;abdomen i deshidrataci\u00f3.<\/p>\n<p>Si et fixes b\u00e9, pots observar que els s\u00edmptomes s\u00f3n similars als de el <strong>parvovirus<\/strong>, una malaltia molt semblant i contagiosa que pot arribar a ser mortal.<\/p>\n<p>Si observes els s\u00edmptomes esmentats, el millor \u00e9s que <strong>acudeixis al veterinari<\/strong> per a descartar que la teva mascota pateixi una malaltia infecciosa.<\/p>\n<p>A trav\u00e9s d&#8217;una prova molt senzilla i indolora, el veterinari pot valorar tant el parvovirus com el coronavirus.<\/p>\n<p><img loading=\"lazy\" decoding=\"async\" class=\"aligncenter wp-image-6832 size-full\" title=\"coronavirus gossos\" src=\"https:\/\/eoc.cat\/wp-content\/uploads\/2020\/03\/coronavirus-perros.jpg\" alt=\"coronavirus gossos\" width=\"810\" height=\"513\" srcset=\"https:\/\/eoc.cat\/wp-content\/uploads\/2020\/03\/coronavirus-perros.jpg 810w, https:\/\/eoc.cat\/wp-content\/uploads\/2020\/03\/coronavirus-perros-480x304.jpg 480w\" sizes=\"(min-width: 0px) and (max-width: 480px) 480px, (min-width: 481px) 810px, 100vw\" \/><\/p>\n<h2>Existeix tractament?<\/h2>\n<p>El <strong>tractament<\/strong> \u00e9s simptom\u00e0tic, ja que <strong>no hi ha una cura espec\u00edfica<\/strong>. Per tant, el veterinari valorar\u00e0 el tractament segons el cas i la gravetat dels s\u00edmptomes. Aquest pot ser:<\/p>\n<ul>\n<li><strong>Estimulants de l&#8217;apetit<\/strong>: Hem de tenir en compte que aquests animals no mengen a l&#8217;inici de la malaltia pel que el veterinari determina quan \u00e9s necessari administrar aquest tractament i pugui ingerir aliments via oral.<\/li>\n<li><strong>Fluids<\/strong>: Si presenta una important <strong>deshidrataci\u00f3<\/strong> a causa dels v\u00f2mits o de la cont\u00ednua diarrea, el m\u00e9s convenient \u00e9s que es reposi amb fluids.<\/li>\n<li><strong>Antivirals<\/strong>: Lluiten contra la c\u00e0rrega v\u00edrica.<\/li>\n<li><strong>Antibi\u00f2tics<\/strong>: Orientats a <strong>vigilar les infeccions secund\u00e0ries<\/strong> que pot provocar el virus.<\/li>\n<li><strong>Procin\u00e8tics<\/strong>: F\u00e0rmacs que se centren en la millora del tracte gastrointestinal, incloent els protectors de la mucosa g\u00e0strica, els antidiarreics i els antiem\u00e8tics.<\/li>\n<\/ul>\n<p>Recorda que, per a utilitzar algun d&#8217;aquests tractaments farmacol\u00f2gics, \u00e9s imprescindible seguir <strong>indicacions i pautes<\/strong> del responsable veterinari.<\/p>\n<h2>Vacuna contra el coronavirus can\u00ed<\/h2>\n<p>Com hem dit, en tractar-se de <strong>proc\u00e9s v\u00edric, no existeix una cura per a el CVC<\/strong>. Hi ha una vacuna, per\u00f2 no es coneix amb certesa l&#8217;efic\u00e0cia d&#8217;aquesta, per la qual cosa en l&#8217;actualitat no se sol vacunar a les nostres mascotes. Pel contrari, el parvovirus, s\u00ed que t\u00e9 una vacuna efica\u00e7.<\/p>\n<p>La millor manera de prevenir-ho \u00e9s mantenir als cadells a casa fins que hagin complert amb el pla vacunal que els veterinaris hem de recomanar. Aix\u00ed com evitar el contacte amb altres gossos no vacunats.<\/p>\n<h2>Com es contagia?<\/h2>\n<p>En primer lloc, el virus \u00e9s expulsat mitjan\u00e7ant la femta, per la qual cosa la via de contagi \u00e9s la denominada <strong>ruta oro-fecal<\/strong>. Aix\u00f2 significa que es transmet quan l&#8217;animal ingereix el virus directament de la femta o del s\u00f2l contaminat.<\/p>\n<p>Per aquest motiu, els canins amb m\u00e9s risc s\u00f3n aquells que presenten un comportament bastant alterat. M\u00e9s concretament, aquells que tenen <a href=\"https:\/\/www.etologiaveterinaria.net\/la-coprofagia-o-por-qu%C3%A9-mi-perro-se-come-las-cacas\/\">coprof\u00e0gia<\/a>, \u00e9s a dir, que ingereixen de manera volunt\u00e0ria la femta.<\/p>\n<p>Una vegada que aquest tipus de virus ja est\u00e0 en l&#8217;organisme de l&#8217;animal i s&#8217;ha complert el per\u00edode d&#8217;incubaci\u00f3, comen\u00e7a la seva tasca atacant a els <strong>microvellositats de l&#8217;intest\u00ed<\/strong> (unes petites estructures fonamentals per a l&#8217;absorci\u00f3 dels nutrients). Una vegada all\u00ed, es produeix la <strong>inflamaci\u00f3 de l&#8217;aparell digestiu<\/strong> i apareix la <strong>diarrea<\/strong>.<\/p>\n<p>En definitiva, el <strong>coronavirus can\u00ed<\/strong> \u00e9s una malaltia v\u00edrica que pot causar infeccions en qualsevol gos i que es contagia per contacte oral amb mat\u00e8ria fecal infectada. Esperem que aquest post serveixi d&#8217;ajuda als nostres estudiants de <a href=\"https:\/\/eoc.cat\/ca\/curs-auxiliar-tecnic-veterinaria\/\">formacions de ATV<\/a>, per a entendre una mica millor el funcionament d&#8217;aquest virus.<\/p>\n","protected":false},"excerpt":{"rendered":"<p>Donada la preocupaci\u00f3 pel COVID-19 volem donar-vos una informaci\u00f3 sobre el coronavirus can\u00ed. Ho fem per a intentar llan\u00e7ar llum sobre la relaci\u00f3 entre tots dos i treure-us de dubtes. En el m\u00f3n animal, existeix un coronavirus can\u00ed, que no t\u00e9 res a veure amb el COVID-19, malgrat el nom. Per aix\u00f2, hem de deixar [&hellip;]<\/p>\n","protected":false},"author":7,"featured_media":6831,"comment_status":"open","ping_status":"open","sticky":false,"template":"","format":"standard","meta":{"_et_pb_use_builder":"","_et_pb_old_content":"","_et_gb_content_width":"","footnotes":""},"categories":[103],"tags":[98,95,128,120],"class_list":["post-10422","post","type-post","status-publish","format-standard","has-post-thumbnail","hentry","category-auxiliar-tecnic-veterinaria","tag-auxiliar-veterinaria","tag-educacio-canina","tag-fisioterapia-veterinaria","tag-rehabilitacio-veterinaria"],"yoast_head":"<!-- This site is optimized with the Yoast SEO plugin v27.5 - https:\/\/yoast.com\/product\/yoast-seo-wordpress\/ -->\n<title>El coronavirus can\u00ed | EOC escola de formaci\u00f3 veterin\u00e0ria<\/title>\n<meta name=\"description\" content=\"El coronavirus can\u00ed \u00e9s una malaltia viral intestinal infecciosa que causa la inflamaci\u00f3 de l&#039;intest\u00ed dels gossos.\" \/>\n<meta name=\"robots\" content=\"index, follow, max-snippet:-1, max-image-preview:large, max-video-preview:-1\" \/>\n<link rel=\"canonical\" href=\"https:\/\/eoc.cat\/ca\/coronavirus-cani\/\" \/>\n<meta property=\"og:locale\" content=\"ca_ES\" \/>\n<meta property=\"og:type\" content=\"article\" \/>\n<meta property=\"og:title\" content=\"El coronavirus can\u00ed | EOC escola de formaci\u00f3 veterin\u00e0ria\" \/>\n<meta property=\"og:description\" content=\"El coronavirus can\u00ed \u00e9s una malaltia viral intestinal infecciosa que causa la inflamaci\u00f3 de l&#039;intest\u00ed dels gossos.\" \/>\n<meta property=\"og:url\" content=\"https:\/\/eoc.cat\/ca\/coronavirus-cani\/\" \/>\n<meta property=\"og:site_name\" content=\"Escola d&#039;Oficis Catalunya\" \/>\n<meta property=\"article:publisher\" content=\"https:\/\/www.facebook.com\/EscoladOficisCatalunya\" \/>\n<meta property=\"article:published_time\" content=\"2020-03-13T09:54:53+00:00\" \/>\n<meta property=\"article:modified_time\" content=\"2022-02-17T09:47:18+00:00\" \/>\n<meta property=\"og:image\" content=\"https:\/\/eoc.cat\/wp-content\/uploads\/2020\/03\/coronavirus-canino.jpg\" \/>\n\t<meta property=\"og:image:width\" content=\"810\" \/>\n\t<meta property=\"og:image:height\" content=\"513\" \/>\n\t<meta property=\"og:image:type\" content=\"image\/jpeg\" \/>\n<meta name=\"author\" content=\"EOC\" \/>\n<meta name=\"twitter:card\" content=\"summary_large_image\" \/>\n<meta name=\"twitter:title\" content=\"El coronavirus can\u00ed | EOC escola de formaci\u00f3 veterin\u00e0ria\" \/>\n<meta name=\"twitter:description\" content=\"El coronavirus can\u00ed \u00e9s una malaltia viral intestinal infecciosa que causa la inflamaci\u00f3 de l&#039;intest\u00ed dels gossos.\" \/>\n<meta name=\"twitter:image\" content=\"https:\/\/eoc.cat\/wp-content\/uploads\/2020\/03\/coronavirus-canino.jpg\" \/>\n<meta name=\"twitter:creator\" content=\"@escoficat\" \/>\n<meta name=\"twitter:site\" content=\"@escoficat\" \/>\n<script type=\"application\/ld+json\" class=\"yoast-schema-graph\">{\"@context\":\"https:\\\/\\\/schema.org\",\"@graph\":[{\"@type\":\"Article\",\"@id\":\"https:\\\/\\\/eoc.cat\\\/ca\\\/coronavirus-cani\\\/#article\",\"isPartOf\":{\"@id\":\"https:\\\/\\\/eoc.cat\\\/ca\\\/coronavirus-cani\\\/\"},\"author\":{\"name\":\"EOC\",\"@id\":\"https:\\\/\\\/eoc.cat\\\/#\\\/schema\\\/person\\\/702649fa6e82a790042399ed7f67f79f\"},\"headline\":\"El coronavirus can\u00ed\",\"datePublished\":\"2020-03-13T09:54:53+00:00\",\"dateModified\":\"2022-02-17T09:47:18+00:00\",\"mainEntityOfPage\":{\"@id\":\"https:\\\/\\\/eoc.cat\\\/ca\\\/coronavirus-cani\\\/\"},\"wordCount\":899,\"commentCount\":0,\"publisher\":{\"@id\":\"https:\\\/\\\/eoc.cat\\\/#organization\"},\"image\":{\"@id\":\"https:\\\/\\\/eoc.cat\\\/ca\\\/coronavirus-cani\\\/#primaryimage\"},\"thumbnailUrl\":\"https:\\\/\\\/eoc.cat\\\/wp-content\\\/uploads\\\/2020\\\/03\\\/coronavirus-canino.jpg\",\"keywords\":[\"auxiliar de veterin\u00e0ria\",\"educaci\u00f3 canina\",\"fisioter\u00e0pia veterin\u00e0ria\",\"rehabilitaci\u00f3 veterin\u00e0ria\"],\"articleSection\":[\"Auxiliar t\u00e8cnic de veterin\u00e0ria\"],\"inLanguage\":\"ca\",\"potentialAction\":[{\"@type\":\"CommentAction\",\"name\":\"Comment\",\"target\":[\"https:\\\/\\\/eoc.cat\\\/ca\\\/coronavirus-cani\\\/#respond\"]}]},{\"@type\":\"WebPage\",\"@id\":\"https:\\\/\\\/eoc.cat\\\/ca\\\/coronavirus-cani\\\/\",\"url\":\"https:\\\/\\\/eoc.cat\\\/ca\\\/coronavirus-cani\\\/\",\"name\":\"El coronavirus can\u00ed | EOC escola de formaci\u00f3 veterin\u00e0ria\",\"isPartOf\":{\"@id\":\"https:\\\/\\\/eoc.cat\\\/#website\"},\"primaryImageOfPage\":{\"@id\":\"https:\\\/\\\/eoc.cat\\\/ca\\\/coronavirus-cani\\\/#primaryimage\"},\"image\":{\"@id\":\"https:\\\/\\\/eoc.cat\\\/ca\\\/coronavirus-cani\\\/#primaryimage\"},\"thumbnailUrl\":\"https:\\\/\\\/eoc.cat\\\/wp-content\\\/uploads\\\/2020\\\/03\\\/coronavirus-canino.jpg\",\"datePublished\":\"2020-03-13T09:54:53+00:00\",\"dateModified\":\"2022-02-17T09:47:18+00:00\",\"description\":\"El coronavirus can\u00ed \u00e9s una malaltia viral intestinal infecciosa que causa la inflamaci\u00f3 de l'intest\u00ed dels gossos.\",\"breadcrumb\":{\"@id\":\"https:\\\/\\\/eoc.cat\\\/ca\\\/coronavirus-cani\\\/#breadcrumb\"},\"inLanguage\":\"ca\",\"potentialAction\":[{\"@type\":\"ReadAction\",\"target\":[\"https:\\\/\\\/eoc.cat\\\/ca\\\/coronavirus-cani\\\/\"]}]},{\"@type\":\"ImageObject\",\"inLanguage\":\"ca\",\"@id\":\"https:\\\/\\\/eoc.cat\\\/ca\\\/coronavirus-cani\\\/#primaryimage\",\"url\":\"https:\\\/\\\/eoc.cat\\\/wp-content\\\/uploads\\\/2020\\\/03\\\/coronavirus-canino.jpg\",\"contentUrl\":\"https:\\\/\\\/eoc.cat\\\/wp-content\\\/uploads\\\/2020\\\/03\\\/coronavirus-canino.jpg\",\"width\":810,\"height\":513,\"caption\":\"coronavirus canino\"},{\"@type\":\"BreadcrumbList\",\"@id\":\"https:\\\/\\\/eoc.cat\\\/ca\\\/coronavirus-cani\\\/#breadcrumb\",\"itemListElement\":[{\"@type\":\"ListItem\",\"position\":1,\"name\":\"Portada\",\"item\":\"https:\\\/\\\/eoc.cat\\\/ca\\\/\"},{\"@type\":\"ListItem\",\"position\":2,\"name\":\"El coronavirus can\u00ed\"}]},{\"@type\":\"WebSite\",\"@id\":\"https:\\\/\\\/eoc.cat\\\/#website\",\"url\":\"https:\\\/\\\/eoc.cat\\\/\",\"name\":\"Escola d'Oficis Catalunya\",\"description\":\"Escuela de formaci\u00f3n profesional para adultos y j\u00f3venes\",\"publisher\":{\"@id\":\"https:\\\/\\\/eoc.cat\\\/#organization\"},\"alternateName\":\"EOC\",\"potentialAction\":[{\"@type\":\"SearchAction\",\"target\":{\"@type\":\"EntryPoint\",\"urlTemplate\":\"https:\\\/\\\/eoc.cat\\\/?s={search_term_string}\"},\"query-input\":{\"@type\":\"PropertyValueSpecification\",\"valueRequired\":true,\"valueName\":\"search_term_string\"}}],\"inLanguage\":\"ca\"},{\"@type\":\"Organization\",\"@id\":\"https:\\\/\\\/eoc.cat\\\/#organization\",\"name\":\"Escola d'Oficis Catalunya\",\"alternateName\":\"EOC\",\"url\":\"https:\\\/\\\/eoc.cat\\\/\",\"logo\":{\"@type\":\"ImageObject\",\"inLanguage\":\"ca\",\"@id\":\"https:\\\/\\\/eoc.cat\\\/#\\\/schema\\\/logo\\\/image\\\/\",\"url\":\"https:\\\/\\\/eoc.cat\\\/wp-content\\\/uploads\\\/2020\\\/12\\\/eoc-logotipo.png\",\"contentUrl\":\"https:\\\/\\\/eoc.cat\\\/wp-content\\\/uploads\\\/2020\\\/12\\\/eoc-logotipo.png\",\"width\":274,\"height\":118,\"caption\":\"Escola d'Oficis Catalunya\"},\"image\":{\"@id\":\"https:\\\/\\\/eoc.cat\\\/#\\\/schema\\\/logo\\\/image\\\/\"},\"sameAs\":[\"https:\\\/\\\/www.facebook.com\\\/EscoladOficisCatalunya\",\"https:\\\/\\\/x.com\\\/escoficat\",\"https:\\\/\\\/www.instagram.com\\\/escoladoficiscatalunya\\\/\",\"https:\\\/\\\/www.linkedin.com\\\/school\\\/escoladoficiscatalunya\\\/\",\"https:\\\/\\\/www.youtube.com\\\/channel\\\/UC_HLShkY7t1pf1CrXPw-gRQ\"]},{\"@type\":\"Person\",\"@id\":\"https:\\\/\\\/eoc.cat\\\/#\\\/schema\\\/person\\\/702649fa6e82a790042399ed7f67f79f\",\"name\":\"EOC\",\"image\":{\"@type\":\"ImageObject\",\"inLanguage\":\"ca\",\"@id\":\"https:\\\/\\\/secure.gravatar.com\\\/avatar\\\/db655658f91923a915562a010af881cf03bb56574b7e1241e9fa9ab684c7a9d0?s=96&r=g\",\"url\":\"https:\\\/\\\/secure.gravatar.com\\\/avatar\\\/db655658f91923a915562a010af881cf03bb56574b7e1241e9fa9ab684c7a9d0?s=96&r=g\",\"contentUrl\":\"https:\\\/\\\/secure.gravatar.com\\\/avatar\\\/db655658f91923a915562a010af881cf03bb56574b7e1241e9fa9ab684c7a9d0?s=96&r=g\",\"caption\":\"EOC\"},\"url\":\"https:\\\/\\\/eoc.cat\\\/ca\\\/author\\\/e0c93k1lk3\\\/\"}]}<\/script>\n<!-- \/ Yoast SEO plugin. -->","yoast_head_json":{"title":"El coronavirus can\u00ed | EOC escola de formaci\u00f3 veterin\u00e0ria","description":"El coronavirus can\u00ed \u00e9s una malaltia viral intestinal infecciosa que causa la inflamaci\u00f3 de l'intest\u00ed dels gossos.","robots":{"index":"index","follow":"follow","max-snippet":"max-snippet:-1","max-image-preview":"max-image-preview:large","max-video-preview":"max-video-preview:-1"},"canonical":"https:\/\/eoc.cat\/ca\/coronavirus-cani\/","og_locale":"ca_ES","og_type":"article","og_title":"El coronavirus can\u00ed | EOC escola de formaci\u00f3 veterin\u00e0ria","og_description":"El coronavirus can\u00ed \u00e9s una malaltia viral intestinal infecciosa que causa la inflamaci\u00f3 de l'intest\u00ed dels gossos.","og_url":"https:\/\/eoc.cat\/ca\/coronavirus-cani\/","og_site_name":"Escola d&#039;Oficis Catalunya","article_publisher":"https:\/\/www.facebook.com\/EscoladOficisCatalunya","article_published_time":"2020-03-13T09:54:53+00:00","article_modified_time":"2022-02-17T09:47:18+00:00","og_image":[{"width":810,"height":513,"url":"https:\/\/eoc.cat\/wp-content\/uploads\/2020\/03\/coronavirus-canino.jpg","type":"image\/jpeg"}],"author":"EOC","twitter_card":"summary_large_image","twitter_title":"El coronavirus can\u00ed | EOC escola de formaci\u00f3 veterin\u00e0ria","twitter_description":"El coronavirus can\u00ed \u00e9s una malaltia viral intestinal infecciosa que causa la inflamaci\u00f3 de l'intest\u00ed dels gossos.","twitter_image":"https:\/\/eoc.cat\/wp-content\/uploads\/2020\/03\/coronavirus-canino.jpg","twitter_creator":"@escoficat","twitter_site":"@escoficat","schema":{"@context":"https:\/\/schema.org","@graph":[{"@type":"Article","@id":"https:\/\/eoc.cat\/ca\/coronavirus-cani\/#article","isPartOf":{"@id":"https:\/\/eoc.cat\/ca\/coronavirus-cani\/"},"author":{"name":"EOC","@id":"https:\/\/eoc.cat\/#\/schema\/person\/702649fa6e82a790042399ed7f67f79f"},"headline":"El coronavirus can\u00ed","datePublished":"2020-03-13T09:54:53+00:00","dateModified":"2022-02-17T09:47:18+00:00","mainEntityOfPage":{"@id":"https:\/\/eoc.cat\/ca\/coronavirus-cani\/"},"wordCount":899,"commentCount":0,"publisher":{"@id":"https:\/\/eoc.cat\/#organization"},"image":{"@id":"https:\/\/eoc.cat\/ca\/coronavirus-cani\/#primaryimage"},"thumbnailUrl":"https:\/\/eoc.cat\/wp-content\/uploads\/2020\/03\/coronavirus-canino.jpg","keywords":["auxiliar de veterin\u00e0ria","educaci\u00f3 canina","fisioter\u00e0pia veterin\u00e0ria","rehabilitaci\u00f3 veterin\u00e0ria"],"articleSection":["Auxiliar t\u00e8cnic de veterin\u00e0ria"],"inLanguage":"ca","potentialAction":[{"@type":"CommentAction","name":"Comment","target":["https:\/\/eoc.cat\/ca\/coronavirus-cani\/#respond"]}]},{"@type":"WebPage","@id":"https:\/\/eoc.cat\/ca\/coronavirus-cani\/","url":"https:\/\/eoc.cat\/ca\/coronavirus-cani\/","name":"El coronavirus can\u00ed | EOC escola de formaci\u00f3 veterin\u00e0ria","isPartOf":{"@id":"https:\/\/eoc.cat\/#website"},"primaryImageOfPage":{"@id":"https:\/\/eoc.cat\/ca\/coronavirus-cani\/#primaryimage"},"image":{"@id":"https:\/\/eoc.cat\/ca\/coronavirus-cani\/#primaryimage"},"thumbnailUrl":"https:\/\/eoc.cat\/wp-content\/uploads\/2020\/03\/coronavirus-canino.jpg","datePublished":"2020-03-13T09:54:53+00:00","dateModified":"2022-02-17T09:47:18+00:00","description":"El coronavirus can\u00ed \u00e9s una malaltia viral intestinal infecciosa que causa la inflamaci\u00f3 de l'intest\u00ed dels gossos.","breadcrumb":{"@id":"https:\/\/eoc.cat\/ca\/coronavirus-cani\/#breadcrumb"},"inLanguage":"ca","potentialAction":[{"@type":"ReadAction","target":["https:\/\/eoc.cat\/ca\/coronavirus-cani\/"]}]},{"@type":"ImageObject","inLanguage":"ca","@id":"https:\/\/eoc.cat\/ca\/coronavirus-cani\/#primaryimage","url":"https:\/\/eoc.cat\/wp-content\/uploads\/2020\/03\/coronavirus-canino.jpg","contentUrl":"https:\/\/eoc.cat\/wp-content\/uploads\/2020\/03\/coronavirus-canino.jpg","width":810,"height":513,"caption":"coronavirus canino"},{"@type":"BreadcrumbList","@id":"https:\/\/eoc.cat\/ca\/coronavirus-cani\/#breadcrumb","itemListElement":[{"@type":"ListItem","position":1,"name":"Portada","item":"https:\/\/eoc.cat\/ca\/"},{"@type":"ListItem","position":2,"name":"El coronavirus can\u00ed"}]},{"@type":"WebSite","@id":"https:\/\/eoc.cat\/#website","url":"https:\/\/eoc.cat\/","name":"Escola d'Oficis Catalunya","description":"Escuela de formaci\u00f3n profesional para adultos y j\u00f3venes","publisher":{"@id":"https:\/\/eoc.cat\/#organization"},"alternateName":"EOC","potentialAction":[{"@type":"SearchAction","target":{"@type":"EntryPoint","urlTemplate":"https:\/\/eoc.cat\/?s={search_term_string}"},"query-input":{"@type":"PropertyValueSpecification","valueRequired":true,"valueName":"search_term_string"}}],"inLanguage":"ca"},{"@type":"Organization","@id":"https:\/\/eoc.cat\/#organization","name":"Escola d'Oficis Catalunya","alternateName":"EOC","url":"https:\/\/eoc.cat\/","logo":{"@type":"ImageObject","inLanguage":"ca","@id":"https:\/\/eoc.cat\/#\/schema\/logo\/image\/","url":"https:\/\/eoc.cat\/wp-content\/uploads\/2020\/12\/eoc-logotipo.png","contentUrl":"https:\/\/eoc.cat\/wp-content\/uploads\/2020\/12\/eoc-logotipo.png","width":274,"height":118,"caption":"Escola d'Oficis Catalunya"},"image":{"@id":"https:\/\/eoc.cat\/#\/schema\/logo\/image\/"},"sameAs":["https:\/\/www.facebook.com\/EscoladOficisCatalunya","https:\/\/x.com\/escoficat","https:\/\/www.instagram.com\/escoladoficiscatalunya\/","https:\/\/www.linkedin.com\/school\/escoladoficiscatalunya\/","https:\/\/www.youtube.com\/channel\/UC_HLShkY7t1pf1CrXPw-gRQ"]},{"@type":"Person","@id":"https:\/\/eoc.cat\/#\/schema\/person\/702649fa6e82a790042399ed7f67f79f","name":"EOC","image":{"@type":"ImageObject","inLanguage":"ca","@id":"https:\/\/secure.gravatar.com\/avatar\/db655658f91923a915562a010af881cf03bb56574b7e1241e9fa9ab684c7a9d0?s=96&r=g","url":"https:\/\/secure.gravatar.com\/avatar\/db655658f91923a915562a010af881cf03bb56574b7e1241e9fa9ab684c7a9d0?s=96&r=g","contentUrl":"https:\/\/secure.gravatar.com\/avatar\/db655658f91923a915562a010af881cf03bb56574b7e1241e9fa9ab684c7a9d0?s=96&r=g","caption":"EOC"},"url":"https:\/\/eoc.cat\/ca\/author\/e0c93k1lk3\/"}]}},"_links":{"self":[{"href":"https:\/\/eoc.cat\/ca\/wp-json\/wp\/v2\/posts\/10422","targetHints":{"allow":["GET"]}}],"collection":[{"href":"https:\/\/eoc.cat\/ca\/wp-json\/wp\/v2\/posts"}],"about":[{"href":"https:\/\/eoc.cat\/ca\/wp-json\/wp\/v2\/types\/post"}],"author":[{"embeddable":true,"href":"https:\/\/eoc.cat\/ca\/wp-json\/wp\/v2\/users\/7"}],"replies":[{"embeddable":true,"href":"https:\/\/eoc.cat\/ca\/wp-json\/wp\/v2\/comments?post=10422"}],"version-history":[{"count":3,"href":"https:\/\/eoc.cat\/ca\/wp-json\/wp\/v2\/posts\/10422\/revisions"}],"predecessor-version":[{"id":10426,"href":"https:\/\/eoc.cat\/ca\/wp-json\/wp\/v2\/posts\/10422\/revisions\/10426"}],"wp:featuredmedia":[{"embeddable":true,"href":"https:\/\/eoc.cat\/ca\/wp-json\/wp\/v2\/media\/6831"}],"wp:attachment":[{"href":"https:\/\/eoc.cat\/ca\/wp-json\/wp\/v2\/media?parent=10422"}],"wp:term":[{"taxonomy":"category","embeddable":true,"href":"https:\/\/eoc.cat\/ca\/wp-json\/wp\/v2\/categories?post=10422"},{"taxonomy":"post_tag","embeddable":true,"href":"https:\/\/eoc.cat\/ca\/wp-json\/wp\/v2\/tags?post=10422"}],"curies":[{"name":"wp","href":"https:\/\/api.w.org\/{rel}","templated":true}]}}