{"id":10428,"date":"2020-03-10T09:40:16","date_gmt":"2020-03-10T08:40:16","guid":{"rendered":"https:\/\/eoc.cat\/literatura-infantil-educacion\/"},"modified":"2022-02-17T10:47:25","modified_gmt":"2022-02-17T09:47:25","slug":"literatura-infantil-educacio","status":"publish","type":"post","link":"https:\/\/eoc.cat\/ca\/literatura-infantil-educacio\/","title":{"rendered":"Literatura infantil per a l&#8217;educaci\u00f3"},"content":{"rendered":"<p>La <strong>literatura infantil per a l&#8217;educaci\u00f3<\/strong> \u00e9s un pilar fonamental en la formaci\u00f3 de l&#8217;alumne. Aquesta arribar\u00e0 a formar part de la seva visi\u00f3 cr\u00edtica cap a l&#8217;entorn. La literatura l&#8217;ajudar\u00e0 a trobar-te com a individu i a madurar en tots els contextos de la vida.<\/p>\n<h2>La literatura en l&#8217;educaci\u00f3 infantil<\/h2>\n<p>Lluny del que pensen molts adults, la literatura orientada a la inf\u00e0ncia \u00e9s capa\u00e7 de crear emocions. En veritat, aquest \u00e9s la fi i per aix\u00f2 \u00e9s tan necessari que la inculquis en els teus alumnes.<\/p>\n<p>En primer lloc, \u00e9s important explicar-los totes les aventures que poden descobrir a trav\u00e9s dels llibres. <strong>La literatura infantil est\u00e0 projectada com un joc<\/strong> en el qual els petits tenen facilitat per a veure&#8217;s identificats amb els protagonistes.<\/p>\n<p>En sentir-se importants, comencen a imaginar-se tots els mons que descriuen els personatges. Aquests paisatges solen ser, en molts dels casos, paratges incre\u00efbles, plens de m\u00e0gia, que aconsegueixen motivar per a continuar llegint.<\/p>\n<p>La <strong>motivaci\u00f3<\/strong> \u00e9s indispensable en la inf\u00e0ncia, ja que, a trav\u00e9s d&#8217;ella els petits aconsegueixen emmagatzemar m\u00e9s informaci\u00f3. Tingues en compte que el seu jove cervell pot absorbir moltes dades en un temps r\u00e8cord.<\/p>\n<p>Per tot l&#8217;anterior, la literatura infantil en l&#8217;educaci\u00f3 \u00e9s molt necess\u00e0ria perqu\u00e8 comencen a identificar emocions i paraules noves. Tamb\u00e9 comen\u00e7a a aflorar la valuosa curiositat, que els permet mantenir-se cr\u00edtics abans de res el que els envolta.<\/p>\n<h2>Altres beneficis de la literatura infantil per a l&#8217;educaci\u00f3<\/h2>\n<p>La import\u00e0ncia de la literatura durant la inf\u00e0ncia es tradueix en els beneficis que aquesta aporta als petits estudiants. Hem de tractar l&#8217;aspecte cultural, ja que el g\u00e8nere literari <strong>transmet la hist\u00f2ria i els costums d&#8217;un poble<\/strong>.<\/p>\n<h3>Acostament a la cultura en general<\/h3>\n<p>La cultura \u00e9s important perqu\u00e8 el menor es reconegui en la societat a la qual pertany. Per aix\u00f2, \u00e9s interessant que pugui llegir sobre el passat i el m\u00e9s pr\u00f2xim al present del seu context hist\u00f2ric i nacional.<\/p>\n<p>Com has pogut veure, la hist\u00f2ria va lligada necess\u00e0riament a la lectura. D&#8217;aquesta manera, s&#8217;acostar\u00e0 a altres mat\u00e8ries, com la filosofia, la geografia, la biologia, etc. En encuriosir-li en una lectura aconseguir\u00e0s que es motivi per a obrir altres llibres.<\/p>\n<h3>Els nens interessats a aprendre tendeixen a ser m\u00e9s emp\u00e0tics<\/h3>\n<p>Si t&#8217;has adonat una vegada m\u00e9s, la motivaci\u00f3 es converteix aix\u00ed en el centre de l&#8217;aprenentatge. Per motivaci\u00f3 es mou l&#8217;\u00e9sser hum\u00e0 i, per descomptat, el nen no \u00e9s diferent. Un nen motivat en l&#8217;aprenentatge trobar\u00e0 en el llibre un amic fidel.<\/p>\n<p>La lectura en la seva inf\u00e0ncia l&#8217;ajudar\u00e0 a con\u00e8ixer altres cultures, a m\u00e9s de la seva. Aix\u00f2 fa que empatitzi f\u00e0cilment amb altres regions i \u00e8tnies. En aquest context ser\u00e0 molt dif\u00edcil que el menor contregui sentiments negatius cap a altres persones.<\/p>\n<p>Com sempre s&#8217;ha dit, <strong><a href=\"https:\/\/ayudaenaccion.org\/ong\/blog\/derechos-humanos\/diferencias-racismo-xenofobia\/\">el racisme i la xenof\u00f2bia<\/a><\/strong> s\u00f3n problemes creats a trav\u00e9s de la ignor\u00e0ncia. Combatre-les \u00e9s possible mitjan\u00e7ant la lectura, especialment, durant la inf\u00e0ncia.<\/p>\n<p><img loading=\"lazy\" decoding=\"async\" class=\"aligncenter wp-image-6818 size-full\" title=\"lectura infantil\" src=\"https:\/\/eoc.cat\/wp-content\/uploads\/2020\/03\/lectura-infantil.jpg\" alt=\"lectura infantil\" width=\"810\" height=\"513\" srcset=\"https:\/\/eoc.cat\/wp-content\/uploads\/2020\/03\/lectura-infantil.jpg 810w, https:\/\/eoc.cat\/wp-content\/uploads\/2020\/03\/lectura-infantil-480x304.jpg 480w\" sizes=\"(min-width: 0px) and (max-width: 480px) 480px, (min-width: 481px) 810px, 100vw\" \/><\/p>\n<h2>L&#8217;humor com un sistema de defensa<\/h2>\n<p>L&#8217;humor tamb\u00e9 s&#8217;apr\u00e8n i resulta essencial per a l&#8217;\u00e9sser hum\u00e0. Per\u00f2 ha de parar-se esment a ell durant una edat primerenca. <strong>La literatura infantil sap manejar l&#8217;humor perfectament<\/strong>, ja que presenta al nen esdeveniments tr\u00e0gics a trav\u00e9s de dosis d&#8217;esdeveniments divertits.<\/p>\n<p>La trag\u00e8dia tamb\u00e9 forma part de la nostra vida i \u00e9s una lli\u00e7\u00f3 imprescindible que ha d&#8217;ensenyar-se als petits. L&#8217;objectiu \u00e9s que tinguin les eines per a defensar-se davant els fets naturals de la vida, com \u00e9s la mort.<\/p>\n<p>\u00d2bviament, no mostrarem als nens la mort com una cosa divertida, per\u00f2 s\u00ed que podrem tocar el tema d&#8217;una manera m\u00e9s amable. Que vagin assimilant aquests conceptes \u00e9s necessari, per aix\u00f2 es juga tamb\u00e9 amb el doble sentit que, a poc a poc, aniran descodificant.<\/p>\n<h2>Els g\u00e8neres literaris m\u00e9s adequats<\/h2>\n<p>Qualsevol g\u00e8nere \u00e9s adequat. La <strong>rondalla<\/strong> els pot cridar l&#8217;atenci\u00f3 en els primers anys de la seva educaci\u00f3. Aquesta, encara que va ser prevista tamb\u00e9 per a un lector madur, t\u00e9 com a objectiu acostar-se als menors. Amb ella poden entendre les lli\u00e7ons de la vida i com es veuran beneficiats a trav\u00e9s dels actes nobles.<\/p>\n<p>La rondalla \u00e9s el g\u00e8nere m\u00e9s utilitzat pels professionals de<strong> <a href=\"https:\/\/eoc.cat\/ca\/curs-auxiliar-llar-infants\/\">l&#8217;educaci\u00f3 infantil<\/a><\/strong>, sense cap dubte. Tingues en compte que el conte est\u00e0 associat al menor, ja que li permet fantasiar amb llocs incre\u00efbles. L&#8217;ajuda a jugar a trav\u00e9s de les seves hist\u00f2ries, recreant el llegit. El nen acaba <strong>projectant la seva imaginaci\u00f3 i activant la seva creativitat<\/strong>.<\/p>\n<p>La novel\u00b7la \u00e9s un pas m\u00e9s. La saga de <strong>Harry Potter<\/strong> pot ser un encert, encara en petits que s&#8217;inicien en la lectura. Existeixen obres adaptades als menors, com \u00e9s el cas de <strong>El Quixot<\/strong>, que s\u00f3n una excel\u00b7lent opci\u00f3.<\/p>\n<p>La poesia \u00e9s una altra de les opcions que tens. Representa la cultura d&#8217;una societat. Si vols fomentar la poesia, inicia als petits amb els t\u00edtols de <a href=\"http:\/\/www.gloriafuertes.org\/\">Gloria Fuertes<\/a>, que dedica expressament els seus continguts al p\u00fablic infantil.<\/p>\n<p>La literatura infantil per a l&#8217;educaci\u00f3 \u00e9s fonamental per a crear a nens interessats per l&#8217;aprenentatge. \u00c9s molt necessari fomentar la lectura des de la inf\u00e0ncia.<\/p>\n","protected":false},"excerpt":{"rendered":"<p>La literatura infantil per a l&#8217;educaci\u00f3 \u00e9s un pilar fonamental en la formaci\u00f3 de l&#8217;alumne. Aquesta arribar\u00e0 a formar part de la seva visi\u00f3 cr\u00edtica cap a l&#8217;entorn. La literatura l&#8217;ajudar\u00e0 a trobar-te com a individu i a madurar en tots els contextos de la vida. La literatura en l&#8217;educaci\u00f3 infantil Lluny del que pensen [&hellip;]<\/p>\n","protected":false},"author":7,"featured_media":6817,"comment_status":"open","ping_status":"open","sticky":false,"template":"","format":"standard","meta":{"_et_pb_use_builder":"","_et_pb_old_content":"","_et_gb_content_width":"","footnotes":""},"categories":[112,85],"tags":[86,87],"class_list":["post-10428","post","type-post","status-publish","format-standard","has-post-thumbnail","hentry","category-educacio-infantil","category-llar-infants","tag-educacio-infantil","tag-llar-infants"],"yoast_head":"<!-- This site is optimized with the Yoast SEO plugin v27.4 - https:\/\/yoast.com\/product\/yoast-seo-wordpress\/ -->\n<title>Literatura infantil per a l&#039;educaci\u00f3 | EOC Barcelona<\/title>\n<meta name=\"description\" content=\"Fem un rep\u00e0s per les bases de la literatura infantil per a l&#039;educaci\u00f3. Fomentar la lectura des de petits \u00e9s indispensable.\" \/>\n<meta name=\"robots\" content=\"index, follow, max-snippet:-1, max-image-preview:large, max-video-preview:-1\" \/>\n<link rel=\"canonical\" href=\"https:\/\/eoc.cat\/ca\/literatura-infantil-educacio\/\" \/>\n<meta property=\"og:locale\" content=\"ca_ES\" \/>\n<meta property=\"og:type\" content=\"article\" \/>\n<meta property=\"og:title\" content=\"Literatura infantil per a l&#039;educaci\u00f3 | EOC Barcelona\" \/>\n<meta property=\"og:description\" content=\"Fem un rep\u00e0s per les bases de la literatura infantil per a l&#039;educaci\u00f3. Fomentar la lectura des de petits \u00e9s indispensable.\" \/>\n<meta property=\"og:url\" content=\"https:\/\/eoc.cat\/ca\/literatura-infantil-educacio\/\" \/>\n<meta property=\"og:site_name\" content=\"Escola d&#039;Oficis Catalunya\" \/>\n<meta property=\"article:publisher\" content=\"https:\/\/www.facebook.com\/EscoladOficisCatalunya\" \/>\n<meta property=\"article:published_time\" content=\"2020-03-10T08:40:16+00:00\" \/>\n<meta property=\"article:modified_time\" content=\"2022-02-17T09:47:25+00:00\" \/>\n<meta property=\"og:image\" content=\"https:\/\/eoc.cat\/wp-content\/uploads\/2020\/03\/literatura-infantil.jpg\" \/>\n\t<meta property=\"og:image:width\" content=\"810\" \/>\n\t<meta property=\"og:image:height\" content=\"513\" \/>\n\t<meta property=\"og:image:type\" content=\"image\/jpeg\" \/>\n<meta name=\"author\" content=\"EOC\" \/>\n<meta name=\"twitter:card\" content=\"summary_large_image\" \/>\n<meta name=\"twitter:title\" content=\"Literatura infantil per a l&#039;educaci\u00f3 | EOC Barcelona\" \/>\n<meta name=\"twitter:description\" content=\"Fem un rep\u00e0s per les bases de la literatura infantil per a l&#039;educaci\u00f3. Fomentar la lectura des de petits \u00e9s indispensable.\" \/>\n<meta name=\"twitter:image\" content=\"https:\/\/eoc.cat\/wp-content\/uploads\/2020\/03\/literatura-infantil.jpg\" \/>\n<meta name=\"twitter:creator\" content=\"@escoficat\" \/>\n<meta name=\"twitter:site\" content=\"@escoficat\" \/>\n<script type=\"application\/ld+json\" class=\"yoast-schema-graph\">{\"@context\":\"https:\\\/\\\/schema.org\",\"@graph\":[{\"@type\":\"Article\",\"@id\":\"https:\\\/\\\/eoc.cat\\\/ca\\\/literatura-infantil-educacio\\\/#article\",\"isPartOf\":{\"@id\":\"https:\\\/\\\/eoc.cat\\\/ca\\\/literatura-infantil-educacio\\\/\"},\"author\":{\"name\":\"EOC\",\"@id\":\"https:\\\/\\\/eoc.cat\\\/#\\\/schema\\\/person\\\/702649fa6e82a790042399ed7f67f79f\"},\"headline\":\"Literatura infantil per a l&#8217;educaci\u00f3\",\"datePublished\":\"2020-03-10T08:40:16+00:00\",\"dateModified\":\"2022-02-17T09:47:25+00:00\",\"mainEntityOfPage\":{\"@id\":\"https:\\\/\\\/eoc.cat\\\/ca\\\/literatura-infantil-educacio\\\/\"},\"wordCount\":935,\"commentCount\":0,\"publisher\":{\"@id\":\"https:\\\/\\\/eoc.cat\\\/#organization\"},\"image\":{\"@id\":\"https:\\\/\\\/eoc.cat\\\/ca\\\/literatura-infantil-educacio\\\/#primaryimage\"},\"thumbnailUrl\":\"https:\\\/\\\/eoc.cat\\\/wp-content\\\/uploads\\\/2020\\\/03\\\/literatura-infantil.jpg\",\"keywords\":[\"educaci\u00f3 infantil\",\"llar d'infants\"],\"articleSection\":[\"Educaci\u00f3 infantil\",\"Llar d'infants\"],\"inLanguage\":\"ca\",\"potentialAction\":[{\"@type\":\"CommentAction\",\"name\":\"Comment\",\"target\":[\"https:\\\/\\\/eoc.cat\\\/ca\\\/literatura-infantil-educacio\\\/#respond\"]}]},{\"@type\":\"WebPage\",\"@id\":\"https:\\\/\\\/eoc.cat\\\/ca\\\/literatura-infantil-educacio\\\/\",\"url\":\"https:\\\/\\\/eoc.cat\\\/ca\\\/literatura-infantil-educacio\\\/\",\"name\":\"Literatura infantil per a l'educaci\u00f3 | EOC Barcelona\",\"isPartOf\":{\"@id\":\"https:\\\/\\\/eoc.cat\\\/#website\"},\"primaryImageOfPage\":{\"@id\":\"https:\\\/\\\/eoc.cat\\\/ca\\\/literatura-infantil-educacio\\\/#primaryimage\"},\"image\":{\"@id\":\"https:\\\/\\\/eoc.cat\\\/ca\\\/literatura-infantil-educacio\\\/#primaryimage\"},\"thumbnailUrl\":\"https:\\\/\\\/eoc.cat\\\/wp-content\\\/uploads\\\/2020\\\/03\\\/literatura-infantil.jpg\",\"datePublished\":\"2020-03-10T08:40:16+00:00\",\"dateModified\":\"2022-02-17T09:47:25+00:00\",\"description\":\"Fem un rep\u00e0s per les bases de la literatura infantil per a l'educaci\u00f3. Fomentar la lectura des de petits \u00e9s indispensable.\",\"breadcrumb\":{\"@id\":\"https:\\\/\\\/eoc.cat\\\/ca\\\/literatura-infantil-educacio\\\/#breadcrumb\"},\"inLanguage\":\"ca\",\"potentialAction\":[{\"@type\":\"ReadAction\",\"target\":[\"https:\\\/\\\/eoc.cat\\\/ca\\\/literatura-infantil-educacio\\\/\"]}]},{\"@type\":\"ImageObject\",\"inLanguage\":\"ca\",\"@id\":\"https:\\\/\\\/eoc.cat\\\/ca\\\/literatura-infantil-educacio\\\/#primaryimage\",\"url\":\"https:\\\/\\\/eoc.cat\\\/wp-content\\\/uploads\\\/2020\\\/03\\\/literatura-infantil.jpg\",\"contentUrl\":\"https:\\\/\\\/eoc.cat\\\/wp-content\\\/uploads\\\/2020\\\/03\\\/literatura-infantil.jpg\",\"width\":810,\"height\":513,\"caption\":\"literatura infantil para la educaci\u00f3n\"},{\"@type\":\"BreadcrumbList\",\"@id\":\"https:\\\/\\\/eoc.cat\\\/ca\\\/literatura-infantil-educacio\\\/#breadcrumb\",\"itemListElement\":[{\"@type\":\"ListItem\",\"position\":1,\"name\":\"Portada\",\"item\":\"https:\\\/\\\/eoc.cat\\\/ca\\\/\"},{\"@type\":\"ListItem\",\"position\":2,\"name\":\"Literatura infantil per a l&#8217;educaci\u00f3\"}]},{\"@type\":\"WebSite\",\"@id\":\"https:\\\/\\\/eoc.cat\\\/#website\",\"url\":\"https:\\\/\\\/eoc.cat\\\/\",\"name\":\"Escola d'Oficis Catalunya\",\"description\":\"Escuela de formaci\u00f3n profesional para adultos y j\u00f3venes\",\"publisher\":{\"@id\":\"https:\\\/\\\/eoc.cat\\\/#organization\"},\"alternateName\":\"EOC\",\"potentialAction\":[{\"@type\":\"SearchAction\",\"target\":{\"@type\":\"EntryPoint\",\"urlTemplate\":\"https:\\\/\\\/eoc.cat\\\/?s={search_term_string}\"},\"query-input\":{\"@type\":\"PropertyValueSpecification\",\"valueRequired\":true,\"valueName\":\"search_term_string\"}}],\"inLanguage\":\"ca\"},{\"@type\":\"Organization\",\"@id\":\"https:\\\/\\\/eoc.cat\\\/#organization\",\"name\":\"Escola d'Oficis Catalunya\",\"alternateName\":\"EOC\",\"url\":\"https:\\\/\\\/eoc.cat\\\/\",\"logo\":{\"@type\":\"ImageObject\",\"inLanguage\":\"ca\",\"@id\":\"https:\\\/\\\/eoc.cat\\\/#\\\/schema\\\/logo\\\/image\\\/\",\"url\":\"https:\\\/\\\/eoc.cat\\\/wp-content\\\/uploads\\\/2020\\\/12\\\/eoc-logotipo.png\",\"contentUrl\":\"https:\\\/\\\/eoc.cat\\\/wp-content\\\/uploads\\\/2020\\\/12\\\/eoc-logotipo.png\",\"width\":274,\"height\":118,\"caption\":\"Escola d'Oficis Catalunya\"},\"image\":{\"@id\":\"https:\\\/\\\/eoc.cat\\\/#\\\/schema\\\/logo\\\/image\\\/\"},\"sameAs\":[\"https:\\\/\\\/www.facebook.com\\\/EscoladOficisCatalunya\",\"https:\\\/\\\/x.com\\\/escoficat\",\"https:\\\/\\\/www.instagram.com\\\/escoladoficiscatalunya\\\/\",\"https:\\\/\\\/www.linkedin.com\\\/school\\\/escoladoficiscatalunya\\\/\",\"https:\\\/\\\/www.youtube.com\\\/channel\\\/UC_HLShkY7t1pf1CrXPw-gRQ\"]},{\"@type\":\"Person\",\"@id\":\"https:\\\/\\\/eoc.cat\\\/#\\\/schema\\\/person\\\/702649fa6e82a790042399ed7f67f79f\",\"name\":\"EOC\",\"image\":{\"@type\":\"ImageObject\",\"inLanguage\":\"ca\",\"@id\":\"https:\\\/\\\/secure.gravatar.com\\\/avatar\\\/db655658f91923a915562a010af881cf03bb56574b7e1241e9fa9ab684c7a9d0?s=96&r=g\",\"url\":\"https:\\\/\\\/secure.gravatar.com\\\/avatar\\\/db655658f91923a915562a010af881cf03bb56574b7e1241e9fa9ab684c7a9d0?s=96&r=g\",\"contentUrl\":\"https:\\\/\\\/secure.gravatar.com\\\/avatar\\\/db655658f91923a915562a010af881cf03bb56574b7e1241e9fa9ab684c7a9d0?s=96&r=g\",\"caption\":\"EOC\"},\"url\":\"https:\\\/\\\/eoc.cat\\\/ca\\\/author\\\/e0c93k1lk3\\\/\"}]}<\/script>\n<!-- \/ Yoast SEO plugin. -->","yoast_head_json":{"title":"Literatura infantil per a l'educaci\u00f3 | EOC Barcelona","description":"Fem un rep\u00e0s per les bases de la literatura infantil per a l'educaci\u00f3. Fomentar la lectura des de petits \u00e9s indispensable.","robots":{"index":"index","follow":"follow","max-snippet":"max-snippet:-1","max-image-preview":"max-image-preview:large","max-video-preview":"max-video-preview:-1"},"canonical":"https:\/\/eoc.cat\/ca\/literatura-infantil-educacio\/","og_locale":"ca_ES","og_type":"article","og_title":"Literatura infantil per a l'educaci\u00f3 | EOC Barcelona","og_description":"Fem un rep\u00e0s per les bases de la literatura infantil per a l'educaci\u00f3. Fomentar la lectura des de petits \u00e9s indispensable.","og_url":"https:\/\/eoc.cat\/ca\/literatura-infantil-educacio\/","og_site_name":"Escola d&#039;Oficis Catalunya","article_publisher":"https:\/\/www.facebook.com\/EscoladOficisCatalunya","article_published_time":"2020-03-10T08:40:16+00:00","article_modified_time":"2022-02-17T09:47:25+00:00","og_image":[{"width":810,"height":513,"url":"https:\/\/eoc.cat\/wp-content\/uploads\/2020\/03\/literatura-infantil.jpg","type":"image\/jpeg"}],"author":"EOC","twitter_card":"summary_large_image","twitter_title":"Literatura infantil per a l'educaci\u00f3 | EOC Barcelona","twitter_description":"Fem un rep\u00e0s per les bases de la literatura infantil per a l'educaci\u00f3. Fomentar la lectura des de petits \u00e9s indispensable.","twitter_image":"https:\/\/eoc.cat\/wp-content\/uploads\/2020\/03\/literatura-infantil.jpg","twitter_creator":"@escoficat","twitter_site":"@escoficat","schema":{"@context":"https:\/\/schema.org","@graph":[{"@type":"Article","@id":"https:\/\/eoc.cat\/ca\/literatura-infantil-educacio\/#article","isPartOf":{"@id":"https:\/\/eoc.cat\/ca\/literatura-infantil-educacio\/"},"author":{"name":"EOC","@id":"https:\/\/eoc.cat\/#\/schema\/person\/702649fa6e82a790042399ed7f67f79f"},"headline":"Literatura infantil per a l&#8217;educaci\u00f3","datePublished":"2020-03-10T08:40:16+00:00","dateModified":"2022-02-17T09:47:25+00:00","mainEntityOfPage":{"@id":"https:\/\/eoc.cat\/ca\/literatura-infantil-educacio\/"},"wordCount":935,"commentCount":0,"publisher":{"@id":"https:\/\/eoc.cat\/#organization"},"image":{"@id":"https:\/\/eoc.cat\/ca\/literatura-infantil-educacio\/#primaryimage"},"thumbnailUrl":"https:\/\/eoc.cat\/wp-content\/uploads\/2020\/03\/literatura-infantil.jpg","keywords":["educaci\u00f3 infantil","llar d'infants"],"articleSection":["Educaci\u00f3 infantil","Llar d'infants"],"inLanguage":"ca","potentialAction":[{"@type":"CommentAction","name":"Comment","target":["https:\/\/eoc.cat\/ca\/literatura-infantil-educacio\/#respond"]}]},{"@type":"WebPage","@id":"https:\/\/eoc.cat\/ca\/literatura-infantil-educacio\/","url":"https:\/\/eoc.cat\/ca\/literatura-infantil-educacio\/","name":"Literatura infantil per a l'educaci\u00f3 | EOC Barcelona","isPartOf":{"@id":"https:\/\/eoc.cat\/#website"},"primaryImageOfPage":{"@id":"https:\/\/eoc.cat\/ca\/literatura-infantil-educacio\/#primaryimage"},"image":{"@id":"https:\/\/eoc.cat\/ca\/literatura-infantil-educacio\/#primaryimage"},"thumbnailUrl":"https:\/\/eoc.cat\/wp-content\/uploads\/2020\/03\/literatura-infantil.jpg","datePublished":"2020-03-10T08:40:16+00:00","dateModified":"2022-02-17T09:47:25+00:00","description":"Fem un rep\u00e0s per les bases de la literatura infantil per a l'educaci\u00f3. Fomentar la lectura des de petits \u00e9s indispensable.","breadcrumb":{"@id":"https:\/\/eoc.cat\/ca\/literatura-infantil-educacio\/#breadcrumb"},"inLanguage":"ca","potentialAction":[{"@type":"ReadAction","target":["https:\/\/eoc.cat\/ca\/literatura-infantil-educacio\/"]}]},{"@type":"ImageObject","inLanguage":"ca","@id":"https:\/\/eoc.cat\/ca\/literatura-infantil-educacio\/#primaryimage","url":"https:\/\/eoc.cat\/wp-content\/uploads\/2020\/03\/literatura-infantil.jpg","contentUrl":"https:\/\/eoc.cat\/wp-content\/uploads\/2020\/03\/literatura-infantil.jpg","width":810,"height":513,"caption":"literatura infantil para la educaci\u00f3n"},{"@type":"BreadcrumbList","@id":"https:\/\/eoc.cat\/ca\/literatura-infantil-educacio\/#breadcrumb","itemListElement":[{"@type":"ListItem","position":1,"name":"Portada","item":"https:\/\/eoc.cat\/ca\/"},{"@type":"ListItem","position":2,"name":"Literatura infantil per a l&#8217;educaci\u00f3"}]},{"@type":"WebSite","@id":"https:\/\/eoc.cat\/#website","url":"https:\/\/eoc.cat\/","name":"Escola d'Oficis Catalunya","description":"Escuela de formaci\u00f3n profesional para adultos y j\u00f3venes","publisher":{"@id":"https:\/\/eoc.cat\/#organization"},"alternateName":"EOC","potentialAction":[{"@type":"SearchAction","target":{"@type":"EntryPoint","urlTemplate":"https:\/\/eoc.cat\/?s={search_term_string}"},"query-input":{"@type":"PropertyValueSpecification","valueRequired":true,"valueName":"search_term_string"}}],"inLanguage":"ca"},{"@type":"Organization","@id":"https:\/\/eoc.cat\/#organization","name":"Escola d'Oficis Catalunya","alternateName":"EOC","url":"https:\/\/eoc.cat\/","logo":{"@type":"ImageObject","inLanguage":"ca","@id":"https:\/\/eoc.cat\/#\/schema\/logo\/image\/","url":"https:\/\/eoc.cat\/wp-content\/uploads\/2020\/12\/eoc-logotipo.png","contentUrl":"https:\/\/eoc.cat\/wp-content\/uploads\/2020\/12\/eoc-logotipo.png","width":274,"height":118,"caption":"Escola d'Oficis Catalunya"},"image":{"@id":"https:\/\/eoc.cat\/#\/schema\/logo\/image\/"},"sameAs":["https:\/\/www.facebook.com\/EscoladOficisCatalunya","https:\/\/x.com\/escoficat","https:\/\/www.instagram.com\/escoladoficiscatalunya\/","https:\/\/www.linkedin.com\/school\/escoladoficiscatalunya\/","https:\/\/www.youtube.com\/channel\/UC_HLShkY7t1pf1CrXPw-gRQ"]},{"@type":"Person","@id":"https:\/\/eoc.cat\/#\/schema\/person\/702649fa6e82a790042399ed7f67f79f","name":"EOC","image":{"@type":"ImageObject","inLanguage":"ca","@id":"https:\/\/secure.gravatar.com\/avatar\/db655658f91923a915562a010af881cf03bb56574b7e1241e9fa9ab684c7a9d0?s=96&r=g","url":"https:\/\/secure.gravatar.com\/avatar\/db655658f91923a915562a010af881cf03bb56574b7e1241e9fa9ab684c7a9d0?s=96&r=g","contentUrl":"https:\/\/secure.gravatar.com\/avatar\/db655658f91923a915562a010af881cf03bb56574b7e1241e9fa9ab684c7a9d0?s=96&r=g","caption":"EOC"},"url":"https:\/\/eoc.cat\/ca\/author\/e0c93k1lk3\/"}]}},"_links":{"self":[{"href":"https:\/\/eoc.cat\/ca\/wp-json\/wp\/v2\/posts\/10428","targetHints":{"allow":["GET"]}}],"collection":[{"href":"https:\/\/eoc.cat\/ca\/wp-json\/wp\/v2\/posts"}],"about":[{"href":"https:\/\/eoc.cat\/ca\/wp-json\/wp\/v2\/types\/post"}],"author":[{"embeddable":true,"href":"https:\/\/eoc.cat\/ca\/wp-json\/wp\/v2\/users\/7"}],"replies":[{"embeddable":true,"href":"https:\/\/eoc.cat\/ca\/wp-json\/wp\/v2\/comments?post=10428"}],"version-history":[{"count":4,"href":"https:\/\/eoc.cat\/ca\/wp-json\/wp\/v2\/posts\/10428\/revisions"}],"predecessor-version":[{"id":10432,"href":"https:\/\/eoc.cat\/ca\/wp-json\/wp\/v2\/posts\/10428\/revisions\/10432"}],"wp:featuredmedia":[{"embeddable":true,"href":"https:\/\/eoc.cat\/ca\/wp-json\/wp\/v2\/media\/6817"}],"wp:attachment":[{"href":"https:\/\/eoc.cat\/ca\/wp-json\/wp\/v2\/media?parent=10428"}],"wp:term":[{"taxonomy":"category","embeddable":true,"href":"https:\/\/eoc.cat\/ca\/wp-json\/wp\/v2\/categories?post=10428"},{"taxonomy":"post_tag","embeddable":true,"href":"https:\/\/eoc.cat\/ca\/wp-json\/wp\/v2\/tags?post=10428"}],"curies":[{"name":"wp","href":"https:\/\/api.w.org\/{rel}","templated":true}]}}