{"id":10648,"date":"2019-06-25T09:54:21","date_gmt":"2019-06-25T07:54:21","guid":{"rendered":"https:\/\/eoc.cat\/anatomia-de-la-boca\/"},"modified":"2022-02-17T10:52:25","modified_gmt":"2022-02-17T09:52:25","slug":"anatomia-boca","status":"publish","type":"post","link":"https:\/\/eoc.cat\/ca\/anatomia-boca\/","title":{"rendered":"Anatomia de la boca. Les parts de la cavitat bucal"},"content":{"rendered":"<p>L&#8217;anatomia de la boca \u00e9s un dels primers coneixements que cal tenir abans de comen\u00e7ar a estudiar m\u00e9s detalladament altres aspectes relacionats amb la cavitat bucal. Tot professional de l&#8217;odontologia aix\u00ed com els auxiliars dentals l&#8217;han de con\u00e8ixer.<\/p>\n<p>I \u00e9s que dins de la boca podem trobar una varietat important d&#8217;elements, com s\u00f3n les peces dentals, els ossos i els m\u00fasculs, els nervis, les gl\u00e0ndules o la llengua. <strong>Totes les parts de la boca tenen una funci\u00f3 espec\u00edfica<\/strong> que permet el seu funcionament correcte.<\/p>\n<h2>Quines s\u00f3n les diferents parts de la boca?<\/h2>\n<p>L&#8217;anatomia de la boca \u00e9s extensa, ja que cont\u00e9 diferents elements. Tots ells, en conjunt, <strong>comencen l&#8217;etapa de digesti\u00f3 dels aliments a la boca<\/strong>. Els m\u00e9s destacats s\u00f3n:<\/p>\n<ul>\n<li><strong>Les peces dentals<\/strong>. Dins la boca podem destacar incisius, canins, premolars i molars. Els coneguts queixals del judici tamb\u00e9 s&#8217;inclouen en aquest \u00faltim grup. La funci\u00f3 de cadascuna d&#8217;aquestes dents \u00e9s tallar i processar l&#8217;aliment, fent-ho assimilable per al tracte digestiu.<\/li>\n<li><strong>M\u00fasculs i ossos<\/strong>. Aquests dos elements conformen la totalitat de la boca. Els maxil\u00b7lars i els m\u00fasculs relacionats amb aquests formen la cavitat bucal. Els m\u00fasculs tamb\u00e9 conformen galtes i llavis i els ossos tamb\u00e9 s\u00f3n presents al paladar.<\/li>\n<li><strong>La llengua<\/strong>. Aquest \u00e9s un dels \u00f2rgans fonamentals de la cavitat bucal. Composta b\u00e0sicament per m\u00fasculs, tamb\u00e9 cont\u00e9 gl\u00e0ndules salivals que ajuden a la degluci\u00f3. \u00c9s una pe\u00e7a fonamental per arrossegar l\u2019aliment cap a la resta de l\u2019aparell digestiu.<\/li>\n<li><strong>Els nervis<\/strong>. La polpa, que es troba a la zona interior de la dent, est\u00e0 formada per vasos sanguinis i nervis. Cadascuna de les nostres peces dentals est\u00e0 connectada amb el sistema nervi\u00f3s. Per aix\u00f2 \u00e9s t\u00edpic manifestar sensibilitat a aliments freds o calents a la boca.<\/li>\n<li><strong>Les gl\u00e0ndules.<\/strong> En aquest cas, fonamentalment les salivals. Aquestes gl\u00e0ndules segreguen saliva, que t\u00e9 diverses funcions a la boca: cont\u00e9 enzims que inicien la digesti\u00f3, ajuda a humitejar els aliments i neteja la boca.<\/li>\n<\/ul>\n<h2>Anatomia de la boca<\/h2>\n<p>Vegem una per una aquestes 5 parts essencials de la boca de l&#8217;\u00e9sser hum\u00e0:<\/p>\n<h3>Les peces dentals<\/h3>\n<p>Cadascuna de les peces dentals t\u00e9 una funci\u00f3. La corona \u00e9s la part visible de cada dent i varia en funci\u00f3 de la posici\u00f3. De fet, la seva forma determina de qu\u00e8 s&#8217;encarrega cadascuna de les dents. Aix\u00ed, els canins s\u00f3n esmolats, ja que la seva funci\u00f3 \u00e9s tallar. Tot i aix\u00f2, els molars tenen una forma m\u00e9s plana perqu\u00e8 s&#8217;encarreguen de molturar. Sota la corona hi ha l&#8217;arrel, que s&#8217;inclou a la geniva i subjecta la dent a l&#8217;os.<\/p>\n<p>Pel que fa a l&#8217;interior de les dents, es distingeixen tres capes: esmalt, dentina i polpa. L\u00b4esmalt \u00e9s la capa m\u00e9s externa, est\u00e0 formada per minerals i protegeix l\u00b4interior de les dents. La dentina es troba sota est i connecta amb la polpa. Aquesta \u00faltima capa \u00e9s la m\u00e9s tova i s&#8217;hi troben els teixits nervi\u00f3s i sanguini.<\/p>\n<h3>Els m\u00fasculs i els ossos<\/h3>\n<p>Dins dels m\u00fasculs de la boca, distingim tamb\u00e9 els presents a llavis i galtes. Aquests tenen una funci\u00f3 important en el proc\u00e9s de degluci\u00f3, en encarregar-se de mastegar l\u2019aliment. A m\u00e9s, la llengua constitueix un \u00f2rgan per si mateix (mereix un apartat especial), per\u00f2 cont\u00e9 una gran quantitat de m\u00fasculs.<\/p>\n<p>Els ossos m\u00e9s importants a la boca s\u00f3n els que conformen el maxil\u00b7lar i el paladar. No obstant aix\u00f2, cada dent es troba tamb\u00e9 inserida en unes conques que es coneixen com a <a href=\"https:\/\/estudidentalbarcelona.com\/consiste-hueso-alveolar-funcion\/\">os alveolar<\/a>.<\/p>\n<p><img loading=\"lazy\" decoding=\"async\" class=\"aligncenter wp-image-6408 size-full\" title=\"anatomia de la boca\" src=\"https:\/\/eoc.cat\/wp-content\/uploads\/2019\/06\/cavidad-bucal.jpg\" alt=\"anatomia de la boca\" width=\"810\" height=\"513\" srcset=\"https:\/\/eoc.cat\/wp-content\/uploads\/2019\/06\/cavidad-bucal.jpg 810w, https:\/\/eoc.cat\/wp-content\/uploads\/2019\/06\/cavidad-bucal-300x190.jpg 300w, https:\/\/eoc.cat\/wp-content\/uploads\/2019\/06\/cavidad-bucal-768x486.jpg 768w\" sizes=\"(max-width: 810px) 100vw, 810px\" \/><\/p>\n<p>L&#8217;anatomia de la boca \u00e9s un dels primers coneixements que cal tenir abans de comen\u00e7ar a estudiar m\u00e9s detalladament altres aspectes relacionats amb la cavitat bucal. Tot professional de l&#8217;odontologia aix\u00ed com els auxiliars dentals l&#8217;han de con\u00e8ixer.<\/p>\n<p>I \u00e9s que dins de la boca podem trobar una varietat important d&#8217;elements, com s\u00f3n les peces dentals, els ossos i els m\u00fasculs, els nervis, les gl\u00e0ndules o la llengua. <strong>Totes les parts de la boca tenen una funci\u00f3 espec\u00edfica<\/strong> que permet el seu funcionament correcte.<\/p>\n<h2>Quines s\u00f3n les diferents parts de la boca?<\/h2>\n<p>L&#8217;anatomia de la boca \u00e9s extensa, ja que cont\u00e9 diferents elements. Tots ells, en conjunt, <strong>comencen l&#8217;etapa de digesti\u00f3 dels aliments a la boca<\/strong>. Els m\u00e9s destacats s\u00f3n:<\/p>\n<ul>\n<li><strong>Les peces dentals<\/strong>. Dins la boca podem destacar incisius, canins, premolars i molars. Els coneguts queixals del judici tamb\u00e9 s&#8217;inclouen en aquest \u00faltim grup. La funci\u00f3 de cadascuna d&#8217;aquestes dents \u00e9s tallar i processar l&#8217;aliment, fent-ho assimilable per al tracte digestiu.<\/li>\n<li><strong>M\u00fasculs i ossos<\/strong>. Aquests dos elements conformen la totalitat de la boca. Els maxil\u00b7lars i els m\u00fasculs relacionats amb aquests formen la cavitat bucal. Els m\u00fasculs tamb\u00e9 conformen galtes i llavis i els ossos tamb\u00e9 s\u00f3n presents al paladar.<\/li>\n<li><strong>La llengua<\/strong>. Aquest \u00e9s un dels \u00f2rgans fonamentals de la cavitat bucal. Composta b\u00e0sicament per m\u00fasculs, tamb\u00e9 cont\u00e9 gl\u00e0ndules salivals que ajuden a la degluci\u00f3. \u00c9s una pe\u00e7a fonamental per arrossegar l\u2019aliment cap a la resta de l\u2019aparell digestiu.<\/li>\n<li><strong>Els nervis<\/strong>. La polpa, que es troba a la zona interior de la dent, est\u00e0 formada per vasos sanguinis i nervis. Cadascuna de les nostres peces dentals est\u00e0 connectada amb el sistema nervi\u00f3s. Per aix\u00f2 \u00e9s t\u00edpic manifestar sensibilitat a aliments freds o calents a la boca.<\/li>\n<li><strong>Les gl\u00e0ndules.<\/strong> En aquest cas, fonamentalment les salivals. Aquestes gl\u00e0ndules segreguen saliva, que t\u00e9 diverses funcions a la boca: cont\u00e9 enzims que inicien la digesti\u00f3, ajuda a humitejar els aliments i neteja la boca.<\/li>\n<\/ul>\n<h2>Anatomia de la boca<\/h2>\n<p>Vegem una per una aquestes 5 parts essencials de la boca de l&#8217;\u00e9sser hum\u00e0:<\/p>\n<h3>Les peces dentals<\/h3>\n<p>Cadascuna de les peces dentals t\u00e9 una funci\u00f3. La corona \u00e9s la part visible de cada dent i varia en funci\u00f3 de la posici\u00f3. De fet, la seva forma determina de qu\u00e8 s&#8217;encarrega cadascuna de les dents. Aix\u00ed, els canins s\u00f3n esmolats, ja que la seva funci\u00f3 \u00e9s tallar. Tot i aix\u00f2, els molars tenen una forma m\u00e9s plana perqu\u00e8 s&#8217;encarreguen de molturar. Sota la corona hi ha l&#8217;arrel, que s&#8217;inclou a la geniva i subjecta la dent a l&#8217;os.<\/p>\n<p>Pel que fa a l&#8217;interior de les dents, es distingeixen tres capes: esmalt, dentina i polpa. L\u00b4esmalt \u00e9s la capa m\u00e9s externa, est\u00e0 formada per minerals i protegeix l\u00b4interior de les dents. La dentina es troba sota est i connecta amb la polpa. Aquesta \u00faltima capa \u00e9s la m\u00e9s tova i s&#8217;hi troben els teixits nervi\u00f3s i sanguini.<\/p>\n<h3>Els m\u00fasculs i els ossos<\/h3>\n<p>Dins dels m\u00fasculs de la boca, distingim tamb\u00e9 els presents a llavis i galtes. Aquests tenen una funci\u00f3 important en el proc\u00e9s de degluci\u00f3, en encarregar-se de mastegar l\u2019aliment. A m\u00e9s, la llengua constitueix un \u00f2rgan per si mateix (mereix un apartat especial), per\u00f2 cont\u00e9 una gran quantitat de m\u00fasculs.<\/p>\n<p>Els ossos m\u00e9s importants a la boca s\u00f3n els que conformen el maxil\u00b7lar i el paladar. No obstant aix\u00f2, cada dent es troba tamb\u00e9 inserida en unes conques que es coneixen com a <a href=\"https:\/\/estudidentalbarcelona.com\/consiste-hueso-alveolar-funcion\/\">os alveolar<\/a>.<\/p>\n","protected":false},"excerpt":{"rendered":"<p>L&#8217;anatomia de la boca \u00e9s un dels primers coneixements que cal tenir abans de comen\u00e7ar a estudiar m\u00e9s detalladament altres aspectes relacionats amb la cavitat bucal. Tot professional de l&#8217;odontologia aix\u00ed com els auxiliars dentals l&#8217;han de con\u00e8ixer. I \u00e9s que dins de la boca podem trobar una varietat important d&#8217;elements, com s\u00f3n les peces [&hellip;]<\/p>\n","protected":false},"author":7,"featured_media":6411,"comment_status":"open","ping_status":"open","sticky":false,"template":"","format":"standard","meta":{"_et_pb_use_builder":"","_et_pb_old_content":"","_et_gb_content_width":"","footnotes":""},"categories":[96],"tags":[],"class_list":["post-10648","post","type-post","status-publish","format-standard","has-post-thumbnail","hentry","category-auxiliar-dental"],"yoast_head":"<!-- This site is optimized with the Yoast SEO plugin v27.4 - https:\/\/yoast.com\/product\/yoast-seo-wordpress\/ -->\n<title>Anatomia de la boca. Les parts de la cavitat bucal | EOC<\/title>\n<meta name=\"description\" content=\"L&#039;anatomia de la boca \u00e9s el primer a estudiar abans d&#039;aprendre m\u00e9s detalladament altres aspectes de la cavitat bucal humana.\" \/>\n<meta name=\"robots\" content=\"index, follow, max-snippet:-1, max-image-preview:large, max-video-preview:-1\" \/>\n<link rel=\"canonical\" href=\"https:\/\/eoc.cat\/ca\/anatomia-boca\/\" \/>\n<meta property=\"og:locale\" content=\"ca_ES\" \/>\n<meta property=\"og:type\" content=\"article\" \/>\n<meta property=\"og:title\" content=\"Anatomia de la boca. Les parts de la cavitat bucal | EOC\" \/>\n<meta property=\"og:description\" content=\"L&#039;anatomia de la boca \u00e9s el primer a estudiar abans d&#039;aprendre m\u00e9s detalladament altres aspectes de la cavitat bucal humana.\" \/>\n<meta property=\"og:url\" content=\"https:\/\/eoc.cat\/ca\/anatomia-boca\/\" \/>\n<meta property=\"og:site_name\" content=\"Escola d&#039;Oficis Catalunya\" \/>\n<meta property=\"article:publisher\" content=\"https:\/\/www.facebook.com\/EscoladOficisCatalunya\" \/>\n<meta property=\"article:published_time\" content=\"2019-06-25T07:54:21+00:00\" \/>\n<meta property=\"article:modified_time\" content=\"2022-02-17T09:52:25+00:00\" \/>\n<meta property=\"og:image\" content=\"https:\/\/eoc.cat\/wp-content\/uploads\/2019\/06\/anatomia-de-la-boca.jpg\" \/>\n\t<meta property=\"og:image:width\" content=\"810\" \/>\n\t<meta property=\"og:image:height\" content=\"513\" \/>\n\t<meta property=\"og:image:type\" content=\"image\/jpeg\" \/>\n<meta name=\"author\" content=\"EOC\" \/>\n<meta name=\"twitter:card\" content=\"summary_large_image\" \/>\n<meta name=\"twitter:title\" content=\"Anatomia de la boca. Les parts de la cavitat bucal | EOC\" \/>\n<meta name=\"twitter:description\" content=\"L&#039;anatomia de la boca \u00e9s el primer a estudiar abans d&#039;aprendre m\u00e9s detalladament altres aspectes de la cavitat bucal humana.\" \/>\n<meta name=\"twitter:image\" content=\"https:\/\/eoc.cat\/wp-content\/uploads\/2019\/06\/anatomia-de-la-boca.jpg\" \/>\n<meta name=\"twitter:creator\" content=\"@escoficat\" \/>\n<meta name=\"twitter:site\" content=\"@escoficat\" \/>\n<script type=\"application\/ld+json\" class=\"yoast-schema-graph\">{\"@context\":\"https:\\\/\\\/schema.org\",\"@graph\":[{\"@type\":\"Article\",\"@id\":\"https:\\\/\\\/eoc.cat\\\/ca\\\/anatomia-boca\\\/#article\",\"isPartOf\":{\"@id\":\"https:\\\/\\\/eoc.cat\\\/ca\\\/anatomia-boca\\\/\"},\"author\":{\"name\":\"EOC\",\"@id\":\"https:\\\/\\\/eoc.cat\\\/#\\\/schema\\\/person\\\/702649fa6e82a790042399ed7f67f79f\"},\"headline\":\"Anatomia de la boca. Les parts de la cavitat bucal\",\"datePublished\":\"2019-06-25T07:54:21+00:00\",\"dateModified\":\"2022-02-17T09:52:25+00:00\",\"mainEntityOfPage\":{\"@id\":\"https:\\\/\\\/eoc.cat\\\/ca\\\/anatomia-boca\\\/\"},\"wordCount\":1262,\"commentCount\":0,\"publisher\":{\"@id\":\"https:\\\/\\\/eoc.cat\\\/#organization\"},\"image\":{\"@id\":\"https:\\\/\\\/eoc.cat\\\/ca\\\/anatomia-boca\\\/#primaryimage\"},\"thumbnailUrl\":\"https:\\\/\\\/eoc.cat\\\/wp-content\\\/uploads\\\/2019\\\/06\\\/anatomia-de-la-boca.jpg\",\"articleSection\":[\"Auxiliar de cl\u00ednica dental\"],\"inLanguage\":\"ca\",\"potentialAction\":[{\"@type\":\"CommentAction\",\"name\":\"Comment\",\"target\":[\"https:\\\/\\\/eoc.cat\\\/ca\\\/anatomia-boca\\\/#respond\"]}]},{\"@type\":\"WebPage\",\"@id\":\"https:\\\/\\\/eoc.cat\\\/ca\\\/anatomia-boca\\\/\",\"url\":\"https:\\\/\\\/eoc.cat\\\/ca\\\/anatomia-boca\\\/\",\"name\":\"Anatomia de la boca. Les parts de la cavitat bucal | EOC\",\"isPartOf\":{\"@id\":\"https:\\\/\\\/eoc.cat\\\/#website\"},\"primaryImageOfPage\":{\"@id\":\"https:\\\/\\\/eoc.cat\\\/ca\\\/anatomia-boca\\\/#primaryimage\"},\"image\":{\"@id\":\"https:\\\/\\\/eoc.cat\\\/ca\\\/anatomia-boca\\\/#primaryimage\"},\"thumbnailUrl\":\"https:\\\/\\\/eoc.cat\\\/wp-content\\\/uploads\\\/2019\\\/06\\\/anatomia-de-la-boca.jpg\",\"datePublished\":\"2019-06-25T07:54:21+00:00\",\"dateModified\":\"2022-02-17T09:52:25+00:00\",\"description\":\"L'anatomia de la boca \u00e9s el primer a estudiar abans d'aprendre m\u00e9s detalladament altres aspectes de la cavitat bucal humana.\",\"breadcrumb\":{\"@id\":\"https:\\\/\\\/eoc.cat\\\/ca\\\/anatomia-boca\\\/#breadcrumb\"},\"inLanguage\":\"ca\",\"potentialAction\":[{\"@type\":\"ReadAction\",\"target\":[\"https:\\\/\\\/eoc.cat\\\/ca\\\/anatomia-boca\\\/\"]}]},{\"@type\":\"ImageObject\",\"inLanguage\":\"ca\",\"@id\":\"https:\\\/\\\/eoc.cat\\\/ca\\\/anatomia-boca\\\/#primaryimage\",\"url\":\"https:\\\/\\\/eoc.cat\\\/wp-content\\\/uploads\\\/2019\\\/06\\\/anatomia-de-la-boca.jpg\",\"contentUrl\":\"https:\\\/\\\/eoc.cat\\\/wp-content\\\/uploads\\\/2019\\\/06\\\/anatomia-de-la-boca.jpg\",\"width\":810,\"height\":513,\"caption\":\"anatom\u00eda de la boca\"},{\"@type\":\"BreadcrumbList\",\"@id\":\"https:\\\/\\\/eoc.cat\\\/ca\\\/anatomia-boca\\\/#breadcrumb\",\"itemListElement\":[{\"@type\":\"ListItem\",\"position\":1,\"name\":\"Portada\",\"item\":\"https:\\\/\\\/eoc.cat\\\/ca\\\/\"},{\"@type\":\"ListItem\",\"position\":2,\"name\":\"Anatomia de la boca. Les parts de la cavitat bucal\"}]},{\"@type\":\"WebSite\",\"@id\":\"https:\\\/\\\/eoc.cat\\\/#website\",\"url\":\"https:\\\/\\\/eoc.cat\\\/\",\"name\":\"Escola d'Oficis Catalunya\",\"description\":\"Escuela de formaci\u00f3n profesional para adultos y j\u00f3venes\",\"publisher\":{\"@id\":\"https:\\\/\\\/eoc.cat\\\/#organization\"},\"alternateName\":\"EOC\",\"potentialAction\":[{\"@type\":\"SearchAction\",\"target\":{\"@type\":\"EntryPoint\",\"urlTemplate\":\"https:\\\/\\\/eoc.cat\\\/?s={search_term_string}\"},\"query-input\":{\"@type\":\"PropertyValueSpecification\",\"valueRequired\":true,\"valueName\":\"search_term_string\"}}],\"inLanguage\":\"ca\"},{\"@type\":\"Organization\",\"@id\":\"https:\\\/\\\/eoc.cat\\\/#organization\",\"name\":\"Escola d'Oficis Catalunya\",\"alternateName\":\"EOC\",\"url\":\"https:\\\/\\\/eoc.cat\\\/\",\"logo\":{\"@type\":\"ImageObject\",\"inLanguage\":\"ca\",\"@id\":\"https:\\\/\\\/eoc.cat\\\/#\\\/schema\\\/logo\\\/image\\\/\",\"url\":\"https:\\\/\\\/eoc.cat\\\/wp-content\\\/uploads\\\/2020\\\/12\\\/eoc-logotipo.png\",\"contentUrl\":\"https:\\\/\\\/eoc.cat\\\/wp-content\\\/uploads\\\/2020\\\/12\\\/eoc-logotipo.png\",\"width\":274,\"height\":118,\"caption\":\"Escola d'Oficis Catalunya\"},\"image\":{\"@id\":\"https:\\\/\\\/eoc.cat\\\/#\\\/schema\\\/logo\\\/image\\\/\"},\"sameAs\":[\"https:\\\/\\\/www.facebook.com\\\/EscoladOficisCatalunya\",\"https:\\\/\\\/x.com\\\/escoficat\",\"https:\\\/\\\/www.instagram.com\\\/escoladoficiscatalunya\\\/\",\"https:\\\/\\\/www.linkedin.com\\\/school\\\/escoladoficiscatalunya\\\/\",\"https:\\\/\\\/www.youtube.com\\\/channel\\\/UC_HLShkY7t1pf1CrXPw-gRQ\"]},{\"@type\":\"Person\",\"@id\":\"https:\\\/\\\/eoc.cat\\\/#\\\/schema\\\/person\\\/702649fa6e82a790042399ed7f67f79f\",\"name\":\"EOC\",\"image\":{\"@type\":\"ImageObject\",\"inLanguage\":\"ca\",\"@id\":\"https:\\\/\\\/secure.gravatar.com\\\/avatar\\\/db655658f91923a915562a010af881cf03bb56574b7e1241e9fa9ab684c7a9d0?s=96&r=g\",\"url\":\"https:\\\/\\\/secure.gravatar.com\\\/avatar\\\/db655658f91923a915562a010af881cf03bb56574b7e1241e9fa9ab684c7a9d0?s=96&r=g\",\"contentUrl\":\"https:\\\/\\\/secure.gravatar.com\\\/avatar\\\/db655658f91923a915562a010af881cf03bb56574b7e1241e9fa9ab684c7a9d0?s=96&r=g\",\"caption\":\"EOC\"},\"url\":\"https:\\\/\\\/eoc.cat\\\/ca\\\/author\\\/e0c93k1lk3\\\/\"}]}<\/script>\n<!-- \/ Yoast SEO plugin. -->","yoast_head_json":{"title":"Anatomia de la boca. Les parts de la cavitat bucal | EOC","description":"L'anatomia de la boca \u00e9s el primer a estudiar abans d'aprendre m\u00e9s detalladament altres aspectes de la cavitat bucal humana.","robots":{"index":"index","follow":"follow","max-snippet":"max-snippet:-1","max-image-preview":"max-image-preview:large","max-video-preview":"max-video-preview:-1"},"canonical":"https:\/\/eoc.cat\/ca\/anatomia-boca\/","og_locale":"ca_ES","og_type":"article","og_title":"Anatomia de la boca. Les parts de la cavitat bucal | EOC","og_description":"L'anatomia de la boca \u00e9s el primer a estudiar abans d'aprendre m\u00e9s detalladament altres aspectes de la cavitat bucal humana.","og_url":"https:\/\/eoc.cat\/ca\/anatomia-boca\/","og_site_name":"Escola d&#039;Oficis Catalunya","article_publisher":"https:\/\/www.facebook.com\/EscoladOficisCatalunya","article_published_time":"2019-06-25T07:54:21+00:00","article_modified_time":"2022-02-17T09:52:25+00:00","og_image":[{"width":810,"height":513,"url":"https:\/\/eoc.cat\/wp-content\/uploads\/2019\/06\/anatomia-de-la-boca.jpg","type":"image\/jpeg"}],"author":"EOC","twitter_card":"summary_large_image","twitter_title":"Anatomia de la boca. Les parts de la cavitat bucal | EOC","twitter_description":"L'anatomia de la boca \u00e9s el primer a estudiar abans d'aprendre m\u00e9s detalladament altres aspectes de la cavitat bucal humana.","twitter_image":"https:\/\/eoc.cat\/wp-content\/uploads\/2019\/06\/anatomia-de-la-boca.jpg","twitter_creator":"@escoficat","twitter_site":"@escoficat","schema":{"@context":"https:\/\/schema.org","@graph":[{"@type":"Article","@id":"https:\/\/eoc.cat\/ca\/anatomia-boca\/#article","isPartOf":{"@id":"https:\/\/eoc.cat\/ca\/anatomia-boca\/"},"author":{"name":"EOC","@id":"https:\/\/eoc.cat\/#\/schema\/person\/702649fa6e82a790042399ed7f67f79f"},"headline":"Anatomia de la boca. Les parts de la cavitat bucal","datePublished":"2019-06-25T07:54:21+00:00","dateModified":"2022-02-17T09:52:25+00:00","mainEntityOfPage":{"@id":"https:\/\/eoc.cat\/ca\/anatomia-boca\/"},"wordCount":1262,"commentCount":0,"publisher":{"@id":"https:\/\/eoc.cat\/#organization"},"image":{"@id":"https:\/\/eoc.cat\/ca\/anatomia-boca\/#primaryimage"},"thumbnailUrl":"https:\/\/eoc.cat\/wp-content\/uploads\/2019\/06\/anatomia-de-la-boca.jpg","articleSection":["Auxiliar de cl\u00ednica dental"],"inLanguage":"ca","potentialAction":[{"@type":"CommentAction","name":"Comment","target":["https:\/\/eoc.cat\/ca\/anatomia-boca\/#respond"]}]},{"@type":"WebPage","@id":"https:\/\/eoc.cat\/ca\/anatomia-boca\/","url":"https:\/\/eoc.cat\/ca\/anatomia-boca\/","name":"Anatomia de la boca. Les parts de la cavitat bucal | EOC","isPartOf":{"@id":"https:\/\/eoc.cat\/#website"},"primaryImageOfPage":{"@id":"https:\/\/eoc.cat\/ca\/anatomia-boca\/#primaryimage"},"image":{"@id":"https:\/\/eoc.cat\/ca\/anatomia-boca\/#primaryimage"},"thumbnailUrl":"https:\/\/eoc.cat\/wp-content\/uploads\/2019\/06\/anatomia-de-la-boca.jpg","datePublished":"2019-06-25T07:54:21+00:00","dateModified":"2022-02-17T09:52:25+00:00","description":"L'anatomia de la boca \u00e9s el primer a estudiar abans d'aprendre m\u00e9s detalladament altres aspectes de la cavitat bucal humana.","breadcrumb":{"@id":"https:\/\/eoc.cat\/ca\/anatomia-boca\/#breadcrumb"},"inLanguage":"ca","potentialAction":[{"@type":"ReadAction","target":["https:\/\/eoc.cat\/ca\/anatomia-boca\/"]}]},{"@type":"ImageObject","inLanguage":"ca","@id":"https:\/\/eoc.cat\/ca\/anatomia-boca\/#primaryimage","url":"https:\/\/eoc.cat\/wp-content\/uploads\/2019\/06\/anatomia-de-la-boca.jpg","contentUrl":"https:\/\/eoc.cat\/wp-content\/uploads\/2019\/06\/anatomia-de-la-boca.jpg","width":810,"height":513,"caption":"anatom\u00eda de la boca"},{"@type":"BreadcrumbList","@id":"https:\/\/eoc.cat\/ca\/anatomia-boca\/#breadcrumb","itemListElement":[{"@type":"ListItem","position":1,"name":"Portada","item":"https:\/\/eoc.cat\/ca\/"},{"@type":"ListItem","position":2,"name":"Anatomia de la boca. Les parts de la cavitat bucal"}]},{"@type":"WebSite","@id":"https:\/\/eoc.cat\/#website","url":"https:\/\/eoc.cat\/","name":"Escola d'Oficis Catalunya","description":"Escuela de formaci\u00f3n profesional para adultos y j\u00f3venes","publisher":{"@id":"https:\/\/eoc.cat\/#organization"},"alternateName":"EOC","potentialAction":[{"@type":"SearchAction","target":{"@type":"EntryPoint","urlTemplate":"https:\/\/eoc.cat\/?s={search_term_string}"},"query-input":{"@type":"PropertyValueSpecification","valueRequired":true,"valueName":"search_term_string"}}],"inLanguage":"ca"},{"@type":"Organization","@id":"https:\/\/eoc.cat\/#organization","name":"Escola d'Oficis Catalunya","alternateName":"EOC","url":"https:\/\/eoc.cat\/","logo":{"@type":"ImageObject","inLanguage":"ca","@id":"https:\/\/eoc.cat\/#\/schema\/logo\/image\/","url":"https:\/\/eoc.cat\/wp-content\/uploads\/2020\/12\/eoc-logotipo.png","contentUrl":"https:\/\/eoc.cat\/wp-content\/uploads\/2020\/12\/eoc-logotipo.png","width":274,"height":118,"caption":"Escola d'Oficis Catalunya"},"image":{"@id":"https:\/\/eoc.cat\/#\/schema\/logo\/image\/"},"sameAs":["https:\/\/www.facebook.com\/EscoladOficisCatalunya","https:\/\/x.com\/escoficat","https:\/\/www.instagram.com\/escoladoficiscatalunya\/","https:\/\/www.linkedin.com\/school\/escoladoficiscatalunya\/","https:\/\/www.youtube.com\/channel\/UC_HLShkY7t1pf1CrXPw-gRQ"]},{"@type":"Person","@id":"https:\/\/eoc.cat\/#\/schema\/person\/702649fa6e82a790042399ed7f67f79f","name":"EOC","image":{"@type":"ImageObject","inLanguage":"ca","@id":"https:\/\/secure.gravatar.com\/avatar\/db655658f91923a915562a010af881cf03bb56574b7e1241e9fa9ab684c7a9d0?s=96&r=g","url":"https:\/\/secure.gravatar.com\/avatar\/db655658f91923a915562a010af881cf03bb56574b7e1241e9fa9ab684c7a9d0?s=96&r=g","contentUrl":"https:\/\/secure.gravatar.com\/avatar\/db655658f91923a915562a010af881cf03bb56574b7e1241e9fa9ab684c7a9d0?s=96&r=g","caption":"EOC"},"url":"https:\/\/eoc.cat\/ca\/author\/e0c93k1lk3\/"}]}},"_links":{"self":[{"href":"https:\/\/eoc.cat\/ca\/wp-json\/wp\/v2\/posts\/10648","targetHints":{"allow":["GET"]}}],"collection":[{"href":"https:\/\/eoc.cat\/ca\/wp-json\/wp\/v2\/posts"}],"about":[{"href":"https:\/\/eoc.cat\/ca\/wp-json\/wp\/v2\/types\/post"}],"author":[{"embeddable":true,"href":"https:\/\/eoc.cat\/ca\/wp-json\/wp\/v2\/users\/7"}],"replies":[{"embeddable":true,"href":"https:\/\/eoc.cat\/ca\/wp-json\/wp\/v2\/comments?post=10648"}],"version-history":[{"count":2,"href":"https:\/\/eoc.cat\/ca\/wp-json\/wp\/v2\/posts\/10648\/revisions"}],"predecessor-version":[{"id":10650,"href":"https:\/\/eoc.cat\/ca\/wp-json\/wp\/v2\/posts\/10648\/revisions\/10650"}],"wp:featuredmedia":[{"embeddable":true,"href":"https:\/\/eoc.cat\/ca\/wp-json\/wp\/v2\/media\/6411"}],"wp:attachment":[{"href":"https:\/\/eoc.cat\/ca\/wp-json\/wp\/v2\/media?parent=10648"}],"wp:term":[{"taxonomy":"category","embeddable":true,"href":"https:\/\/eoc.cat\/ca\/wp-json\/wp\/v2\/categories?post=10648"},{"taxonomy":"post_tag","embeddable":true,"href":"https:\/\/eoc.cat\/ca\/wp-json\/wp\/v2\/tags?post=10648"}],"curies":[{"name":"wp","href":"https:\/\/api.w.org\/{rel}","templated":true}]}}