{"id":10679,"date":"2019-05-23T08:32:08","date_gmt":"2019-05-23T06:32:08","guid":{"rendered":"https:\/\/eoc.cat\/medicos-visten-de-blanco\/"},"modified":"2022-02-17T10:52:24","modified_gmt":"2022-02-17T09:52:24","slug":"metges-vesteixen-blanc","status":"publish","type":"post","link":"https:\/\/eoc.cat\/ca\/metges-vesteixen-blanc\/","title":{"rendered":"Per qu\u00e8 els metges vesteixen de blanc? T&#8217;expliquem els motius"},"content":{"rendered":"<p>\u00c9s possible que m\u00e9s d&#8217;una vegada us hagis preguntat per qu\u00e8 els metges vesteixen de blanc. No \u00e9s nom\u00e9s una causa hist\u00f2rica, ja que ha perdurat fins als nostres dies. La veritat \u00e9s que, des que es van instaurar les bates blanques a la medicina, els metges tenen una millor reputaci\u00f3.<\/p>\n<p>Tot i aix\u00f2, \u00e9s cert que avui dia cada vegada m\u00e9s metges prescindeixen d&#8217;aquest color per als seus uniformes sanitaris. Al final d&#8217;aquest article, aclarim els dubtes sobre aix\u00f2.<\/p>\n<h2>El significat del color blanc i la seva relaci\u00f3 amb la medicina<\/h2>\n<p>La gran majoria del personal sanitari, metges, infermers, <a href=\"https:\/\/eoc.cat\/ca\/curs-auxiliar-infermeria\/\">auxiliars d&#8217;infermeria<\/a> i fins i tot altres professions associades als hospitals vesteixen de blanc. La ra\u00f3 fonamental de l&#8217;\u00fas d&#8217;aquest color \u00e9s perqu\u00e8 es relaciona \u00edntimament amb la higiene i la neteja.<\/p>\n<p>Els metges vesteixen de blanc perqu\u00e8 \u00e9s molt senzill veure si els vestits tenen taques o si no estan perfectament nets. Aix\u00f2 es trasllada a la vestimenta d&#8217;exercici diari.<\/p>\n<p>Per altra banda, el color blanc tamb\u00e9 aporta pau, serenitat i concentraci\u00f3. En ser rebut per un professional que vesteix d&#8217;aquest color, el pacient es tranquil\u00b7litza, cosa fonamental als hospitals. A m\u00e9s, els metges tenen una feina en qu\u00e8 la concentraci\u00f3 \u00e9s essencial. Visualitzar aquest color tant a les bates blanques com a les de la resta de l&#8217;equip ajuda molt en aquesta l\u00ednia.<\/p>\n<p>Actualment, el color blanc que fan servir els professionals sanitaris \u00e9s, a m\u00e9s, un senyal d&#8217;autoritat. Per\u00f2 no sempre ha estat aix\u00ed. Durant els comen\u00e7aments de la medicina, els metges utilitzaven un altre color a la seva vestimenta.<\/p>\n<h2>Hist\u00f2ria darrere de les bates blanques<\/h2>\n<p>La medicina no sempre ha gaudit d&#8217;una bona reputaci\u00f3 a la societat espanyola o mundial. Durant el Renaixement, els metges eren considerats una lacra de la societat. Tant \u00e9s aix\u00ed, que eren diverses les persones que s&#8217;hi referien com a \u201cmatasans\u201d.<\/p>\n<p>En aquells temps, la seva vestimenta era for\u00e7a peculiar i es caracteritzava per llargs vestits de color negre. A m\u00e9s, de vegades se&#8217;ls representa amb una m\u00e0scara que acaba en forma de bec. Tot molt allunyat de la pulcritud que acostumem a veure avui dia als hospitals.<\/p>\n<p><img loading=\"lazy\" decoding=\"async\" class=\"aligncenter wp-image-6362 size-full\" title=\"metges vesteixen de blanc\" src=\"https:\/\/eoc.cat\/wp-content\/uploads\/2019\/05\/origen-batas-blancas.jpg\" alt=\"metges vesteixen de blanc\" width=\"810\" height=\"513\" srcset=\"https:\/\/eoc.cat\/wp-content\/uploads\/2019\/05\/origen-batas-blancas.jpg 810w, https:\/\/eoc.cat\/wp-content\/uploads\/2019\/05\/origen-batas-blancas-300x190.jpg 300w, https:\/\/eoc.cat\/wp-content\/uploads\/2019\/05\/origen-batas-blancas-768x486.jpg 768w\" sizes=\"(max-width: 810px) 100vw, 810px\" \/><\/p>\n<p>La medicina seguia avan\u00e7ant al llarg de les \u00e8poques, per\u00f2 no va ser fins a finals del segle XIX quan hi va haver un canvi a la societat. I, precisament, aquest canvi es correspon amb la inclusi\u00f3 de les bates blanques als metges. La poblaci\u00f3 va comen\u00e7ar a visualitzar-los com a persones que realment podien guarir les seves malalties i ocupar-se de les seves malalties.<\/p>\n<p>A m\u00e9s, s&#8217;entenia que el color blanc simbolitzava la higiene i el personal sanitari nom\u00e9s feia servir aquests uniformes quan estava en horari de treball. \u00c9s aix\u00ed com es van aconseguir prevenir la propagaci\u00f3 d&#8217;algunes malalties. La bata es reservava a l&#8217;hospital i les consultes, i s&#8217;identificava amb la disponibilitat dels metges que les portaven.<\/p>\n<p>Amb aquest petit gest, el conjunt de metges va aconseguir que el seu treball fos valorat i adm\u00e8s per la societat.<\/p>\n<h2>Per qu\u00e8 ja no es fa servir el color blanc en vestimenta m\u00e8dica amb tanta freq\u00fc\u00e8ncia?<\/h2>\n<p>Si b\u00e9 hem explicat els avantatges que suposa fer servir bates blanques, actualment no tots els metges vesteixen de blanc. Aquest canvi ha tingut lloc fonamentalment als quir\u00f2fans i es deu a dues raons. Segur que haur\u00e0s vist personal m\u00e8dic usant uniformes verdes o blaves sobretot.<\/p>\n<p>En primer lloc, el blanc \u00e9s un color que contrasta molt amb les taques. Als quir\u00f2fans \u00e9s freq\u00fcent que hi hagi molta quantitat de sang i fluids corporals que embruten el personal. Perqu\u00e8 aix\u00f2 no resulti tan escandal\u00f3s, s&#8217;ha optat per altres colors al personal que treballa en aquestes zones.<\/p>\n<p>D&#8217;altra banda, un color blanc intens juntament amb els focus del quir\u00f2fan pot cansar la vista com a conseq\u00fc\u00e8ncia dels reflexos. Per aix\u00f2, hi ha diversos metges que al quir\u00f2fan opten per altres colors.<\/p>\n<h2>Altres colors d&#8217;uniformes utilitzats a la medicina actualment<\/h2>\n<p>Avui dia, als hospitals, solem veure el personal de quir\u00f2fan vestit amb color verd. Aquest color s&#8217;associa amb la calma i la tranquil\u00b7litat, fonamental en pacients que se sotmeten a operacions quir\u00fargiques.<\/p>\n<p>Aquest color, juntament amb el blau, que transmet confian\u00e7a i responsabilitat, s\u00f3n els escollits per substituir el blanc. En alguns hospitals i cl\u00edniques, sobretot privats, ja es poden veure uniformes m\u00e9s moderns amb colors i dissenys m\u00e9s atrevits.<\/p>\n<p>Un altre exemple \u00e9s el dels pediatres, que de vegades utilitzen colors m\u00e9s vius i estampats per entretenir els nens que acudeixen a consulta.<\/p>\n<p>En definitiva, s\u00f3n diverses les raons per les quals els metges vesteixen de blanc als nostres dies. Aquesta tradici\u00f3, que es va iniciar a finals del segle XIX, coincideix amb l&#8217;auge de la ci\u00e8ncia i la millora de la higiene. Tot un c\u00famul de raons perqu\u00e8 els uniformes sanitaris de l\u2019actualitat siguin d\u2019aquest color.<\/p>\n","protected":false},"excerpt":{"rendered":"<p>\u00c9s possible que m\u00e9s d&#8217;una vegada us hagis preguntat per qu\u00e8 els metges vesteixen de blanc. No \u00e9s nom\u00e9s una causa hist\u00f2rica, ja que ha perdurat fins als nostres dies. La veritat \u00e9s que, des que es van instaurar les bates blanques a la medicina, els metges tenen una millor reputaci\u00f3. Tot i aix\u00f2, \u00e9s [&hellip;]<\/p>\n","protected":false},"author":7,"featured_media":6361,"comment_status":"open","ping_status":"open","sticky":false,"template":"","format":"standard","meta":{"_et_pb_use_builder":"","_et_pb_old_content":"","_et_gb_content_width":"","footnotes":""},"categories":[88,91,101],"tags":[89,92,102],"class_list":["post-10679","post","type-post","status-publish","format-standard","has-post-thumbnail","hentry","category-auxiliar-infermeria","category-auxiliar-quirofan","category-tecnic-emergencies-sanitaries","tag-auxiliar-infermeria","tag-auxiliar-quirofan","tag-emergencies-sanitaries"],"yoast_head":"<!-- This site is optimized with the Yoast SEO plugin v27.5 - https:\/\/yoast.com\/product\/yoast-seo-wordpress\/ -->\n<title>Per qu\u00e8 els metges vesteixen de blanc? T&#039;expliquem els motius<\/title>\n<meta name=\"description\" content=\"T&#039;expliquem perqu\u00e8 avui dia encara els metges vesteixen de blanc. D&#039;on ve aquesta tradici\u00f3 i per qu\u00e8 encara perdura?\" \/>\n<meta name=\"robots\" content=\"index, follow, max-snippet:-1, max-image-preview:large, max-video-preview:-1\" \/>\n<link rel=\"canonical\" href=\"https:\/\/eoc.cat\/ca\/metges-vesteixen-blanc\/\" \/>\n<meta property=\"og:locale\" content=\"ca_ES\" \/>\n<meta property=\"og:type\" content=\"article\" \/>\n<meta property=\"og:title\" content=\"Per qu\u00e8 els metges vesteixen de blanc? T&#039;expliquem els motius\" \/>\n<meta property=\"og:description\" content=\"T&#039;expliquem perqu\u00e8 avui dia encara els metges vesteixen de blanc. D&#039;on ve aquesta tradici\u00f3 i per qu\u00e8 encara perdura?\" \/>\n<meta property=\"og:url\" content=\"https:\/\/eoc.cat\/ca\/metges-vesteixen-blanc\/\" \/>\n<meta property=\"og:site_name\" content=\"Escola d&#039;Oficis Catalunya\" \/>\n<meta property=\"article:publisher\" content=\"https:\/\/www.facebook.com\/EscoladOficisCatalunya\" \/>\n<meta property=\"article:published_time\" content=\"2019-05-23T06:32:08+00:00\" \/>\n<meta property=\"article:modified_time\" content=\"2022-02-17T09:52:24+00:00\" \/>\n<meta property=\"og:image\" content=\"https:\/\/eoc.cat\/wp-content\/uploads\/2019\/05\/medicos-visten-de-blanco.jpg\" \/>\n\t<meta property=\"og:image:width\" content=\"810\" \/>\n\t<meta property=\"og:image:height\" content=\"513\" \/>\n\t<meta property=\"og:image:type\" content=\"image\/jpeg\" \/>\n<meta name=\"author\" content=\"EOC\" \/>\n<meta name=\"twitter:card\" content=\"summary_large_image\" \/>\n<meta name=\"twitter:title\" content=\"Per qu\u00e8 els metges vesteixen de blanc? T&#039;expliquem els motius\" \/>\n<meta name=\"twitter:description\" content=\"T&#039;expliquem perqu\u00e8 avui dia encara els metges vesteixen de blanc. D&#039;on ve aquesta tradici\u00f3 i per qu\u00e8 encara perdura?\" \/>\n<meta name=\"twitter:image\" content=\"https:\/\/eoc.cat\/wp-content\/uploads\/2019\/05\/medicos-visten-de-blanco.jpg\" \/>\n<meta name=\"twitter:creator\" content=\"@escoficat\" \/>\n<meta name=\"twitter:site\" content=\"@escoficat\" \/>\n<script type=\"application\/ld+json\" class=\"yoast-schema-graph\">{\"@context\":\"https:\\\/\\\/schema.org\",\"@graph\":[{\"@type\":\"Article\",\"@id\":\"https:\\\/\\\/eoc.cat\\\/ca\\\/metges-vesteixen-blanc\\\/#article\",\"isPartOf\":{\"@id\":\"https:\\\/\\\/eoc.cat\\\/ca\\\/metges-vesteixen-blanc\\\/\"},\"author\":{\"name\":\"EOC\",\"@id\":\"https:\\\/\\\/eoc.cat\\\/#\\\/schema\\\/person\\\/702649fa6e82a790042399ed7f67f79f\"},\"headline\":\"Per qu\u00e8 els metges vesteixen de blanc? T&#8217;expliquem els motius\",\"datePublished\":\"2019-05-23T06:32:08+00:00\",\"dateModified\":\"2022-02-17T09:52:24+00:00\",\"mainEntityOfPage\":{\"@id\":\"https:\\\/\\\/eoc.cat\\\/ca\\\/metges-vesteixen-blanc\\\/\"},\"wordCount\":876,\"commentCount\":0,\"publisher\":{\"@id\":\"https:\\\/\\\/eoc.cat\\\/#organization\"},\"image\":{\"@id\":\"https:\\\/\\\/eoc.cat\\\/ca\\\/metges-vesteixen-blanc\\\/#primaryimage\"},\"thumbnailUrl\":\"https:\\\/\\\/eoc.cat\\\/wp-content\\\/uploads\\\/2019\\\/05\\\/medicos-visten-de-blanco.jpg\",\"keywords\":[\"auxiliar d'infermeria\",\"auxiliar de quir\u00f2fan\",\"emerg\u00e8ncies sanit\u00e0ries\"],\"articleSection\":[\"Auxiliar d'infermeria\",\"Auxiliar de quir\u00f2fan\",\"T\u00e8cnic en emerg\u00e8ncies sanit\u00e0ries\"],\"inLanguage\":\"ca\",\"potentialAction\":[{\"@type\":\"CommentAction\",\"name\":\"Comment\",\"target\":[\"https:\\\/\\\/eoc.cat\\\/ca\\\/metges-vesteixen-blanc\\\/#respond\"]}]},{\"@type\":\"WebPage\",\"@id\":\"https:\\\/\\\/eoc.cat\\\/ca\\\/metges-vesteixen-blanc\\\/\",\"url\":\"https:\\\/\\\/eoc.cat\\\/ca\\\/metges-vesteixen-blanc\\\/\",\"name\":\"Per qu\u00e8 els metges vesteixen de blanc? T'expliquem els motius\",\"isPartOf\":{\"@id\":\"https:\\\/\\\/eoc.cat\\\/#website\"},\"primaryImageOfPage\":{\"@id\":\"https:\\\/\\\/eoc.cat\\\/ca\\\/metges-vesteixen-blanc\\\/#primaryimage\"},\"image\":{\"@id\":\"https:\\\/\\\/eoc.cat\\\/ca\\\/metges-vesteixen-blanc\\\/#primaryimage\"},\"thumbnailUrl\":\"https:\\\/\\\/eoc.cat\\\/wp-content\\\/uploads\\\/2019\\\/05\\\/medicos-visten-de-blanco.jpg\",\"datePublished\":\"2019-05-23T06:32:08+00:00\",\"dateModified\":\"2022-02-17T09:52:24+00:00\",\"description\":\"T'expliquem perqu\u00e8 avui dia encara els metges vesteixen de blanc. D'on ve aquesta tradici\u00f3 i per qu\u00e8 encara perdura?\",\"breadcrumb\":{\"@id\":\"https:\\\/\\\/eoc.cat\\\/ca\\\/metges-vesteixen-blanc\\\/#breadcrumb\"},\"inLanguage\":\"ca\",\"potentialAction\":[{\"@type\":\"ReadAction\",\"target\":[\"https:\\\/\\\/eoc.cat\\\/ca\\\/metges-vesteixen-blanc\\\/\"]}]},{\"@type\":\"ImageObject\",\"inLanguage\":\"ca\",\"@id\":\"https:\\\/\\\/eoc.cat\\\/ca\\\/metges-vesteixen-blanc\\\/#primaryimage\",\"url\":\"https:\\\/\\\/eoc.cat\\\/wp-content\\\/uploads\\\/2019\\\/05\\\/medicos-visten-de-blanco.jpg\",\"contentUrl\":\"https:\\\/\\\/eoc.cat\\\/wp-content\\\/uploads\\\/2019\\\/05\\\/medicos-visten-de-blanco.jpg\",\"width\":810,\"height\":513,\"caption\":\"m\u00e9dicos visten de blanco\"},{\"@type\":\"BreadcrumbList\",\"@id\":\"https:\\\/\\\/eoc.cat\\\/ca\\\/metges-vesteixen-blanc\\\/#breadcrumb\",\"itemListElement\":[{\"@type\":\"ListItem\",\"position\":1,\"name\":\"Portada\",\"item\":\"https:\\\/\\\/eoc.cat\\\/ca\\\/\"},{\"@type\":\"ListItem\",\"position\":2,\"name\":\"Per qu\u00e8 els metges vesteixen de blanc? T&#8217;expliquem els motius\"}]},{\"@type\":\"WebSite\",\"@id\":\"https:\\\/\\\/eoc.cat\\\/#website\",\"url\":\"https:\\\/\\\/eoc.cat\\\/\",\"name\":\"Escola d'Oficis Catalunya\",\"description\":\"Escuela de formaci\u00f3n profesional para adultos y j\u00f3venes\",\"publisher\":{\"@id\":\"https:\\\/\\\/eoc.cat\\\/#organization\"},\"alternateName\":\"EOC\",\"potentialAction\":[{\"@type\":\"SearchAction\",\"target\":{\"@type\":\"EntryPoint\",\"urlTemplate\":\"https:\\\/\\\/eoc.cat\\\/?s={search_term_string}\"},\"query-input\":{\"@type\":\"PropertyValueSpecification\",\"valueRequired\":true,\"valueName\":\"search_term_string\"}}],\"inLanguage\":\"ca\"},{\"@type\":\"Organization\",\"@id\":\"https:\\\/\\\/eoc.cat\\\/#organization\",\"name\":\"Escola d'Oficis Catalunya\",\"alternateName\":\"EOC\",\"url\":\"https:\\\/\\\/eoc.cat\\\/\",\"logo\":{\"@type\":\"ImageObject\",\"inLanguage\":\"ca\",\"@id\":\"https:\\\/\\\/eoc.cat\\\/#\\\/schema\\\/logo\\\/image\\\/\",\"url\":\"https:\\\/\\\/eoc.cat\\\/wp-content\\\/uploads\\\/2020\\\/12\\\/eoc-logotipo.png\",\"contentUrl\":\"https:\\\/\\\/eoc.cat\\\/wp-content\\\/uploads\\\/2020\\\/12\\\/eoc-logotipo.png\",\"width\":274,\"height\":118,\"caption\":\"Escola d'Oficis Catalunya\"},\"image\":{\"@id\":\"https:\\\/\\\/eoc.cat\\\/#\\\/schema\\\/logo\\\/image\\\/\"},\"sameAs\":[\"https:\\\/\\\/www.facebook.com\\\/EscoladOficisCatalunya\",\"https:\\\/\\\/x.com\\\/escoficat\",\"https:\\\/\\\/www.instagram.com\\\/escoladoficiscatalunya\\\/\",\"https:\\\/\\\/www.linkedin.com\\\/school\\\/escoladoficiscatalunya\\\/\",\"https:\\\/\\\/www.youtube.com\\\/channel\\\/UC_HLShkY7t1pf1CrXPw-gRQ\"]},{\"@type\":\"Person\",\"@id\":\"https:\\\/\\\/eoc.cat\\\/#\\\/schema\\\/person\\\/702649fa6e82a790042399ed7f67f79f\",\"name\":\"EOC\",\"image\":{\"@type\":\"ImageObject\",\"inLanguage\":\"ca\",\"@id\":\"https:\\\/\\\/secure.gravatar.com\\\/avatar\\\/db655658f91923a915562a010af881cf03bb56574b7e1241e9fa9ab684c7a9d0?s=96&r=g\",\"url\":\"https:\\\/\\\/secure.gravatar.com\\\/avatar\\\/db655658f91923a915562a010af881cf03bb56574b7e1241e9fa9ab684c7a9d0?s=96&r=g\",\"contentUrl\":\"https:\\\/\\\/secure.gravatar.com\\\/avatar\\\/db655658f91923a915562a010af881cf03bb56574b7e1241e9fa9ab684c7a9d0?s=96&r=g\",\"caption\":\"EOC\"},\"url\":\"https:\\\/\\\/eoc.cat\\\/ca\\\/author\\\/e0c93k1lk3\\\/\"}]}<\/script>\n<!-- \/ Yoast SEO plugin. -->","yoast_head_json":{"title":"Per qu\u00e8 els metges vesteixen de blanc? T'expliquem els motius","description":"T'expliquem perqu\u00e8 avui dia encara els metges vesteixen de blanc. D'on ve aquesta tradici\u00f3 i per qu\u00e8 encara perdura?","robots":{"index":"index","follow":"follow","max-snippet":"max-snippet:-1","max-image-preview":"max-image-preview:large","max-video-preview":"max-video-preview:-1"},"canonical":"https:\/\/eoc.cat\/ca\/metges-vesteixen-blanc\/","og_locale":"ca_ES","og_type":"article","og_title":"Per qu\u00e8 els metges vesteixen de blanc? T'expliquem els motius","og_description":"T'expliquem perqu\u00e8 avui dia encara els metges vesteixen de blanc. D'on ve aquesta tradici\u00f3 i per qu\u00e8 encara perdura?","og_url":"https:\/\/eoc.cat\/ca\/metges-vesteixen-blanc\/","og_site_name":"Escola d&#039;Oficis Catalunya","article_publisher":"https:\/\/www.facebook.com\/EscoladOficisCatalunya","article_published_time":"2019-05-23T06:32:08+00:00","article_modified_time":"2022-02-17T09:52:24+00:00","og_image":[{"width":810,"height":513,"url":"https:\/\/eoc.cat\/wp-content\/uploads\/2019\/05\/medicos-visten-de-blanco.jpg","type":"image\/jpeg"}],"author":"EOC","twitter_card":"summary_large_image","twitter_title":"Per qu\u00e8 els metges vesteixen de blanc? T'expliquem els motius","twitter_description":"T'expliquem perqu\u00e8 avui dia encara els metges vesteixen de blanc. D'on ve aquesta tradici\u00f3 i per qu\u00e8 encara perdura?","twitter_image":"https:\/\/eoc.cat\/wp-content\/uploads\/2019\/05\/medicos-visten-de-blanco.jpg","twitter_creator":"@escoficat","twitter_site":"@escoficat","schema":{"@context":"https:\/\/schema.org","@graph":[{"@type":"Article","@id":"https:\/\/eoc.cat\/ca\/metges-vesteixen-blanc\/#article","isPartOf":{"@id":"https:\/\/eoc.cat\/ca\/metges-vesteixen-blanc\/"},"author":{"name":"EOC","@id":"https:\/\/eoc.cat\/#\/schema\/person\/702649fa6e82a790042399ed7f67f79f"},"headline":"Per qu\u00e8 els metges vesteixen de blanc? T&#8217;expliquem els motius","datePublished":"2019-05-23T06:32:08+00:00","dateModified":"2022-02-17T09:52:24+00:00","mainEntityOfPage":{"@id":"https:\/\/eoc.cat\/ca\/metges-vesteixen-blanc\/"},"wordCount":876,"commentCount":0,"publisher":{"@id":"https:\/\/eoc.cat\/#organization"},"image":{"@id":"https:\/\/eoc.cat\/ca\/metges-vesteixen-blanc\/#primaryimage"},"thumbnailUrl":"https:\/\/eoc.cat\/wp-content\/uploads\/2019\/05\/medicos-visten-de-blanco.jpg","keywords":["auxiliar d'infermeria","auxiliar de quir\u00f2fan","emerg\u00e8ncies sanit\u00e0ries"],"articleSection":["Auxiliar d'infermeria","Auxiliar de quir\u00f2fan","T\u00e8cnic en emerg\u00e8ncies sanit\u00e0ries"],"inLanguage":"ca","potentialAction":[{"@type":"CommentAction","name":"Comment","target":["https:\/\/eoc.cat\/ca\/metges-vesteixen-blanc\/#respond"]}]},{"@type":"WebPage","@id":"https:\/\/eoc.cat\/ca\/metges-vesteixen-blanc\/","url":"https:\/\/eoc.cat\/ca\/metges-vesteixen-blanc\/","name":"Per qu\u00e8 els metges vesteixen de blanc? T'expliquem els motius","isPartOf":{"@id":"https:\/\/eoc.cat\/#website"},"primaryImageOfPage":{"@id":"https:\/\/eoc.cat\/ca\/metges-vesteixen-blanc\/#primaryimage"},"image":{"@id":"https:\/\/eoc.cat\/ca\/metges-vesteixen-blanc\/#primaryimage"},"thumbnailUrl":"https:\/\/eoc.cat\/wp-content\/uploads\/2019\/05\/medicos-visten-de-blanco.jpg","datePublished":"2019-05-23T06:32:08+00:00","dateModified":"2022-02-17T09:52:24+00:00","description":"T'expliquem perqu\u00e8 avui dia encara els metges vesteixen de blanc. D'on ve aquesta tradici\u00f3 i per qu\u00e8 encara perdura?","breadcrumb":{"@id":"https:\/\/eoc.cat\/ca\/metges-vesteixen-blanc\/#breadcrumb"},"inLanguage":"ca","potentialAction":[{"@type":"ReadAction","target":["https:\/\/eoc.cat\/ca\/metges-vesteixen-blanc\/"]}]},{"@type":"ImageObject","inLanguage":"ca","@id":"https:\/\/eoc.cat\/ca\/metges-vesteixen-blanc\/#primaryimage","url":"https:\/\/eoc.cat\/wp-content\/uploads\/2019\/05\/medicos-visten-de-blanco.jpg","contentUrl":"https:\/\/eoc.cat\/wp-content\/uploads\/2019\/05\/medicos-visten-de-blanco.jpg","width":810,"height":513,"caption":"m\u00e9dicos visten de blanco"},{"@type":"BreadcrumbList","@id":"https:\/\/eoc.cat\/ca\/metges-vesteixen-blanc\/#breadcrumb","itemListElement":[{"@type":"ListItem","position":1,"name":"Portada","item":"https:\/\/eoc.cat\/ca\/"},{"@type":"ListItem","position":2,"name":"Per qu\u00e8 els metges vesteixen de blanc? T&#8217;expliquem els motius"}]},{"@type":"WebSite","@id":"https:\/\/eoc.cat\/#website","url":"https:\/\/eoc.cat\/","name":"Escola d'Oficis Catalunya","description":"Escuela de formaci\u00f3n profesional para adultos y j\u00f3venes","publisher":{"@id":"https:\/\/eoc.cat\/#organization"},"alternateName":"EOC","potentialAction":[{"@type":"SearchAction","target":{"@type":"EntryPoint","urlTemplate":"https:\/\/eoc.cat\/?s={search_term_string}"},"query-input":{"@type":"PropertyValueSpecification","valueRequired":true,"valueName":"search_term_string"}}],"inLanguage":"ca"},{"@type":"Organization","@id":"https:\/\/eoc.cat\/#organization","name":"Escola d'Oficis Catalunya","alternateName":"EOC","url":"https:\/\/eoc.cat\/","logo":{"@type":"ImageObject","inLanguage":"ca","@id":"https:\/\/eoc.cat\/#\/schema\/logo\/image\/","url":"https:\/\/eoc.cat\/wp-content\/uploads\/2020\/12\/eoc-logotipo.png","contentUrl":"https:\/\/eoc.cat\/wp-content\/uploads\/2020\/12\/eoc-logotipo.png","width":274,"height":118,"caption":"Escola d'Oficis Catalunya"},"image":{"@id":"https:\/\/eoc.cat\/#\/schema\/logo\/image\/"},"sameAs":["https:\/\/www.facebook.com\/EscoladOficisCatalunya","https:\/\/x.com\/escoficat","https:\/\/www.instagram.com\/escoladoficiscatalunya\/","https:\/\/www.linkedin.com\/school\/escoladoficiscatalunya\/","https:\/\/www.youtube.com\/channel\/UC_HLShkY7t1pf1CrXPw-gRQ"]},{"@type":"Person","@id":"https:\/\/eoc.cat\/#\/schema\/person\/702649fa6e82a790042399ed7f67f79f","name":"EOC","image":{"@type":"ImageObject","inLanguage":"ca","@id":"https:\/\/secure.gravatar.com\/avatar\/db655658f91923a915562a010af881cf03bb56574b7e1241e9fa9ab684c7a9d0?s=96&r=g","url":"https:\/\/secure.gravatar.com\/avatar\/db655658f91923a915562a010af881cf03bb56574b7e1241e9fa9ab684c7a9d0?s=96&r=g","contentUrl":"https:\/\/secure.gravatar.com\/avatar\/db655658f91923a915562a010af881cf03bb56574b7e1241e9fa9ab684c7a9d0?s=96&r=g","caption":"EOC"},"url":"https:\/\/eoc.cat\/ca\/author\/e0c93k1lk3\/"}]}},"_links":{"self":[{"href":"https:\/\/eoc.cat\/ca\/wp-json\/wp\/v2\/posts\/10679","targetHints":{"allow":["GET"]}}],"collection":[{"href":"https:\/\/eoc.cat\/ca\/wp-json\/wp\/v2\/posts"}],"about":[{"href":"https:\/\/eoc.cat\/ca\/wp-json\/wp\/v2\/types\/post"}],"author":[{"embeddable":true,"href":"https:\/\/eoc.cat\/ca\/wp-json\/wp\/v2\/users\/7"}],"replies":[{"embeddable":true,"href":"https:\/\/eoc.cat\/ca\/wp-json\/wp\/v2\/comments?post=10679"}],"version-history":[{"count":2,"href":"https:\/\/eoc.cat\/ca\/wp-json\/wp\/v2\/posts\/10679\/revisions"}],"predecessor-version":[{"id":10681,"href":"https:\/\/eoc.cat\/ca\/wp-json\/wp\/v2\/posts\/10679\/revisions\/10681"}],"wp:featuredmedia":[{"embeddable":true,"href":"https:\/\/eoc.cat\/ca\/wp-json\/wp\/v2\/media\/6361"}],"wp:attachment":[{"href":"https:\/\/eoc.cat\/ca\/wp-json\/wp\/v2\/media?parent=10679"}],"wp:term":[{"taxonomy":"category","embeddable":true,"href":"https:\/\/eoc.cat\/ca\/wp-json\/wp\/v2\/categories?post=10679"},{"taxonomy":"post_tag","embeddable":true,"href":"https:\/\/eoc.cat\/ca\/wp-json\/wp\/v2\/tags?post=10679"}],"curies":[{"name":"wp","href":"https:\/\/api.w.org\/{rel}","templated":true}]}}