{"id":10730,"date":"2019-03-11T14:52:03","date_gmt":"2019-03-11T13:52:03","guid":{"rendered":"https:\/\/eoc.cat\/transferencia-paciente-politraumatico\/"},"modified":"2022-02-17T10:52:23","modified_gmt":"2022-02-17T09:52:23","slug":"transferencia-paciente-politraumatico","status":"publish","type":"post","link":"https:\/\/eoc.cat\/ca\/transferencia-paciente-politraumatico\/","title":{"rendered":"Transfer\u00e8ncia del pacient politraum\u00e0tic i coordinaci\u00f3 dels equips d\u2019intervenci\u00f3"},"content":{"rendered":"<p>[et_pb_section fb_built=&#8221;1&#8243; _builder_version=&#8221;3.22&#8243; global_colors_info=&#8221;{}&#8221;][et_pb_row _builder_version=&#8221;3.25&#8243; background_size=&#8221;initial&#8221; background_position=&#8221;top_left&#8221; background_repeat=&#8221;repeat&#8221; global_colors_info=&#8221;{}&#8221;][et_pb_column type=&#8221;4_4&#8243; _builder_version=&#8221;3.25&#8243; custom_padding=&#8221;|||&#8221; global_colors_info=&#8221;{}&#8221; custom_padding__hover=&#8221;|||&#8221;][et_pb_text _builder_version=&#8221;4.14.7&#8243; global_colors_info=&#8221;{}&#8221;]<\/p>\n<p>Crec que \u00e9s el moment de greixar aquesta m\u00e0quina que tots hem de tenir a punt en relaci\u00f3 amb un tema important a la nostra feina. M&#8217;estic referint a la transfer\u00e8ncia del pacient politraum\u00e0tic i la coordinaci\u00f3 dels equips que hi intervenen.<\/p>\n<p>Tot i que la major part de centres hospitalaris ja tenen un model d&#8217;atenci\u00f3 al pacient traum\u00e0tic greu, en aquest text valoro una s\u00e8rie de mesures afegides que poden aportar gran valor al procediment.<\/p>\n<h2>Qu\u00e8 \u00e9s un pacient politraum\u00e0tic?<\/h2>\n<p>Sempre que parlem d&#8217;un pacient politraum\u00e0tic el definim com a pacient amb patologia complexa, urgent i amb un estat hemodin\u00e0mic inestable. Tot i aix\u00f2, no podem a\u00efllar aquest tipus de pacients del context de l&#8217;accident i del mecanisme lesional.<\/p>\n<p>El pacient politraum\u00e0tic presenta un risc vital clar i requereix una atenci\u00f3 immediata. Es calcula que nom\u00e9s a Catalunya es registren al voltant de 3.000 pacients anualment.<\/p>\n<p>Com podeu imaginar, la gran majoria d&#8217;aquests pacients han patit accidents amb vehicles de motor.<\/p>\n<p>Gr\u00e0cies a l&#8217;evoluci\u00f3 de la nostra formaci\u00f3 com a <a href=\"https:\/\/eoc.cat\/ca\/cfgm-tecnic-emergencies-sanitaries\/\">T\u00e8cnics en Emerg\u00e8ncies Sanit\u00e0ries (TES)<\/a>, ens trobem en un punt en qu\u00e8 seria de gran utilitat generar un protocol en la transfer\u00e8ncia i la coordinaci\u00f3 entre l&#8217;equip de transport sanitari i el del centre hospitalari. Com que una mala mobilitzaci\u00f3 dels pacients politraum\u00e0tics pot ser perjudicial per al seu estat general, aquest protocol d&#8217;actuaci\u00f3 pot ser de gran ajuda.<\/p>\n<p>Pel que fa a la mortalitat per traumatismes, segons <a href=\"http:\/\/aquas.gencat.cat\/es\/detall\/article\/registre_traumcat_resultats2014#bloc2\">dades de TraumCat, del 2014<\/a>, dels 1.879 pacients registrats, el 6,9% va morir. El 7,4% en adults i el 3% en pacients pedi\u00e0trics.<\/p>\n<h2>En qu\u00e8 consistiria el protocol de transfer\u00e8ncia del pacient politraum\u00e0tic i de coordinaci\u00f3 dels equips?<\/h2>\n<p>En primer lloc, all\u00f2 indicat seria crear unes directrius d&#8217;acci\u00f3, amb unes ordres verbals clares i definides per a l&#8217;equip de la dotaci\u00f3. Aquest equip hauria de comptar amb un TES team leader.<\/p>\n<p>Aquest perfil ha de ser una persona amb unes pautes marcades i amb un coneixement extrahospitalari acreditat (protocols, material, personal) que ajudi a mantenir la mobilitzaci\u00f3 reglada del pacient, i amb el material necessari, que asseguri la cadena de transfer\u00e8ncies del pacient.<\/p>\n<p>Les transfer\u00e8ncies i la immobilitzaci\u00f3 correcta no s&#8217;han de limitar al transport des del lloc de l&#8217;accident fins a l&#8217;hospital. Per contra, s&#8217;han de mantenir fins que s&#8217;hagin fet totes les proves diagn\u00f2stiques pertinents i el pacient estigui estabilitzat.<\/p>\n<p>En aquest tipus de transport, el paper de team leader \u00e9s primordial. Ha de ser qui s&#8217;encarregui de fer una gesti\u00f3 correcta dirigint i ramificant el flux d&#8217;informaci\u00f3 al personal necessari.<\/p>\n<p>[\/et_pb_text][et_pb_divider color=&#8221;#1e73be&#8221; divider_weight=&#8221;3&#8243; admin_label=&#8221;Separador azul&#8221; _builder_version=&#8221;3.2&#8243; height=&#8221;5px&#8221; saved_tabs=&#8221;all&#8221; global_colors_info=&#8221;{}&#8221;][\/et_pb_divider][et_pb_team_member name=&#8221;Autor: Joan Mengual Bordas&#8221; position=&#8221;Formador del Ciclo Formativo de Grado Medio de T\u00e9cnico en Emergencias Sanitarias (TES) en Escola d\u2019Oficis Catalunya.&#8221; image_url=&#8221;https:\/\/eoc.cat\/wp-content\/uploads\/2019\/02\/joan-mengual.jpg&#8221; admin_label=&#8221;Autor: Joan Mengual Bordas&#8221; _builder_version=&#8221;3.19.15&#8243; header_font=&#8221;Roboto|700|||||||&#8221; header_text_color=&#8221;#1c2457&#8243; header_font_size=&#8221;20&#8243; body_font=&#8221;Roboto||||||||&#8221; body_text_color=&#8221;#4f4f4f&#8221; custom_margin=&#8221;20px|||&#8221; saved_tabs=&#8221;all&#8221; global_colors_info=&#8221;{}&#8221;]<\/p>\n<p>Joan Mengual es adem\u00e1s supervisor de la empresa <strong>Falck VL<\/strong> en el Baix Llobregat y formador del <strong>Consell Catal\u00e0 de Ressucitaci\u00f3<\/strong> y de la <strong>Sociedad Espa\u00f1ola de Medicina Intensiva, Cr\u00edtica y Unidades Coronarias<\/strong>.<\/p>\n<p>[\/et_pb_team_member][et_pb_divider color=&#8221;#1e73be&#8221; divider_weight=&#8221;3&#8243; admin_label=&#8221;Separador azul&#8221; _builder_version=&#8221;3.2&#8243; height=&#8221;5px&#8221; saved_tabs=&#8221;all&#8221; global_colors_info=&#8221;{}&#8221;][\/et_pb_divider][\/et_pb_column][\/et_pb_row][\/et_pb_section]<\/p>\n","protected":false},"excerpt":{"rendered":"<p>Crec que \u00e9s el moment de greixar aquesta m\u00e0quina que tots hem de tenir a punt en relaci\u00f3 amb un tema important a la nostra feina. M&#8217;estic referint a la transfer\u00e8ncia del pacient politraum\u00e0tic i la coordinaci\u00f3 dels equips que hi intervenen. Tot i que la major part de centres hospitalaris ja tenen un model d&#8217;atenci\u00f3 al pacient traum\u00e0tic greu, en aquest text valoro una s\u00e8rie de mesures afegides que poden aportar gran valor al procediment. Qu\u00e8 \u00e9s un pacient politraum\u00e0tic? Sempre que parlem d&#8217;un pacient politraum\u00e0tic el definim com a pacient amb patologia complexa, urgent i amb un estat hemodin\u00e0mic inestable. Tot i aix\u00f2, no podem a\u00efllar aquest tipus de pacients del context de l&#8217;accident i del mecanisme lesional. El pacient politraum\u00e0tic presenta un risc vital clar i requereix una atenci\u00f3 immediata. Es calcula que nom\u00e9s a Catalunya es registren al voltant de 3.000 pacients anualment. Com podeu imaginar, la gran majoria d&#8217;aquests pacients han patit accidents amb vehicles de motor. Gr\u00e0cies a l&#8217;evoluci\u00f3 de la nostra formaci\u00f3 com a T\u00e8cnics en Emerg\u00e8ncies Sanit\u00e0ries (TES), ens trobem en un punt en qu\u00e8 seria de gran utilitat generar un protocol en la transfer\u00e8ncia i la coordinaci\u00f3 entre l&#8217;equip de transport [&hellip;]<\/p>\n","protected":false},"author":7,"featured_media":6120,"comment_status":"open","ping_status":"open","sticky":false,"template":"","format":"standard","meta":{"_et_pb_use_builder":"on","_et_pb_old_content":"<p>Creo que es el momento de engrasar esa m\u00e1quina que todos debemos tener a punto en relaci\u00f3n con un tema importante en nuestro trabajo. Me estoy refiriendo a la transferencia del paciente politraum\u00e1tico y la coordinaci\u00f3n de los equipos que intervienen.<\/p><p>Pese a que la mayor parte de centros hospitalarios cuentan ya con un modelo de atenci\u00f3n al paciente traum\u00e1tico grave, en este texto valoro una serie de medidas a\u00f1adidas que pueden aportar gran valor al procedimiento.<\/p><h2>\u00bfQu\u00e9 es un paciente politraum\u00e1tico?<\/h2><p>Siempre que hablamos de un paciente politraum\u00e1tico lo definimos como un paciente con patolog\u00eda compleja, urgente y con un estado hemodin\u00e1mico inestable. Sin embargo, no podemos aislar a este tipo de pacientes del contexto del accidente y del mecanismo lesional.<\/p><p>El paciente politraum\u00e1tico presenta un claro riesgo vital y requiere de una atenci\u00f3n inmediata. Se calcula que solo en Catalu\u00f1a se registran alrededor de los 3.000 pacientes de este tipo anualmente.<\/p><p>Como es de imaginar, la gran mayor\u00eda de estos pacientes han sufrido accidentes con veh\u00edculos de motor.<\/p><p>Gracias a la evoluci\u00f3n de nuestra formaci\u00f3n como <a href=\"https:\/\/eoc.cat\/cfgm-tecnico-emergencias-sanitarias\/\">T\u00e9cnicos en Emergencias Sanitarias<\/a> (TES), nos encontramos en un punto en que ser\u00eda de gran utilidad <strong>generar un protocolo en la transferencia y coordinaci\u00f3n entre el equipo de transporte sanitario y el del centro hospitalario<\/strong>. Puesto que una mala movilizaci\u00f3n de los pacientes politraum\u00e1ticos puede ser perjudicial para su estado general, la existencia de este protocolo de actuaci\u00f3n puede ser de gran ayuda.<\/p><p>En cuanto a la mortalidad por traumatismos, seg\u00fan <a href=\"http:\/\/aquas.gencat.cat\/es\/detall\/article\/registre_traumcat_resultats2014#bloc2\">datos de TraumCat, de 2014<\/a>, de los 1.879 pacientes registrados, el 6,9% falleci\u00f3. El 7,4% en adultos y un 3% en pacientes pedi\u00e1tricos.<\/p><h3>\u00bfEn qu\u00e9 consistir\u00eda el protocolo de transferencia del paciente politraum\u00e1tico y de coordinaci\u00f3n de equipos?<\/h3><p>En primer lugar, lo indicado ser\u00eda crear unas directrices de acci\u00f3n, con unas \u00f3rdenes verbales claras y definidas para el equipo de la dotaci\u00f3n. Dicho equipo deber\u00eda contar con un TES <em>team leader<\/em>.<\/p><p>Este perfil debe ser una persona con unas pautas marcadas y con un conocimiento extrahospitalario (protocolos, material, personal) acreditado que le ayude a mantener la movilizaci\u00f3n reglada del paciente, y con el material necesario, que asegure la cadena de transferencias del paciente.<\/p><p>Las transferencias y la correcta inmovilizaci\u00f3n no se deben limitar al transporte desde el lugar del accidente hasta el hospital. Por el contrario, se deben mantener hasta que se hayan realizado todas las pruebas diagn\u00f3sticas pertinentes y el paciente est\u00e9 estabilizado.<\/p><p>En este tipo de transporte, el papel de <em>team leader<\/em> es primordial. Deber ser quien se encargue de hacer una gesti\u00f3n correcta dirigiendo y ramificando el flujo de informaci\u00f3n al personal necesario.<\/p><p>El quipo de atenci\u00f3n debe ser multidisciplinar y contar con profesionales de traumatolog\u00eda, cirug\u00eda vascular, neurolog\u00eda, enfermer\u00eda y anestesistas. La especializaci\u00f3n del equipo implicado puede reducir el tiempo de respuesta<\/p><p>Adem\u00e1s, se supervisar\u00e1 el estado del paciente desde el incidente hasta la llegada al hospital. El objetivo es buscar un tratamiento adecuado, con una informaci\u00f3n correcta de la causa del incidente y las medidas aplicadas hasta su llegada.<\/p><p>Asimismo, despu\u00e9s del diagn\u00f3stico y tratamiento del paciente ser\u00eda muy importante hacer un seguimiento. Con \u00e9l se podr\u00eda valorar en todo momento si se ha producido alguna complicaci\u00f3n motivada por una inmovilizaci\u00f3n, un transporte o una transferencia inadecuados.<\/p><p>Con este sistema de control ser\u00e1 posible mejorar la coordinaci\u00f3n y transferencia entre los equipos intervinientes.<\/p><h3>Beneficios del perfil del T\u00e9cnico de Emergencias Sanitarias Team Leader<\/h3><p>Que una sola persona, el <em>team leader<\/em>, maneje y disponga de toda la informaci\u00f3n sobre el paciente y su transferencia es importante para evitar una mala praxis en un momento de emergencia.<\/p><p>Que todo est\u00e9 centrado en una persona genera un adecuado ambiente de trabajo en el que se agradece ese silencio que permite explicar lo sucedido y realizar la coordinaci\u00f3n necesaria para activar al personal necesario.<\/p><p>Dentro del hospital, la transferencia se realizar\u00e1 a otro <em>team leader<\/em> m\u00e9dico que se encargar\u00e1 de seguir el proceso hospitalario con la mejor calidad, profesionalidad y efectividad.<\/p>","_et_gb_content_width":"","footnotes":""},"categories":[101],"tags":[102,119],"class_list":["post-10730","post","type-post","status-publish","format-standard","has-post-thumbnail","hentry","category-tecnic-emergencies-sanitaries","tag-emergencies-sanitaries","tag-suport-vital-basic"],"yoast_head":"<!-- This site is optimized with the Yoast SEO plugin v27.5 - https:\/\/yoast.com\/product\/yoast-seo-wordpress\/ -->\n<title>Transfer\u00e8ncia del pacient politraum\u00e0tic i coordinaci\u00f3 | EOC<\/title>\n<meta name=\"description\" content=\"Joan Mengual parla de la transfer\u00e8ncia del pacient politraum\u00e0tic i de la necessitat de protocols per a la coordinaci\u00f3 d&#039;equips.\" \/>\n<meta name=\"robots\" content=\"index, follow, max-snippet:-1, max-image-preview:large, max-video-preview:-1\" \/>\n<link rel=\"canonical\" href=\"https:\/\/eoc.cat\/ca\/transferencia-paciente-politraumatico\/\" \/>\n<meta property=\"og:locale\" content=\"ca_ES\" \/>\n<meta property=\"og:type\" content=\"article\" \/>\n<meta property=\"og:title\" content=\"Transfer\u00e8ncia del pacient politraum\u00e0tic i coordinaci\u00f3 | EOC\" \/>\n<meta property=\"og:description\" content=\"Joan Mengual parla de la transfer\u00e8ncia del pacient politraum\u00e0tic i de la necessitat de protocols per a la coordinaci\u00f3 d&#039;equips.\" \/>\n<meta property=\"og:url\" content=\"https:\/\/eoc.cat\/ca\/transferencia-paciente-politraumatico\/\" \/>\n<meta property=\"og:site_name\" content=\"Escola d&#039;Oficis Catalunya\" \/>\n<meta property=\"article:publisher\" content=\"https:\/\/www.facebook.com\/EscoladOficisCatalunya\" \/>\n<meta property=\"article:published_time\" content=\"2019-03-11T13:52:03+00:00\" \/>\n<meta property=\"article:modified_time\" content=\"2022-02-17T09:52:23+00:00\" \/>\n<meta property=\"og:image\" content=\"https:\/\/eoc.cat\/wp-content\/uploads\/2019\/02\/paciente-politraumatico.jpg\" \/>\n\t<meta property=\"og:image:width\" content=\"810\" \/>\n\t<meta property=\"og:image:height\" content=\"513\" \/>\n\t<meta property=\"og:image:type\" content=\"image\/jpeg\" \/>\n<meta name=\"author\" content=\"EOC\" \/>\n<meta name=\"twitter:card\" content=\"summary_large_image\" \/>\n<meta name=\"twitter:title\" content=\"Transfer\u00e8ncia del pacient politraum\u00e0tic i coordinaci\u00f3 | EOC\" \/>\n<meta name=\"twitter:description\" content=\"Joan Mengual parla de la transfer\u00e8ncia del pacient politraum\u00e0tic i de la necessitat de protocols per a la coordinaci\u00f3 d&#039;equips.\" \/>\n<meta name=\"twitter:image\" content=\"https:\/\/eoc.cat\/wp-content\/uploads\/2019\/02\/paciente-politraumatico.jpg\" \/>\n<meta name=\"twitter:creator\" content=\"@escoficat\" \/>\n<meta name=\"twitter:site\" content=\"@escoficat\" \/>\n<script type=\"application\/ld+json\" class=\"yoast-schema-graph\">{\"@context\":\"https:\\\/\\\/schema.org\",\"@graph\":[{\"@type\":\"Article\",\"@id\":\"https:\\\/\\\/eoc.cat\\\/ca\\\/transferencia-paciente-politraumatico\\\/#article\",\"isPartOf\":{\"@id\":\"https:\\\/\\\/eoc.cat\\\/ca\\\/transferencia-paciente-politraumatico\\\/\"},\"author\":{\"name\":\"EOC\",\"@id\":\"https:\\\/\\\/eoc.cat\\\/#\\\/schema\\\/person\\\/702649fa6e82a790042399ed7f67f79f\"},\"headline\":\"Transfer\u00e8ncia del pacient politraum\u00e0tic i coordinaci\u00f3 dels equips d\u2019intervenci\u00f3\",\"datePublished\":\"2019-03-11T13:52:03+00:00\",\"dateModified\":\"2022-02-17T09:52:23+00:00\",\"mainEntityOfPage\":{\"@id\":\"https:\\\/\\\/eoc.cat\\\/ca\\\/transferencia-paciente-politraumatico\\\/\"},\"wordCount\":694,\"commentCount\":0,\"publisher\":{\"@id\":\"https:\\\/\\\/eoc.cat\\\/#organization\"},\"image\":{\"@id\":\"https:\\\/\\\/eoc.cat\\\/ca\\\/transferencia-paciente-politraumatico\\\/#primaryimage\"},\"thumbnailUrl\":\"https:\\\/\\\/eoc.cat\\\/wp-content\\\/uploads\\\/2019\\\/02\\\/paciente-politraumatico.jpg\",\"keywords\":[\"emerg\u00e8ncies sanit\u00e0ries\",\"suport vital b\u00e0sic\"],\"articleSection\":[\"T\u00e8cnic en emerg\u00e8ncies sanit\u00e0ries\"],\"inLanguage\":\"ca\",\"potentialAction\":[{\"@type\":\"CommentAction\",\"name\":\"Comment\",\"target\":[\"https:\\\/\\\/eoc.cat\\\/ca\\\/transferencia-paciente-politraumatico\\\/#respond\"]}]},{\"@type\":\"WebPage\",\"@id\":\"https:\\\/\\\/eoc.cat\\\/ca\\\/transferencia-paciente-politraumatico\\\/\",\"url\":\"https:\\\/\\\/eoc.cat\\\/ca\\\/transferencia-paciente-politraumatico\\\/\",\"name\":\"Transfer\u00e8ncia del pacient politraum\u00e0tic i coordinaci\u00f3 | EOC\",\"isPartOf\":{\"@id\":\"https:\\\/\\\/eoc.cat\\\/#website\"},\"primaryImageOfPage\":{\"@id\":\"https:\\\/\\\/eoc.cat\\\/ca\\\/transferencia-paciente-politraumatico\\\/#primaryimage\"},\"image\":{\"@id\":\"https:\\\/\\\/eoc.cat\\\/ca\\\/transferencia-paciente-politraumatico\\\/#primaryimage\"},\"thumbnailUrl\":\"https:\\\/\\\/eoc.cat\\\/wp-content\\\/uploads\\\/2019\\\/02\\\/paciente-politraumatico.jpg\",\"datePublished\":\"2019-03-11T13:52:03+00:00\",\"dateModified\":\"2022-02-17T09:52:23+00:00\",\"description\":\"Joan Mengual parla de la transfer\u00e8ncia del pacient politraum\u00e0tic i de la necessitat de protocols per a la coordinaci\u00f3 d'equips.\",\"breadcrumb\":{\"@id\":\"https:\\\/\\\/eoc.cat\\\/ca\\\/transferencia-paciente-politraumatico\\\/#breadcrumb\"},\"inLanguage\":\"ca\",\"potentialAction\":[{\"@type\":\"ReadAction\",\"target\":[\"https:\\\/\\\/eoc.cat\\\/ca\\\/transferencia-paciente-politraumatico\\\/\"]}]},{\"@type\":\"ImageObject\",\"inLanguage\":\"ca\",\"@id\":\"https:\\\/\\\/eoc.cat\\\/ca\\\/transferencia-paciente-politraumatico\\\/#primaryimage\",\"url\":\"https:\\\/\\\/eoc.cat\\\/wp-content\\\/uploads\\\/2019\\\/02\\\/paciente-politraumatico.jpg\",\"contentUrl\":\"https:\\\/\\\/eoc.cat\\\/wp-content\\\/uploads\\\/2019\\\/02\\\/paciente-politraumatico.jpg\",\"width\":810,\"height\":513,\"caption\":\"paciente politraum\u00e1tico\"},{\"@type\":\"BreadcrumbList\",\"@id\":\"https:\\\/\\\/eoc.cat\\\/ca\\\/transferencia-paciente-politraumatico\\\/#breadcrumb\",\"itemListElement\":[{\"@type\":\"ListItem\",\"position\":1,\"name\":\"Portada\",\"item\":\"https:\\\/\\\/eoc.cat\\\/ca\\\/\"},{\"@type\":\"ListItem\",\"position\":2,\"name\":\"Transfer\u00e8ncia del pacient politraum\u00e0tic i coordinaci\u00f3 dels equips d\u2019intervenci\u00f3\"}]},{\"@type\":\"WebSite\",\"@id\":\"https:\\\/\\\/eoc.cat\\\/#website\",\"url\":\"https:\\\/\\\/eoc.cat\\\/\",\"name\":\"Escola d'Oficis Catalunya\",\"description\":\"Escuela de formaci\u00f3n profesional para adultos y j\u00f3venes\",\"publisher\":{\"@id\":\"https:\\\/\\\/eoc.cat\\\/#organization\"},\"alternateName\":\"EOC\",\"potentialAction\":[{\"@type\":\"SearchAction\",\"target\":{\"@type\":\"EntryPoint\",\"urlTemplate\":\"https:\\\/\\\/eoc.cat\\\/?s={search_term_string}\"},\"query-input\":{\"@type\":\"PropertyValueSpecification\",\"valueRequired\":true,\"valueName\":\"search_term_string\"}}],\"inLanguage\":\"ca\"},{\"@type\":\"Organization\",\"@id\":\"https:\\\/\\\/eoc.cat\\\/#organization\",\"name\":\"Escola d'Oficis Catalunya\",\"alternateName\":\"EOC\",\"url\":\"https:\\\/\\\/eoc.cat\\\/\",\"logo\":{\"@type\":\"ImageObject\",\"inLanguage\":\"ca\",\"@id\":\"https:\\\/\\\/eoc.cat\\\/#\\\/schema\\\/logo\\\/image\\\/\",\"url\":\"https:\\\/\\\/eoc.cat\\\/wp-content\\\/uploads\\\/2020\\\/12\\\/eoc-logotipo.png\",\"contentUrl\":\"https:\\\/\\\/eoc.cat\\\/wp-content\\\/uploads\\\/2020\\\/12\\\/eoc-logotipo.png\",\"width\":274,\"height\":118,\"caption\":\"Escola d'Oficis Catalunya\"},\"image\":{\"@id\":\"https:\\\/\\\/eoc.cat\\\/#\\\/schema\\\/logo\\\/image\\\/\"},\"sameAs\":[\"https:\\\/\\\/www.facebook.com\\\/EscoladOficisCatalunya\",\"https:\\\/\\\/x.com\\\/escoficat\",\"https:\\\/\\\/www.instagram.com\\\/escoladoficiscatalunya\\\/\",\"https:\\\/\\\/www.linkedin.com\\\/school\\\/escoladoficiscatalunya\\\/\",\"https:\\\/\\\/www.youtube.com\\\/channel\\\/UC_HLShkY7t1pf1CrXPw-gRQ\"]},{\"@type\":\"Person\",\"@id\":\"https:\\\/\\\/eoc.cat\\\/#\\\/schema\\\/person\\\/702649fa6e82a790042399ed7f67f79f\",\"name\":\"EOC\",\"image\":{\"@type\":\"ImageObject\",\"inLanguage\":\"ca\",\"@id\":\"https:\\\/\\\/secure.gravatar.com\\\/avatar\\\/db655658f91923a915562a010af881cf03bb56574b7e1241e9fa9ab684c7a9d0?s=96&r=g\",\"url\":\"https:\\\/\\\/secure.gravatar.com\\\/avatar\\\/db655658f91923a915562a010af881cf03bb56574b7e1241e9fa9ab684c7a9d0?s=96&r=g\",\"contentUrl\":\"https:\\\/\\\/secure.gravatar.com\\\/avatar\\\/db655658f91923a915562a010af881cf03bb56574b7e1241e9fa9ab684c7a9d0?s=96&r=g\",\"caption\":\"EOC\"},\"url\":\"https:\\\/\\\/eoc.cat\\\/ca\\\/author\\\/e0c93k1lk3\\\/\"}]}<\/script>\n<!-- \/ Yoast SEO plugin. -->","yoast_head_json":{"title":"Transfer\u00e8ncia del pacient politraum\u00e0tic i coordinaci\u00f3 | EOC","description":"Joan Mengual parla de la transfer\u00e8ncia del pacient politraum\u00e0tic i de la necessitat de protocols per a la coordinaci\u00f3 d'equips.","robots":{"index":"index","follow":"follow","max-snippet":"max-snippet:-1","max-image-preview":"max-image-preview:large","max-video-preview":"max-video-preview:-1"},"canonical":"https:\/\/eoc.cat\/ca\/transferencia-paciente-politraumatico\/","og_locale":"ca_ES","og_type":"article","og_title":"Transfer\u00e8ncia del pacient politraum\u00e0tic i coordinaci\u00f3 | EOC","og_description":"Joan Mengual parla de la transfer\u00e8ncia del pacient politraum\u00e0tic i de la necessitat de protocols per a la coordinaci\u00f3 d'equips.","og_url":"https:\/\/eoc.cat\/ca\/transferencia-paciente-politraumatico\/","og_site_name":"Escola d&#039;Oficis Catalunya","article_publisher":"https:\/\/www.facebook.com\/EscoladOficisCatalunya","article_published_time":"2019-03-11T13:52:03+00:00","article_modified_time":"2022-02-17T09:52:23+00:00","og_image":[{"width":810,"height":513,"url":"https:\/\/eoc.cat\/wp-content\/uploads\/2019\/02\/paciente-politraumatico.jpg","type":"image\/jpeg"}],"author":"EOC","twitter_card":"summary_large_image","twitter_title":"Transfer\u00e8ncia del pacient politraum\u00e0tic i coordinaci\u00f3 | EOC","twitter_description":"Joan Mengual parla de la transfer\u00e8ncia del pacient politraum\u00e0tic i de la necessitat de protocols per a la coordinaci\u00f3 d'equips.","twitter_image":"https:\/\/eoc.cat\/wp-content\/uploads\/2019\/02\/paciente-politraumatico.jpg","twitter_creator":"@escoficat","twitter_site":"@escoficat","schema":{"@context":"https:\/\/schema.org","@graph":[{"@type":"Article","@id":"https:\/\/eoc.cat\/ca\/transferencia-paciente-politraumatico\/#article","isPartOf":{"@id":"https:\/\/eoc.cat\/ca\/transferencia-paciente-politraumatico\/"},"author":{"name":"EOC","@id":"https:\/\/eoc.cat\/#\/schema\/person\/702649fa6e82a790042399ed7f67f79f"},"headline":"Transfer\u00e8ncia del pacient politraum\u00e0tic i coordinaci\u00f3 dels equips d\u2019intervenci\u00f3","datePublished":"2019-03-11T13:52:03+00:00","dateModified":"2022-02-17T09:52:23+00:00","mainEntityOfPage":{"@id":"https:\/\/eoc.cat\/ca\/transferencia-paciente-politraumatico\/"},"wordCount":694,"commentCount":0,"publisher":{"@id":"https:\/\/eoc.cat\/#organization"},"image":{"@id":"https:\/\/eoc.cat\/ca\/transferencia-paciente-politraumatico\/#primaryimage"},"thumbnailUrl":"https:\/\/eoc.cat\/wp-content\/uploads\/2019\/02\/paciente-politraumatico.jpg","keywords":["emerg\u00e8ncies sanit\u00e0ries","suport vital b\u00e0sic"],"articleSection":["T\u00e8cnic en emerg\u00e8ncies sanit\u00e0ries"],"inLanguage":"ca","potentialAction":[{"@type":"CommentAction","name":"Comment","target":["https:\/\/eoc.cat\/ca\/transferencia-paciente-politraumatico\/#respond"]}]},{"@type":"WebPage","@id":"https:\/\/eoc.cat\/ca\/transferencia-paciente-politraumatico\/","url":"https:\/\/eoc.cat\/ca\/transferencia-paciente-politraumatico\/","name":"Transfer\u00e8ncia del pacient politraum\u00e0tic i coordinaci\u00f3 | EOC","isPartOf":{"@id":"https:\/\/eoc.cat\/#website"},"primaryImageOfPage":{"@id":"https:\/\/eoc.cat\/ca\/transferencia-paciente-politraumatico\/#primaryimage"},"image":{"@id":"https:\/\/eoc.cat\/ca\/transferencia-paciente-politraumatico\/#primaryimage"},"thumbnailUrl":"https:\/\/eoc.cat\/wp-content\/uploads\/2019\/02\/paciente-politraumatico.jpg","datePublished":"2019-03-11T13:52:03+00:00","dateModified":"2022-02-17T09:52:23+00:00","description":"Joan Mengual parla de la transfer\u00e8ncia del pacient politraum\u00e0tic i de la necessitat de protocols per a la coordinaci\u00f3 d'equips.","breadcrumb":{"@id":"https:\/\/eoc.cat\/ca\/transferencia-paciente-politraumatico\/#breadcrumb"},"inLanguage":"ca","potentialAction":[{"@type":"ReadAction","target":["https:\/\/eoc.cat\/ca\/transferencia-paciente-politraumatico\/"]}]},{"@type":"ImageObject","inLanguage":"ca","@id":"https:\/\/eoc.cat\/ca\/transferencia-paciente-politraumatico\/#primaryimage","url":"https:\/\/eoc.cat\/wp-content\/uploads\/2019\/02\/paciente-politraumatico.jpg","contentUrl":"https:\/\/eoc.cat\/wp-content\/uploads\/2019\/02\/paciente-politraumatico.jpg","width":810,"height":513,"caption":"paciente politraum\u00e1tico"},{"@type":"BreadcrumbList","@id":"https:\/\/eoc.cat\/ca\/transferencia-paciente-politraumatico\/#breadcrumb","itemListElement":[{"@type":"ListItem","position":1,"name":"Portada","item":"https:\/\/eoc.cat\/ca\/"},{"@type":"ListItem","position":2,"name":"Transfer\u00e8ncia del pacient politraum\u00e0tic i coordinaci\u00f3 dels equips d\u2019intervenci\u00f3"}]},{"@type":"WebSite","@id":"https:\/\/eoc.cat\/#website","url":"https:\/\/eoc.cat\/","name":"Escola d'Oficis Catalunya","description":"Escuela de formaci\u00f3n profesional para adultos y j\u00f3venes","publisher":{"@id":"https:\/\/eoc.cat\/#organization"},"alternateName":"EOC","potentialAction":[{"@type":"SearchAction","target":{"@type":"EntryPoint","urlTemplate":"https:\/\/eoc.cat\/?s={search_term_string}"},"query-input":{"@type":"PropertyValueSpecification","valueRequired":true,"valueName":"search_term_string"}}],"inLanguage":"ca"},{"@type":"Organization","@id":"https:\/\/eoc.cat\/#organization","name":"Escola d'Oficis Catalunya","alternateName":"EOC","url":"https:\/\/eoc.cat\/","logo":{"@type":"ImageObject","inLanguage":"ca","@id":"https:\/\/eoc.cat\/#\/schema\/logo\/image\/","url":"https:\/\/eoc.cat\/wp-content\/uploads\/2020\/12\/eoc-logotipo.png","contentUrl":"https:\/\/eoc.cat\/wp-content\/uploads\/2020\/12\/eoc-logotipo.png","width":274,"height":118,"caption":"Escola d'Oficis Catalunya"},"image":{"@id":"https:\/\/eoc.cat\/#\/schema\/logo\/image\/"},"sameAs":["https:\/\/www.facebook.com\/EscoladOficisCatalunya","https:\/\/x.com\/escoficat","https:\/\/www.instagram.com\/escoladoficiscatalunya\/","https:\/\/www.linkedin.com\/school\/escoladoficiscatalunya\/","https:\/\/www.youtube.com\/channel\/UC_HLShkY7t1pf1CrXPw-gRQ"]},{"@type":"Person","@id":"https:\/\/eoc.cat\/#\/schema\/person\/702649fa6e82a790042399ed7f67f79f","name":"EOC","image":{"@type":"ImageObject","inLanguage":"ca","@id":"https:\/\/secure.gravatar.com\/avatar\/db655658f91923a915562a010af881cf03bb56574b7e1241e9fa9ab684c7a9d0?s=96&r=g","url":"https:\/\/secure.gravatar.com\/avatar\/db655658f91923a915562a010af881cf03bb56574b7e1241e9fa9ab684c7a9d0?s=96&r=g","contentUrl":"https:\/\/secure.gravatar.com\/avatar\/db655658f91923a915562a010af881cf03bb56574b7e1241e9fa9ab684c7a9d0?s=96&r=g","caption":"EOC"},"url":"https:\/\/eoc.cat\/ca\/author\/e0c93k1lk3\/"}]}},"_links":{"self":[{"href":"https:\/\/eoc.cat\/ca\/wp-json\/wp\/v2\/posts\/10730","targetHints":{"allow":["GET"]}}],"collection":[{"href":"https:\/\/eoc.cat\/ca\/wp-json\/wp\/v2\/posts"}],"about":[{"href":"https:\/\/eoc.cat\/ca\/wp-json\/wp\/v2\/types\/post"}],"author":[{"embeddable":true,"href":"https:\/\/eoc.cat\/ca\/wp-json\/wp\/v2\/users\/7"}],"replies":[{"embeddable":true,"href":"https:\/\/eoc.cat\/ca\/wp-json\/wp\/v2\/comments?post=10730"}],"version-history":[{"count":4,"href":"https:\/\/eoc.cat\/ca\/wp-json\/wp\/v2\/posts\/10730\/revisions"}],"predecessor-version":[{"id":10738,"href":"https:\/\/eoc.cat\/ca\/wp-json\/wp\/v2\/posts\/10730\/revisions\/10738"}],"wp:featuredmedia":[{"embeddable":true,"href":"https:\/\/eoc.cat\/ca\/wp-json\/wp\/v2\/media\/6120"}],"wp:attachment":[{"href":"https:\/\/eoc.cat\/ca\/wp-json\/wp\/v2\/media?parent=10730"}],"wp:term":[{"taxonomy":"category","embeddable":true,"href":"https:\/\/eoc.cat\/ca\/wp-json\/wp\/v2\/categories?post=10730"},{"taxonomy":"post_tag","embeddable":true,"href":"https:\/\/eoc.cat\/ca\/wp-json\/wp\/v2\/tags?post=10730"}],"curies":[{"name":"wp","href":"https:\/\/api.w.org\/{rel}","templated":true}]}}