{"id":10740,"date":"2019-02-21T09:09:09","date_gmt":"2019-02-21T08:09:09","guid":{"rendered":"https:\/\/eoc.cat\/historia-de-las-ambulancias\/"},"modified":"2022-02-17T10:52:22","modified_gmt":"2022-02-17T09:52:22","slug":"historia-ambulancies","status":"publish","type":"post","link":"https:\/\/eoc.cat\/ca\/historia-ambulancies\/","title":{"rendered":"Hist\u00f2ria de les ambul\u00e0ncies"},"content":{"rendered":"<p>Un dels vehicles de qu\u00e8 potser menys s\u00e0pigues s\u00f3n les ambul\u00e0ncies. Per saber una mica sobre la hist\u00f2ria de les ambul\u00e0ncies cal remuntar-se a la Fran\u00e7a del segle XVIII. La denominaci\u00f3 d&#8217;ambul\u00e0ncia procedeix del llat\u00ed\u00a0ambulans\u00a0i es pot traduir com caminar a l&#8217;hospital.<\/p>\n<h2>Breu hist\u00f2ria de les ambul\u00e0ncies<\/h2>\n<p>Algunes veus afirmen que aquest terme es va encunyar pels Reis Cat\u00f2lics a finals del segle XV. La seva hist\u00f2ria es remunta a temps b\u00edblics, per\u00f2, fins aquell moment nom\u00e9s complia el prop\u00f2sit de traslladar els malalts a l&#8217;hospital.<\/p>\n<p>Va ser un destacat membre de l&#8217;ex\u00e8rcit napole\u00f2nic qui va canviar el concepte existent d&#8217;ambul\u00e0ncia en introduir metges amb el seu instrumental. <a href=\"https:\/\/es.wikipedia.org\/wiki\/Dominique-Jean_Larrey\">Dominique Larrey<\/a>, metge franc\u00e8s, va idear un sistema amb qu\u00e8 prestar auxili r\u00e0pidament als ferits del camp de batalla. Els trasllats es realitzaven a les denominades ambul\u00e0ncies volants.<\/p>\n<p>Durant totes les batalles que es lliuraven al segle XVIII, els balan\u00e7os de morts eren aclaparadors. Aquestes primeres <a href=\"https:\/\/eoc.cat\/ca\/cfgm-tecnic-emergencies-sanitaries\/\">emerg\u00e8ncies sanit\u00e0ries<\/a> van reduir de manera significativa el nombre de persones mortes durant el transcurs de les batalles.<\/p>\n<p>La primera refer\u00e8ncia que existeix d&#8217;aquest sistema d&#8217;ambul\u00e0ncies est\u00e0 datada el 1793, al setge de Mag\u00fancia. Per\u00f2 va ser el 1798, amb els ex\u00e8rcits de Napole\u00f3 a Egipte, quan Dominique va organitzar un equip d&#8217;ambul\u00e0ncies i cirurgians.<\/p>\n<h2>Les primeres ambul\u00e0ncies conegudes<\/h2>\n<p>Les ambul\u00e0ncies ideades per Dominique Larrey s&#8217;inspiraven en el funcionament de l&#8217;artilleria volant a cavall. Consistien en una volta capsa de fusta, un parell de finestres a banda i banda, panells folrats laterals i portes del darrere i davanteres de doble batent.<\/p>\n<p>A l&#8217;interior hi havia quatre rodets. Amb ells resultava molt senzill el lliscament de la base, sobre la qual se situava un matal\u00e0s folrat de cuir.<\/p>\n<p>Els primers serveis d&#8217;ambul\u00e0ncia que atenien la poblaci\u00f3 civil daten del 1865 a Cincinnati. Posteriorment, el 1869, van comen\u00e7ar a veure&#8217;s a Nova York. Aquells vehicles eren llen\u00e7ats per cavalls per\u00f2 estaven equipats amb un equip b\u00e0sic. Per tant, pr\u00e0cticament es limitaven a traslladar pacients a l&#8217;hospital.<\/p>\n<p>Va ser a finals del segle XIX, el 1899, quan es va utilitzar per primera vegada una ambul\u00e0ncia motoritzada. El vehicle era molt pesat i la velocitat no superava els 20km\/h.<\/p>\n<p>Durant la segona Guerra Mundial es va buscar millorar el temps de resposta i es va comen\u00e7ar a treballar en altres models. Aix\u00ed va sorgir l&#8217;adaptaci\u00f3 del Ford T, que aconseguia 75km\/h i tenia la possibilitat de moure&#8217;s en terrenys irregulars. A m\u00e9s, els ferits podien anar amb llitera. Un gran aven\u00e7 en la hist\u00f2ria de les ambul\u00e0ncies, sens dubte.<\/p>\n<p><img loading=\"lazy\" decoding=\"async\" class=\"aligncenter wp-image-6011 size-full\" title=\"primeras ambulancias\" src=\"https:\/\/eoc.cat\/wp-content\/uploads\/2019\/02\/primeras-ambulancias.jpg\" alt=\"primeras ambulancias\" width=\"810\" height=\"513\" srcset=\"https:\/\/eoc.cat\/wp-content\/uploads\/2019\/02\/primeras-ambulancias.jpg 810w, https:\/\/eoc.cat\/wp-content\/uploads\/2019\/02\/primeras-ambulancias-300x190.jpg 300w, https:\/\/eoc.cat\/wp-content\/uploads\/2019\/02\/primeras-ambulancias-768x486.jpg 768w\" sizes=\"(max-width: 810px) 100vw, 810px\" \/><\/p>\n<h2>Emerg\u00e8ncies sanit\u00e0ries<\/h2>\n<p>El 1793 un general va escriure que gr\u00e0cies a Larrey es va poder salvar molts dels defensors del pa\u00eds. Per aix\u00f2, Napole\u00f3 es va endur al seu costat Dominique per a la campanya italiana. Sota les seves ordres, Larrey va desenvolupar a Mil\u00e0 el 1797 una escola de cirurgia i una unitat d&#8217;ambul\u00e0ncies.<\/p>\n<p>&nbsp;<\/p>\n<p>Tamb\u00e9 es va posar en pr\u00e0ctica el sistema de triatge elaborat per Percy. Amb ell es classificaven els ferits segons la gravetat i no segons l&#8217;escalaf\u00f3 militar. D&#8217;aquesta manera es podien atendre les urg\u00e8ncies amb m\u00e9s precisi\u00f3.<\/p>\n<p>Ja el 1798 Larrey es va embarcar amb Napole\u00f3 a l&#8217;expedici\u00f3 a Egipte. All\u00e0 va organitzar tres unitats amb setze ambul\u00e0ncies llen\u00e7ades per camells o muls, quinze cirurgians i multitud d&#8217;auxiliars. Aquesta gesta es va considerar un dels grans aven\u00e7os del segle XVIII i li va valer una enorme reputaci\u00f3.<\/p>\n<p>La batalla d&#8217;Aboukir de 1799 va deixar 40 amputats i m\u00e9s de 800 ferits. Encara que gr\u00e0cies al servei d&#8217;emerg\u00e8ncies sanit\u00e0ries dissenyat van aconseguir recuperar-se.<\/p>\n<p>Dins la hist\u00f2ria de les ambul\u00e0ncies cal esmentar que la primera ambul\u00e0ncia a\u00e8ria es va dissenyar el 1928. \u00c9s ella hi havia una infermera, un pilot, un metge i un espai per a una llitera amb un malalt. El primer pacient que es va traslladar per aquest mitj\u00e0 al Regne Unit va ser una peritonitis el 1933.<\/p>\n<h2>A partir dels anys 50 del s.XX<\/h2>\n<p>El 1950, durant la Guerra de Corea, es van evacuar m\u00e9s de 20.000 pacients. Gr\u00e0cies a aquest sistema es va reduir la mortalitat gaireb\u00e9 al 50%, fet que va permetre que a la Guerra del Vietnam es millor\u00e9s el sistema d&#8217;evacuaci\u00f3.<\/p>\n<p>Durant els anys 50 i 60 es va introduir la ressuscitaci\u00f3 cardiopulmonar amb massatge card\u00edac i respiraci\u00f3 boca a boca. Aix\u00ed es va impulsar la comunitat m\u00e8dica a formar els seus membres en aquestes emerg\u00e8ncies.<\/p>\n<p>Aix\u00f2 va suposar una revoluci\u00f3 en el concepte tradicional d&#8217;ambul\u00e0ncia. Va fer que l&#8217;atenci\u00f3 prehospital\u00e0ria en pacients cr\u00edtics es fes per especialistes i de forma organitzada. Aix\u00ed, l&#8217;ambul\u00e0ncia va passar de ser un mer transport a gran velocitat fins a l&#8217;hospital m\u00e9s proper a ser una extensi\u00f3 del mateix.<\/p>\n<p>Frank Pantridge va crear la unitat m\u00f2bil de cures intensives gr\u00e0cies al disseny d&#8217;atenci\u00f3 de pacients amb cardiopaties isqu\u00e8miques a domicili el 1966 a Belfast. Aix\u00f2 va reduir la mortalitat prehospital\u00e0ria i el temps d&#8217;arribada a l&#8217;hospital dels pacients coronaris.<\/p>\n<p>En definitiva,\u00a0la hist\u00f2ria de les ambul\u00e0ncies presenta una clara evoluci\u00f3\u00a0des dels seus inicis fins a la tercera part del segle XX, on comencen a sorgir tal com les coneixem avui dia.<\/p>\n","protected":false},"excerpt":{"rendered":"<p>Un dels vehicles de qu\u00e8 potser menys s\u00e0pigues s\u00f3n les ambul\u00e0ncies. Per saber una mica sobre la hist\u00f2ria de les ambul\u00e0ncies cal remuntar-se a la Fran\u00e7a del segle XVIII. La denominaci\u00f3 d&#8217;ambul\u00e0ncia procedeix del llat\u00ed\u00a0ambulans\u00a0i es pot traduir com caminar a l&#8217;hospital. Breu hist\u00f2ria de les ambul\u00e0ncies Algunes veus afirmen que aquest terme es va [&hellip;]<\/p>\n","protected":false},"author":7,"featured_media":6010,"comment_status":"open","ping_status":"open","sticky":false,"template":"","format":"standard","meta":{"_et_pb_use_builder":"","_et_pb_old_content":"","_et_gb_content_width":"","footnotes":""},"categories":[101],"tags":[],"class_list":["post-10740","post","type-post","status-publish","format-standard","has-post-thumbnail","hentry","category-tecnic-emergencies-sanitaries"],"yoast_head":"<!-- This site is optimized with the Yoast SEO plugin v27.5 - https:\/\/yoast.com\/product\/yoast-seo-wordpress\/ -->\n<title>Hist\u00f2ria de les ambul\u00e0ncies | Emerg\u00e8ncies Sanit\u00e0ries<\/title>\n<meta name=\"description\" content=\"Fem un recorregut breu per la hist\u00f2ria de les ambul\u00e0ncies i els serveis m\u00f2bils d&#039;atenci\u00f3 d&#039;emerg\u00e8ncies sanit\u00e0ries.\" \/>\n<meta name=\"robots\" content=\"index, follow, max-snippet:-1, max-image-preview:large, max-video-preview:-1\" \/>\n<link rel=\"canonical\" href=\"https:\/\/eoc.cat\/ca\/historia-ambulancies\/\" \/>\n<meta property=\"og:locale\" content=\"ca_ES\" \/>\n<meta property=\"og:type\" content=\"article\" \/>\n<meta property=\"og:title\" content=\"Hist\u00f2ria de les ambul\u00e0ncies | Emerg\u00e8ncies Sanit\u00e0ries\" \/>\n<meta property=\"og:description\" content=\"Fem un recorregut breu per la hist\u00f2ria de les ambul\u00e0ncies i els serveis m\u00f2bils d&#039;atenci\u00f3 d&#039;emerg\u00e8ncies sanit\u00e0ries.\" \/>\n<meta property=\"og:url\" content=\"https:\/\/eoc.cat\/ca\/historia-ambulancies\/\" \/>\n<meta property=\"og:site_name\" content=\"Escola d&#039;Oficis Catalunya\" \/>\n<meta property=\"article:publisher\" content=\"https:\/\/www.facebook.com\/EscoladOficisCatalunya\" \/>\n<meta property=\"article:published_time\" content=\"2019-02-21T08:09:09+00:00\" \/>\n<meta property=\"article:modified_time\" content=\"2022-02-17T09:52:22+00:00\" \/>\n<meta property=\"og:image\" content=\"https:\/\/eoc.cat\/wp-content\/uploads\/2019\/02\/historia-de-las-ambulancias.jpg\" \/>\n\t<meta property=\"og:image:width\" content=\"810\" \/>\n\t<meta property=\"og:image:height\" content=\"513\" \/>\n\t<meta property=\"og:image:type\" content=\"image\/jpeg\" \/>\n<meta name=\"author\" content=\"EOC\" \/>\n<meta name=\"twitter:card\" content=\"summary_large_image\" \/>\n<meta name=\"twitter:title\" content=\"Hist\u00f2ria de les ambul\u00e0ncies | Emerg\u00e8ncies Sanit\u00e0ries\" \/>\n<meta name=\"twitter:description\" content=\"Fem un recorregut breu per la hist\u00f2ria de les ambul\u00e0ncies i els serveis m\u00f2bils d&#039;atenci\u00f3 d&#039;emerg\u00e8ncies sanit\u00e0ries.\" \/>\n<meta name=\"twitter:image\" content=\"https:\/\/eoc.cat\/wp-content\/uploads\/2019\/02\/historia-de-las-ambulancias.jpg\" \/>\n<meta name=\"twitter:creator\" content=\"@escoficat\" \/>\n<meta name=\"twitter:site\" content=\"@escoficat\" \/>\n<script type=\"application\/ld+json\" class=\"yoast-schema-graph\">{\"@context\":\"https:\\\/\\\/schema.org\",\"@graph\":[{\"@type\":\"Article\",\"@id\":\"https:\\\/\\\/eoc.cat\\\/ca\\\/historia-ambulancies\\\/#article\",\"isPartOf\":{\"@id\":\"https:\\\/\\\/eoc.cat\\\/ca\\\/historia-ambulancies\\\/\"},\"author\":{\"name\":\"EOC\",\"@id\":\"https:\\\/\\\/eoc.cat\\\/#\\\/schema\\\/person\\\/702649fa6e82a790042399ed7f67f79f\"},\"headline\":\"Hist\u00f2ria de les ambul\u00e0ncies\",\"datePublished\":\"2019-02-21T08:09:09+00:00\",\"dateModified\":\"2022-02-17T09:52:22+00:00\",\"mainEntityOfPage\":{\"@id\":\"https:\\\/\\\/eoc.cat\\\/ca\\\/historia-ambulancies\\\/\"},\"wordCount\":948,\"commentCount\":0,\"publisher\":{\"@id\":\"https:\\\/\\\/eoc.cat\\\/#organization\"},\"image\":{\"@id\":\"https:\\\/\\\/eoc.cat\\\/ca\\\/historia-ambulancies\\\/#primaryimage\"},\"thumbnailUrl\":\"https:\\\/\\\/eoc.cat\\\/wp-content\\\/uploads\\\/2019\\\/02\\\/historia-de-las-ambulancias.jpg\",\"articleSection\":[\"T\u00e8cnic en emerg\u00e8ncies sanit\u00e0ries\"],\"inLanguage\":\"ca\",\"potentialAction\":[{\"@type\":\"CommentAction\",\"name\":\"Comment\",\"target\":[\"https:\\\/\\\/eoc.cat\\\/ca\\\/historia-ambulancies\\\/#respond\"]}]},{\"@type\":\"WebPage\",\"@id\":\"https:\\\/\\\/eoc.cat\\\/ca\\\/historia-ambulancies\\\/\",\"url\":\"https:\\\/\\\/eoc.cat\\\/ca\\\/historia-ambulancies\\\/\",\"name\":\"Hist\u00f2ria de les ambul\u00e0ncies | Emerg\u00e8ncies Sanit\u00e0ries\",\"isPartOf\":{\"@id\":\"https:\\\/\\\/eoc.cat\\\/#website\"},\"primaryImageOfPage\":{\"@id\":\"https:\\\/\\\/eoc.cat\\\/ca\\\/historia-ambulancies\\\/#primaryimage\"},\"image\":{\"@id\":\"https:\\\/\\\/eoc.cat\\\/ca\\\/historia-ambulancies\\\/#primaryimage\"},\"thumbnailUrl\":\"https:\\\/\\\/eoc.cat\\\/wp-content\\\/uploads\\\/2019\\\/02\\\/historia-de-las-ambulancias.jpg\",\"datePublished\":\"2019-02-21T08:09:09+00:00\",\"dateModified\":\"2022-02-17T09:52:22+00:00\",\"description\":\"Fem un recorregut breu per la hist\u00f2ria de les ambul\u00e0ncies i els serveis m\u00f2bils d'atenci\u00f3 d'emerg\u00e8ncies sanit\u00e0ries.\",\"breadcrumb\":{\"@id\":\"https:\\\/\\\/eoc.cat\\\/ca\\\/historia-ambulancies\\\/#breadcrumb\"},\"inLanguage\":\"ca\",\"potentialAction\":[{\"@type\":\"ReadAction\",\"target\":[\"https:\\\/\\\/eoc.cat\\\/ca\\\/historia-ambulancies\\\/\"]}]},{\"@type\":\"ImageObject\",\"inLanguage\":\"ca\",\"@id\":\"https:\\\/\\\/eoc.cat\\\/ca\\\/historia-ambulancies\\\/#primaryimage\",\"url\":\"https:\\\/\\\/eoc.cat\\\/wp-content\\\/uploads\\\/2019\\\/02\\\/historia-de-las-ambulancias.jpg\",\"contentUrl\":\"https:\\\/\\\/eoc.cat\\\/wp-content\\\/uploads\\\/2019\\\/02\\\/historia-de-las-ambulancias.jpg\",\"width\":810,\"height\":513,\"caption\":\"historia de las ambulancias\"},{\"@type\":\"BreadcrumbList\",\"@id\":\"https:\\\/\\\/eoc.cat\\\/ca\\\/historia-ambulancies\\\/#breadcrumb\",\"itemListElement\":[{\"@type\":\"ListItem\",\"position\":1,\"name\":\"Portada\",\"item\":\"https:\\\/\\\/eoc.cat\\\/ca\\\/\"},{\"@type\":\"ListItem\",\"position\":2,\"name\":\"Hist\u00f2ria de les ambul\u00e0ncies\"}]},{\"@type\":\"WebSite\",\"@id\":\"https:\\\/\\\/eoc.cat\\\/#website\",\"url\":\"https:\\\/\\\/eoc.cat\\\/\",\"name\":\"Escola d'Oficis Catalunya\",\"description\":\"Escuela de formaci\u00f3n profesional para adultos y j\u00f3venes\",\"publisher\":{\"@id\":\"https:\\\/\\\/eoc.cat\\\/#organization\"},\"alternateName\":\"EOC\",\"potentialAction\":[{\"@type\":\"SearchAction\",\"target\":{\"@type\":\"EntryPoint\",\"urlTemplate\":\"https:\\\/\\\/eoc.cat\\\/?s={search_term_string}\"},\"query-input\":{\"@type\":\"PropertyValueSpecification\",\"valueRequired\":true,\"valueName\":\"search_term_string\"}}],\"inLanguage\":\"ca\"},{\"@type\":\"Organization\",\"@id\":\"https:\\\/\\\/eoc.cat\\\/#organization\",\"name\":\"Escola d'Oficis Catalunya\",\"alternateName\":\"EOC\",\"url\":\"https:\\\/\\\/eoc.cat\\\/\",\"logo\":{\"@type\":\"ImageObject\",\"inLanguage\":\"ca\",\"@id\":\"https:\\\/\\\/eoc.cat\\\/#\\\/schema\\\/logo\\\/image\\\/\",\"url\":\"https:\\\/\\\/eoc.cat\\\/wp-content\\\/uploads\\\/2020\\\/12\\\/eoc-logotipo.png\",\"contentUrl\":\"https:\\\/\\\/eoc.cat\\\/wp-content\\\/uploads\\\/2020\\\/12\\\/eoc-logotipo.png\",\"width\":274,\"height\":118,\"caption\":\"Escola d'Oficis Catalunya\"},\"image\":{\"@id\":\"https:\\\/\\\/eoc.cat\\\/#\\\/schema\\\/logo\\\/image\\\/\"},\"sameAs\":[\"https:\\\/\\\/www.facebook.com\\\/EscoladOficisCatalunya\",\"https:\\\/\\\/x.com\\\/escoficat\",\"https:\\\/\\\/www.instagram.com\\\/escoladoficiscatalunya\\\/\",\"https:\\\/\\\/www.linkedin.com\\\/school\\\/escoladoficiscatalunya\\\/\",\"https:\\\/\\\/www.youtube.com\\\/channel\\\/UC_HLShkY7t1pf1CrXPw-gRQ\"]},{\"@type\":\"Person\",\"@id\":\"https:\\\/\\\/eoc.cat\\\/#\\\/schema\\\/person\\\/702649fa6e82a790042399ed7f67f79f\",\"name\":\"EOC\",\"image\":{\"@type\":\"ImageObject\",\"inLanguage\":\"ca\",\"@id\":\"https:\\\/\\\/secure.gravatar.com\\\/avatar\\\/db655658f91923a915562a010af881cf03bb56574b7e1241e9fa9ab684c7a9d0?s=96&r=g\",\"url\":\"https:\\\/\\\/secure.gravatar.com\\\/avatar\\\/db655658f91923a915562a010af881cf03bb56574b7e1241e9fa9ab684c7a9d0?s=96&r=g\",\"contentUrl\":\"https:\\\/\\\/secure.gravatar.com\\\/avatar\\\/db655658f91923a915562a010af881cf03bb56574b7e1241e9fa9ab684c7a9d0?s=96&r=g\",\"caption\":\"EOC\"},\"url\":\"https:\\\/\\\/eoc.cat\\\/ca\\\/author\\\/e0c93k1lk3\\\/\"}]}<\/script>\n<!-- \/ Yoast SEO plugin. -->","yoast_head_json":{"title":"Hist\u00f2ria de les ambul\u00e0ncies | Emerg\u00e8ncies Sanit\u00e0ries","description":"Fem un recorregut breu per la hist\u00f2ria de les ambul\u00e0ncies i els serveis m\u00f2bils d'atenci\u00f3 d'emerg\u00e8ncies sanit\u00e0ries.","robots":{"index":"index","follow":"follow","max-snippet":"max-snippet:-1","max-image-preview":"max-image-preview:large","max-video-preview":"max-video-preview:-1"},"canonical":"https:\/\/eoc.cat\/ca\/historia-ambulancies\/","og_locale":"ca_ES","og_type":"article","og_title":"Hist\u00f2ria de les ambul\u00e0ncies | Emerg\u00e8ncies Sanit\u00e0ries","og_description":"Fem un recorregut breu per la hist\u00f2ria de les ambul\u00e0ncies i els serveis m\u00f2bils d'atenci\u00f3 d'emerg\u00e8ncies sanit\u00e0ries.","og_url":"https:\/\/eoc.cat\/ca\/historia-ambulancies\/","og_site_name":"Escola d&#039;Oficis Catalunya","article_publisher":"https:\/\/www.facebook.com\/EscoladOficisCatalunya","article_published_time":"2019-02-21T08:09:09+00:00","article_modified_time":"2022-02-17T09:52:22+00:00","og_image":[{"width":810,"height":513,"url":"https:\/\/eoc.cat\/wp-content\/uploads\/2019\/02\/historia-de-las-ambulancias.jpg","type":"image\/jpeg"}],"author":"EOC","twitter_card":"summary_large_image","twitter_title":"Hist\u00f2ria de les ambul\u00e0ncies | Emerg\u00e8ncies Sanit\u00e0ries","twitter_description":"Fem un recorregut breu per la hist\u00f2ria de les ambul\u00e0ncies i els serveis m\u00f2bils d'atenci\u00f3 d'emerg\u00e8ncies sanit\u00e0ries.","twitter_image":"https:\/\/eoc.cat\/wp-content\/uploads\/2019\/02\/historia-de-las-ambulancias.jpg","twitter_creator":"@escoficat","twitter_site":"@escoficat","schema":{"@context":"https:\/\/schema.org","@graph":[{"@type":"Article","@id":"https:\/\/eoc.cat\/ca\/historia-ambulancies\/#article","isPartOf":{"@id":"https:\/\/eoc.cat\/ca\/historia-ambulancies\/"},"author":{"name":"EOC","@id":"https:\/\/eoc.cat\/#\/schema\/person\/702649fa6e82a790042399ed7f67f79f"},"headline":"Hist\u00f2ria de les ambul\u00e0ncies","datePublished":"2019-02-21T08:09:09+00:00","dateModified":"2022-02-17T09:52:22+00:00","mainEntityOfPage":{"@id":"https:\/\/eoc.cat\/ca\/historia-ambulancies\/"},"wordCount":948,"commentCount":0,"publisher":{"@id":"https:\/\/eoc.cat\/#organization"},"image":{"@id":"https:\/\/eoc.cat\/ca\/historia-ambulancies\/#primaryimage"},"thumbnailUrl":"https:\/\/eoc.cat\/wp-content\/uploads\/2019\/02\/historia-de-las-ambulancias.jpg","articleSection":["T\u00e8cnic en emerg\u00e8ncies sanit\u00e0ries"],"inLanguage":"ca","potentialAction":[{"@type":"CommentAction","name":"Comment","target":["https:\/\/eoc.cat\/ca\/historia-ambulancies\/#respond"]}]},{"@type":"WebPage","@id":"https:\/\/eoc.cat\/ca\/historia-ambulancies\/","url":"https:\/\/eoc.cat\/ca\/historia-ambulancies\/","name":"Hist\u00f2ria de les ambul\u00e0ncies | Emerg\u00e8ncies Sanit\u00e0ries","isPartOf":{"@id":"https:\/\/eoc.cat\/#website"},"primaryImageOfPage":{"@id":"https:\/\/eoc.cat\/ca\/historia-ambulancies\/#primaryimage"},"image":{"@id":"https:\/\/eoc.cat\/ca\/historia-ambulancies\/#primaryimage"},"thumbnailUrl":"https:\/\/eoc.cat\/wp-content\/uploads\/2019\/02\/historia-de-las-ambulancias.jpg","datePublished":"2019-02-21T08:09:09+00:00","dateModified":"2022-02-17T09:52:22+00:00","description":"Fem un recorregut breu per la hist\u00f2ria de les ambul\u00e0ncies i els serveis m\u00f2bils d'atenci\u00f3 d'emerg\u00e8ncies sanit\u00e0ries.","breadcrumb":{"@id":"https:\/\/eoc.cat\/ca\/historia-ambulancies\/#breadcrumb"},"inLanguage":"ca","potentialAction":[{"@type":"ReadAction","target":["https:\/\/eoc.cat\/ca\/historia-ambulancies\/"]}]},{"@type":"ImageObject","inLanguage":"ca","@id":"https:\/\/eoc.cat\/ca\/historia-ambulancies\/#primaryimage","url":"https:\/\/eoc.cat\/wp-content\/uploads\/2019\/02\/historia-de-las-ambulancias.jpg","contentUrl":"https:\/\/eoc.cat\/wp-content\/uploads\/2019\/02\/historia-de-las-ambulancias.jpg","width":810,"height":513,"caption":"historia de las ambulancias"},{"@type":"BreadcrumbList","@id":"https:\/\/eoc.cat\/ca\/historia-ambulancies\/#breadcrumb","itemListElement":[{"@type":"ListItem","position":1,"name":"Portada","item":"https:\/\/eoc.cat\/ca\/"},{"@type":"ListItem","position":2,"name":"Hist\u00f2ria de les ambul\u00e0ncies"}]},{"@type":"WebSite","@id":"https:\/\/eoc.cat\/#website","url":"https:\/\/eoc.cat\/","name":"Escola d'Oficis Catalunya","description":"Escuela de formaci\u00f3n profesional para adultos y j\u00f3venes","publisher":{"@id":"https:\/\/eoc.cat\/#organization"},"alternateName":"EOC","potentialAction":[{"@type":"SearchAction","target":{"@type":"EntryPoint","urlTemplate":"https:\/\/eoc.cat\/?s={search_term_string}"},"query-input":{"@type":"PropertyValueSpecification","valueRequired":true,"valueName":"search_term_string"}}],"inLanguage":"ca"},{"@type":"Organization","@id":"https:\/\/eoc.cat\/#organization","name":"Escola d'Oficis Catalunya","alternateName":"EOC","url":"https:\/\/eoc.cat\/","logo":{"@type":"ImageObject","inLanguage":"ca","@id":"https:\/\/eoc.cat\/#\/schema\/logo\/image\/","url":"https:\/\/eoc.cat\/wp-content\/uploads\/2020\/12\/eoc-logotipo.png","contentUrl":"https:\/\/eoc.cat\/wp-content\/uploads\/2020\/12\/eoc-logotipo.png","width":274,"height":118,"caption":"Escola d'Oficis Catalunya"},"image":{"@id":"https:\/\/eoc.cat\/#\/schema\/logo\/image\/"},"sameAs":["https:\/\/www.facebook.com\/EscoladOficisCatalunya","https:\/\/x.com\/escoficat","https:\/\/www.instagram.com\/escoladoficiscatalunya\/","https:\/\/www.linkedin.com\/school\/escoladoficiscatalunya\/","https:\/\/www.youtube.com\/channel\/UC_HLShkY7t1pf1CrXPw-gRQ"]},{"@type":"Person","@id":"https:\/\/eoc.cat\/#\/schema\/person\/702649fa6e82a790042399ed7f67f79f","name":"EOC","image":{"@type":"ImageObject","inLanguage":"ca","@id":"https:\/\/secure.gravatar.com\/avatar\/db655658f91923a915562a010af881cf03bb56574b7e1241e9fa9ab684c7a9d0?s=96&r=g","url":"https:\/\/secure.gravatar.com\/avatar\/db655658f91923a915562a010af881cf03bb56574b7e1241e9fa9ab684c7a9d0?s=96&r=g","contentUrl":"https:\/\/secure.gravatar.com\/avatar\/db655658f91923a915562a010af881cf03bb56574b7e1241e9fa9ab684c7a9d0?s=96&r=g","caption":"EOC"},"url":"https:\/\/eoc.cat\/ca\/author\/e0c93k1lk3\/"}]}},"_links":{"self":[{"href":"https:\/\/eoc.cat\/ca\/wp-json\/wp\/v2\/posts\/10740","targetHints":{"allow":["GET"]}}],"collection":[{"href":"https:\/\/eoc.cat\/ca\/wp-json\/wp\/v2\/posts"}],"about":[{"href":"https:\/\/eoc.cat\/ca\/wp-json\/wp\/v2\/types\/post"}],"author":[{"embeddable":true,"href":"https:\/\/eoc.cat\/ca\/wp-json\/wp\/v2\/users\/7"}],"replies":[{"embeddable":true,"href":"https:\/\/eoc.cat\/ca\/wp-json\/wp\/v2\/comments?post=10740"}],"version-history":[{"count":2,"href":"https:\/\/eoc.cat\/ca\/wp-json\/wp\/v2\/posts\/10740\/revisions"}],"predecessor-version":[{"id":10742,"href":"https:\/\/eoc.cat\/ca\/wp-json\/wp\/v2\/posts\/10740\/revisions\/10742"}],"wp:featuredmedia":[{"embeddable":true,"href":"https:\/\/eoc.cat\/ca\/wp-json\/wp\/v2\/media\/6010"}],"wp:attachment":[{"href":"https:\/\/eoc.cat\/ca\/wp-json\/wp\/v2\/media?parent=10740"}],"wp:term":[{"taxonomy":"category","embeddable":true,"href":"https:\/\/eoc.cat\/ca\/wp-json\/wp\/v2\/categories?post=10740"},{"taxonomy":"post_tag","embeddable":true,"href":"https:\/\/eoc.cat\/ca\/wp-json\/wp\/v2\/tags?post=10740"}],"curies":[{"name":"wp","href":"https:\/\/api.w.org\/{rel}","templated":true}]}}