{"id":10744,"date":"2019-02-18T10:02:04","date_gmt":"2019-02-18T09:02:04","guid":{"rendered":"https:\/\/eoc.cat\/filariosis-canina-el-gusano-del-corazon\/"},"modified":"2022-02-17T10:52:22","modified_gmt":"2022-02-17T09:52:22","slug":"filariosi-canina-cuc-cor","status":"publish","type":"post","link":"https:\/\/eoc.cat\/ca\/filariosi-canina-cuc-cor\/","title":{"rendered":"Filariosi canina. El cuc del cor"},"content":{"rendered":"<p>La filariosi canina \u00e9s un problema cada cop m\u00e9s com\u00fa, a causa del canvi clim\u00e0tic. \u00c9s produ\u00eft per la picada d&#8217;un mosquit o un altre insecte, permetent propagar aquesta malaltia end\u00e8mica d&#8217;un gos a un altre. A continuaci\u00f3 et detallem els s\u00edmptomes i la manera de prevenir-ho. L\u2019actuaci\u00f3 de l\u2019equip veterinari a temps pot salvar la vida de la mascota.<\/p>\n<h2>La filariosi canina, el cuc del cor<\/h2>\n<p>Quan parlem de filariosi ens referim a un par\u00e0sit, la fil\u00e0ria. Est t\u00e9 forma de cuc i es transmet mitjan\u00e7ant una picada d&#8217;insecte, generalment de mosquit. Com b\u00e9 pots predir, aquest par\u00e0sit en forma de cuc afecta el cor del gos.<\/p>\n<p>Detectar-ho a temps pot salvar la vida de la mascota. En cas contrari, veur\u00e0 afectats els seus \u00f2rgans vitals, a banda del cor, com els pulmons i els ronyons. En aquest sentit, cal tenir en compte determinats s\u00edmptomes, que donaran peu a la realitzaci\u00f3 de proves diagn\u00f2stiques.<\/p>\n<h2>S\u00edmptomes en un gos infectat per filariosi<\/h2>\n<p>Des que el gos \u00e9s infectat, poden apar\u00e8ixer els primers s\u00edmptomes a partir del sis\u00e8 mes. Els par\u00e0sits que entren en contacte per primera vegada amb l&#8217;animal s\u00f3n microsc\u00f2pics i estan en per\u00edode de maduraci\u00f3. Un cop maduren, poden assolir fins a vuit cent\u00edmetres de longitud, sent m\u00e9s f\u00e0cil detectar-los.<\/p>\n<p>En funci\u00f3 dels \u00f2rgans que vagi afectant, la mascota pot presentar diferents s\u00edmptomes de filariosi canina:<\/p>\n<p>Si els cucs s&#8217;allotgen a la pell, pots observar diversos bonys. Davant d&#8217;aquests succeeix una reacci\u00f3 d&#8217;ansietat del gos per gratar-se cont\u00ednuament.<\/p>\n<p>Quan els par\u00e0sits afecten els pulmons, ser\u00e0 m\u00e9s t\u00edpica la tos. De la mateixa manera, durant l&#8217;exercici f\u00edsic no suportar\u00e0 un gran esfor\u00e7 i es fatigar\u00e0 abans. Tamb\u00e9 es pot observar dificultat respirat\u00f2ria.<\/p>\n<p>En cas d&#8217;afectar els ronyons, la mascota sol manifestar de manera excessiva moltes ganes de beure. Aix\u00ed mateix, es multiplicar\u00e0 la freq\u00fc\u00e8ncia de micci\u00f3.<\/p>\n<p>L&#8217;afectaci\u00f3 al cor es fa evident davant de la poca satisfacci\u00f3 de l&#8217;animal per la pr\u00e0ctica d&#8217;exercici. En cas que hagi col\u00b7lapsat o perdut el coneixement, parlem d&#8217;un risc clar per la seva vida.<\/p>\n<h2>Com diagnostiquem aquesta malaltia?<\/h2>\n<p>Hi ha tres m\u00e8todes per diagnosticar la filariosi canina. Qualsevol d&#8217;elles te&#8217;n ser\u00e0 suficient, encara que tamb\u00e9 ho pots corroborar realitzant una segona prova d&#8217;entre les seg\u00fcents:<\/p>\n<p>Realitzar una prova de sang, en qu\u00e8 es pugui observar mitjan\u00e7ant microscopi la invasi\u00f3 d&#8217;aquests cucs.<\/p>\n<p>Una anal\u00edtica sangu\u00ednia, que de manera espec\u00edfica indiqui el positiu de la malaltia.<\/p>\n<p>Una radiografia dels \u00f2rgans que s&#8217;intueixin infectats pels par\u00e0sits. Aquests poden observar-se perfectament a les plaques, ja que molts aconsegueixen una gran longitud, d&#8217;entre set a vuit cent\u00edmetres.<\/p>\n<p>En aconseguir afirmar el problema mitjan\u00e7ant aquestes proves, arriba el moment de fer el tractament. Per\u00f2 \u00e9s important que l&#8217;amo de la mascota hagi actuat amb rapidesa davant dels primers s\u00edmptomes. Si el pacient \u00e9s at\u00e8s a la cl\u00ednica veterin\u00e0ria pels veterinaris i <a href=\"https:\/\/eoc.cat\/ca\/curs-auxiliar-tecnic-veterinaria\/\">auxiliars de veterin\u00e0ria<\/a> a temps, l&#8217;animal encara es pot recuperar.<\/p>\n<p><img loading=\"lazy\" decoding=\"async\" class=\"aligncenter size-full wp-image-6005\" src=\"https:\/\/eoc.cat\/wp-content\/uploads\/2019\/02\/gusano-del-corazon.jpg\" alt=\"gusano del coraz\u00f3n\" width=\"810\" height=\"513\" srcset=\"https:\/\/eoc.cat\/wp-content\/uploads\/2019\/02\/gusano-del-corazon.jpg 810w, https:\/\/eoc.cat\/wp-content\/uploads\/2019\/02\/gusano-del-corazon-300x190.jpg 300w, https:\/\/eoc.cat\/wp-content\/uploads\/2019\/02\/gusano-del-corazon-768x486.jpg 768w\" sizes=\"(max-width: 810px) 100vw, 810px\" \/><\/p>\n<h2>Tractament de la filariosi canina<\/h2>\n<p>Les fil\u00e0ries poden afectar realment molts animals, aix\u00ed com l&#8217;\u00e9sser hum\u00e0. Est\u00e0 comprovat que les condicions clim\u00e0tiques representen un factor important. Com m\u00e9s mesos d&#8217;humitat hi hagi, a m\u00e9s a m\u00e9s d&#8217;una temperatura alta, m\u00e9s prolifera. Els mosquits solen ser els m\u00e0xims culpables que aquesta malaltia sigui end\u00e8mica. La propaguen quan s&#8217;alimenten d&#8217;un animal infectat.<\/p>\n<p>Per tractar aquest problema, havent estat detectat pr\u00e8viament, cal dir que hi ha una major efectivitat sobre microfil\u00e0ries (formes no madures). En aquest cas, sempre que l&#8217;animal no mostri s\u00edmptomes ni larves adultes, es pot tractar amb <a href=\"http:\/\/www.terapeuticaveterinaria.com\/antiparasitarios-internos\/lactonas-macrociclicas\">lactones macroc\u00edcliques<\/a>.<\/p>\n<p>Quan les larves superen els dos cent\u00edmetres de longitud, cal fer un tractament adulticida. Per evitar que, una vegada eliminades les larves, es doni una infecci\u00f3 bacteriana, cal iniciar amb doxiciclina per un mes. Despr\u00e9s s&#8217;administrar\u00e0 l&#8217;adulticida, en aquest cas la melarsomina diclorhidrat. Aquest altre tractament s&#8217;allargar\u00e0 fins als tres o quatre mesos i s&#8217;haur\u00e0 d&#8217;aplicar de manera escalonada. Despr\u00e9s de la primera injecci\u00f3, s&#8217;aplicar\u00e0 al mes la segona i, despr\u00e9s de deixar passar un dia, la tercera. Seguint aquest proc\u00e9s de manera estricta s&#8217;evita un dany m\u00e9s gran pulmonar.<\/p>\n<p>Com en tota malaltia, la prevenci\u00f3 \u00e9s el millor. Per aix\u00f2 \u00e9s convenient recomanar als amos de la mascota una s\u00e8rie de consells.<\/p>\n<h2>La prevenci\u00f3 del cuc del cor<\/h2>\n<p>La filariosi es pot prevenir mitjan\u00e7ant antiparasitaris administrats de manera gradual. L&#8217;\u00fas de pipetes i collarets pot servir perqu\u00e8 les larves no es desenvolupin i arribin al cor. El m\u00e9s recomanat \u00e9s l\u2019aplicaci\u00f3 de la vacuna espec\u00edfica contra aquesta malaltia aparatosa.<\/p>\n<p>Per a la seguretat de les mascotes cal aconsellar a les persones un corrent.<\/p>\n","protected":false},"excerpt":{"rendered":"<p>La filariosi canina \u00e9s un problema cada cop m\u00e9s com\u00fa, a causa del canvi clim\u00e0tic. \u00c9s produ\u00eft per la picada d&#8217;un mosquit o un altre insecte, permetent propagar aquesta malaltia end\u00e8mica d&#8217;un gos a un altre. A continuaci\u00f3 et detallem els s\u00edmptomes i la manera de prevenir-ho. L\u2019actuaci\u00f3 de l\u2019equip veterinari a temps pot salvar [&hellip;]<\/p>\n","protected":false},"author":7,"featured_media":6004,"comment_status":"open","ping_status":"open","sticky":false,"template":"","format":"standard","meta":{"_et_pb_use_builder":"","_et_pb_old_content":"","_et_gb_content_width":"","footnotes":""},"categories":[103],"tags":[],"class_list":["post-10744","post","type-post","status-publish","format-standard","has-post-thumbnail","hentry","category-auxiliar-tecnic-veterinaria"],"yoast_head":"<!-- This site is optimized with the Yoast SEO plugin v27.5 - https:\/\/yoast.com\/product\/yoast-seo-wordpress\/ -->\n<title>Filariosi canina. El cuc del cor | EOC Barcelona<\/title>\n<meta name=\"description\" content=\"La filariosi canina \u00e9s un problema cada cop m\u00e9s com\u00fa pel canvi clim\u00e0tic. \u00c9s produ\u00eft per la picada d&#039;insectes.\" \/>\n<meta name=\"robots\" content=\"index, follow, max-snippet:-1, max-image-preview:large, max-video-preview:-1\" \/>\n<link rel=\"canonical\" href=\"https:\/\/eoc.cat\/ca\/filariosi-canina-cuc-cor\/\" \/>\n<meta property=\"og:locale\" content=\"ca_ES\" \/>\n<meta property=\"og:type\" content=\"article\" \/>\n<meta property=\"og:title\" content=\"Filariosi canina. El cuc del cor | EOC Barcelona\" \/>\n<meta property=\"og:description\" content=\"La filariosi canina \u00e9s un problema cada cop m\u00e9s com\u00fa pel canvi clim\u00e0tic. \u00c9s produ\u00eft per la picada d&#039;insectes.\" \/>\n<meta property=\"og:url\" content=\"https:\/\/eoc.cat\/ca\/filariosi-canina-cuc-cor\/\" \/>\n<meta property=\"og:site_name\" content=\"Escola d&#039;Oficis Catalunya\" \/>\n<meta property=\"article:publisher\" content=\"https:\/\/www.facebook.com\/EscoladOficisCatalunya\" \/>\n<meta property=\"article:published_time\" content=\"2019-02-18T09:02:04+00:00\" \/>\n<meta property=\"article:modified_time\" content=\"2022-02-17T09:52:22+00:00\" \/>\n<meta property=\"og:image\" content=\"https:\/\/eoc.cat\/wp-content\/uploads\/2019\/02\/filariosis-canina.jpg\" \/>\n\t<meta property=\"og:image:width\" content=\"810\" \/>\n\t<meta property=\"og:image:height\" content=\"513\" \/>\n\t<meta property=\"og:image:type\" content=\"image\/jpeg\" \/>\n<meta name=\"author\" content=\"EOC\" \/>\n<meta name=\"twitter:card\" content=\"summary_large_image\" \/>\n<meta name=\"twitter:title\" content=\"Filariosi canina. El cuc del cor | EOC Barcelona\" \/>\n<meta name=\"twitter:description\" content=\"La filariosi canina \u00e9s un problema cada cop m\u00e9s com\u00fa pel canvi clim\u00e0tic. \u00c9s produ\u00eft per la picada d&#039;insectes.\" \/>\n<meta name=\"twitter:image\" content=\"https:\/\/eoc.cat\/wp-content\/uploads\/2019\/02\/filariosis-canina.jpg\" \/>\n<meta name=\"twitter:creator\" content=\"@escoficat\" \/>\n<meta name=\"twitter:site\" content=\"@escoficat\" \/>\n<script type=\"application\/ld+json\" class=\"yoast-schema-graph\">{\"@context\":\"https:\\\/\\\/schema.org\",\"@graph\":[{\"@type\":\"Article\",\"@id\":\"https:\\\/\\\/eoc.cat\\\/ca\\\/filariosi-canina-cuc-cor\\\/#article\",\"isPartOf\":{\"@id\":\"https:\\\/\\\/eoc.cat\\\/ca\\\/filariosi-canina-cuc-cor\\\/\"},\"author\":{\"name\":\"EOC\",\"@id\":\"https:\\\/\\\/eoc.cat\\\/#\\\/schema\\\/person\\\/702649fa6e82a790042399ed7f67f79f\"},\"headline\":\"Filariosi canina. El cuc del cor\",\"datePublished\":\"2019-02-18T09:02:04+00:00\",\"dateModified\":\"2022-02-17T09:52:22+00:00\",\"mainEntityOfPage\":{\"@id\":\"https:\\\/\\\/eoc.cat\\\/ca\\\/filariosi-canina-cuc-cor\\\/\"},\"wordCount\":866,\"commentCount\":0,\"publisher\":{\"@id\":\"https:\\\/\\\/eoc.cat\\\/#organization\"},\"image\":{\"@id\":\"https:\\\/\\\/eoc.cat\\\/ca\\\/filariosi-canina-cuc-cor\\\/#primaryimage\"},\"thumbnailUrl\":\"https:\\\/\\\/eoc.cat\\\/wp-content\\\/uploads\\\/2019\\\/02\\\/filariosis-canina.jpg\",\"articleSection\":[\"Auxiliar t\u00e8cnic de veterin\u00e0ria\"],\"inLanguage\":\"ca\",\"potentialAction\":[{\"@type\":\"CommentAction\",\"name\":\"Comment\",\"target\":[\"https:\\\/\\\/eoc.cat\\\/ca\\\/filariosi-canina-cuc-cor\\\/#respond\"]}]},{\"@type\":\"WebPage\",\"@id\":\"https:\\\/\\\/eoc.cat\\\/ca\\\/filariosi-canina-cuc-cor\\\/\",\"url\":\"https:\\\/\\\/eoc.cat\\\/ca\\\/filariosi-canina-cuc-cor\\\/\",\"name\":\"Filariosi canina. El cuc del cor | EOC Barcelona\",\"isPartOf\":{\"@id\":\"https:\\\/\\\/eoc.cat\\\/#website\"},\"primaryImageOfPage\":{\"@id\":\"https:\\\/\\\/eoc.cat\\\/ca\\\/filariosi-canina-cuc-cor\\\/#primaryimage\"},\"image\":{\"@id\":\"https:\\\/\\\/eoc.cat\\\/ca\\\/filariosi-canina-cuc-cor\\\/#primaryimage\"},\"thumbnailUrl\":\"https:\\\/\\\/eoc.cat\\\/wp-content\\\/uploads\\\/2019\\\/02\\\/filariosis-canina.jpg\",\"datePublished\":\"2019-02-18T09:02:04+00:00\",\"dateModified\":\"2022-02-17T09:52:22+00:00\",\"description\":\"La filariosi canina \u00e9s un problema cada cop m\u00e9s com\u00fa pel canvi clim\u00e0tic. \u00c9s produ\u00eft per la picada d'insectes.\",\"breadcrumb\":{\"@id\":\"https:\\\/\\\/eoc.cat\\\/ca\\\/filariosi-canina-cuc-cor\\\/#breadcrumb\"},\"inLanguage\":\"ca\",\"potentialAction\":[{\"@type\":\"ReadAction\",\"target\":[\"https:\\\/\\\/eoc.cat\\\/ca\\\/filariosi-canina-cuc-cor\\\/\"]}]},{\"@type\":\"ImageObject\",\"inLanguage\":\"ca\",\"@id\":\"https:\\\/\\\/eoc.cat\\\/ca\\\/filariosi-canina-cuc-cor\\\/#primaryimage\",\"url\":\"https:\\\/\\\/eoc.cat\\\/wp-content\\\/uploads\\\/2019\\\/02\\\/filariosis-canina.jpg\",\"contentUrl\":\"https:\\\/\\\/eoc.cat\\\/wp-content\\\/uploads\\\/2019\\\/02\\\/filariosis-canina.jpg\",\"width\":810,\"height\":513,\"caption\":\"filariosis canina\"},{\"@type\":\"BreadcrumbList\",\"@id\":\"https:\\\/\\\/eoc.cat\\\/ca\\\/filariosi-canina-cuc-cor\\\/#breadcrumb\",\"itemListElement\":[{\"@type\":\"ListItem\",\"position\":1,\"name\":\"Portada\",\"item\":\"https:\\\/\\\/eoc.cat\\\/ca\\\/\"},{\"@type\":\"ListItem\",\"position\":2,\"name\":\"Filariosi canina. El cuc del cor\"}]},{\"@type\":\"WebSite\",\"@id\":\"https:\\\/\\\/eoc.cat\\\/#website\",\"url\":\"https:\\\/\\\/eoc.cat\\\/\",\"name\":\"Escola d'Oficis Catalunya\",\"description\":\"Escuela de formaci\u00f3n profesional para adultos y j\u00f3venes\",\"publisher\":{\"@id\":\"https:\\\/\\\/eoc.cat\\\/#organization\"},\"alternateName\":\"EOC\",\"potentialAction\":[{\"@type\":\"SearchAction\",\"target\":{\"@type\":\"EntryPoint\",\"urlTemplate\":\"https:\\\/\\\/eoc.cat\\\/?s={search_term_string}\"},\"query-input\":{\"@type\":\"PropertyValueSpecification\",\"valueRequired\":true,\"valueName\":\"search_term_string\"}}],\"inLanguage\":\"ca\"},{\"@type\":\"Organization\",\"@id\":\"https:\\\/\\\/eoc.cat\\\/#organization\",\"name\":\"Escola d'Oficis Catalunya\",\"alternateName\":\"EOC\",\"url\":\"https:\\\/\\\/eoc.cat\\\/\",\"logo\":{\"@type\":\"ImageObject\",\"inLanguage\":\"ca\",\"@id\":\"https:\\\/\\\/eoc.cat\\\/#\\\/schema\\\/logo\\\/image\\\/\",\"url\":\"https:\\\/\\\/eoc.cat\\\/wp-content\\\/uploads\\\/2020\\\/12\\\/eoc-logotipo.png\",\"contentUrl\":\"https:\\\/\\\/eoc.cat\\\/wp-content\\\/uploads\\\/2020\\\/12\\\/eoc-logotipo.png\",\"width\":274,\"height\":118,\"caption\":\"Escola d'Oficis Catalunya\"},\"image\":{\"@id\":\"https:\\\/\\\/eoc.cat\\\/#\\\/schema\\\/logo\\\/image\\\/\"},\"sameAs\":[\"https:\\\/\\\/www.facebook.com\\\/EscoladOficisCatalunya\",\"https:\\\/\\\/x.com\\\/escoficat\",\"https:\\\/\\\/www.instagram.com\\\/escoladoficiscatalunya\\\/\",\"https:\\\/\\\/www.linkedin.com\\\/school\\\/escoladoficiscatalunya\\\/\",\"https:\\\/\\\/www.youtube.com\\\/channel\\\/UC_HLShkY7t1pf1CrXPw-gRQ\"]},{\"@type\":\"Person\",\"@id\":\"https:\\\/\\\/eoc.cat\\\/#\\\/schema\\\/person\\\/702649fa6e82a790042399ed7f67f79f\",\"name\":\"EOC\",\"image\":{\"@type\":\"ImageObject\",\"inLanguage\":\"ca\",\"@id\":\"https:\\\/\\\/secure.gravatar.com\\\/avatar\\\/db655658f91923a915562a010af881cf03bb56574b7e1241e9fa9ab684c7a9d0?s=96&r=g\",\"url\":\"https:\\\/\\\/secure.gravatar.com\\\/avatar\\\/db655658f91923a915562a010af881cf03bb56574b7e1241e9fa9ab684c7a9d0?s=96&r=g\",\"contentUrl\":\"https:\\\/\\\/secure.gravatar.com\\\/avatar\\\/db655658f91923a915562a010af881cf03bb56574b7e1241e9fa9ab684c7a9d0?s=96&r=g\",\"caption\":\"EOC\"},\"url\":\"https:\\\/\\\/eoc.cat\\\/ca\\\/author\\\/e0c93k1lk3\\\/\"}]}<\/script>\n<!-- \/ Yoast SEO plugin. -->","yoast_head_json":{"title":"Filariosi canina. El cuc del cor | EOC Barcelona","description":"La filariosi canina \u00e9s un problema cada cop m\u00e9s com\u00fa pel canvi clim\u00e0tic. \u00c9s produ\u00eft per la picada d'insectes.","robots":{"index":"index","follow":"follow","max-snippet":"max-snippet:-1","max-image-preview":"max-image-preview:large","max-video-preview":"max-video-preview:-1"},"canonical":"https:\/\/eoc.cat\/ca\/filariosi-canina-cuc-cor\/","og_locale":"ca_ES","og_type":"article","og_title":"Filariosi canina. El cuc del cor | EOC Barcelona","og_description":"La filariosi canina \u00e9s un problema cada cop m\u00e9s com\u00fa pel canvi clim\u00e0tic. \u00c9s produ\u00eft per la picada d'insectes.","og_url":"https:\/\/eoc.cat\/ca\/filariosi-canina-cuc-cor\/","og_site_name":"Escola d&#039;Oficis Catalunya","article_publisher":"https:\/\/www.facebook.com\/EscoladOficisCatalunya","article_published_time":"2019-02-18T09:02:04+00:00","article_modified_time":"2022-02-17T09:52:22+00:00","og_image":[{"width":810,"height":513,"url":"https:\/\/eoc.cat\/wp-content\/uploads\/2019\/02\/filariosis-canina.jpg","type":"image\/jpeg"}],"author":"EOC","twitter_card":"summary_large_image","twitter_title":"Filariosi canina. El cuc del cor | EOC Barcelona","twitter_description":"La filariosi canina \u00e9s un problema cada cop m\u00e9s com\u00fa pel canvi clim\u00e0tic. \u00c9s produ\u00eft per la picada d'insectes.","twitter_image":"https:\/\/eoc.cat\/wp-content\/uploads\/2019\/02\/filariosis-canina.jpg","twitter_creator":"@escoficat","twitter_site":"@escoficat","schema":{"@context":"https:\/\/schema.org","@graph":[{"@type":"Article","@id":"https:\/\/eoc.cat\/ca\/filariosi-canina-cuc-cor\/#article","isPartOf":{"@id":"https:\/\/eoc.cat\/ca\/filariosi-canina-cuc-cor\/"},"author":{"name":"EOC","@id":"https:\/\/eoc.cat\/#\/schema\/person\/702649fa6e82a790042399ed7f67f79f"},"headline":"Filariosi canina. El cuc del cor","datePublished":"2019-02-18T09:02:04+00:00","dateModified":"2022-02-17T09:52:22+00:00","mainEntityOfPage":{"@id":"https:\/\/eoc.cat\/ca\/filariosi-canina-cuc-cor\/"},"wordCount":866,"commentCount":0,"publisher":{"@id":"https:\/\/eoc.cat\/#organization"},"image":{"@id":"https:\/\/eoc.cat\/ca\/filariosi-canina-cuc-cor\/#primaryimage"},"thumbnailUrl":"https:\/\/eoc.cat\/wp-content\/uploads\/2019\/02\/filariosis-canina.jpg","articleSection":["Auxiliar t\u00e8cnic de veterin\u00e0ria"],"inLanguage":"ca","potentialAction":[{"@type":"CommentAction","name":"Comment","target":["https:\/\/eoc.cat\/ca\/filariosi-canina-cuc-cor\/#respond"]}]},{"@type":"WebPage","@id":"https:\/\/eoc.cat\/ca\/filariosi-canina-cuc-cor\/","url":"https:\/\/eoc.cat\/ca\/filariosi-canina-cuc-cor\/","name":"Filariosi canina. El cuc del cor | EOC Barcelona","isPartOf":{"@id":"https:\/\/eoc.cat\/#website"},"primaryImageOfPage":{"@id":"https:\/\/eoc.cat\/ca\/filariosi-canina-cuc-cor\/#primaryimage"},"image":{"@id":"https:\/\/eoc.cat\/ca\/filariosi-canina-cuc-cor\/#primaryimage"},"thumbnailUrl":"https:\/\/eoc.cat\/wp-content\/uploads\/2019\/02\/filariosis-canina.jpg","datePublished":"2019-02-18T09:02:04+00:00","dateModified":"2022-02-17T09:52:22+00:00","description":"La filariosi canina \u00e9s un problema cada cop m\u00e9s com\u00fa pel canvi clim\u00e0tic. \u00c9s produ\u00eft per la picada d'insectes.","breadcrumb":{"@id":"https:\/\/eoc.cat\/ca\/filariosi-canina-cuc-cor\/#breadcrumb"},"inLanguage":"ca","potentialAction":[{"@type":"ReadAction","target":["https:\/\/eoc.cat\/ca\/filariosi-canina-cuc-cor\/"]}]},{"@type":"ImageObject","inLanguage":"ca","@id":"https:\/\/eoc.cat\/ca\/filariosi-canina-cuc-cor\/#primaryimage","url":"https:\/\/eoc.cat\/wp-content\/uploads\/2019\/02\/filariosis-canina.jpg","contentUrl":"https:\/\/eoc.cat\/wp-content\/uploads\/2019\/02\/filariosis-canina.jpg","width":810,"height":513,"caption":"filariosis canina"},{"@type":"BreadcrumbList","@id":"https:\/\/eoc.cat\/ca\/filariosi-canina-cuc-cor\/#breadcrumb","itemListElement":[{"@type":"ListItem","position":1,"name":"Portada","item":"https:\/\/eoc.cat\/ca\/"},{"@type":"ListItem","position":2,"name":"Filariosi canina. El cuc del cor"}]},{"@type":"WebSite","@id":"https:\/\/eoc.cat\/#website","url":"https:\/\/eoc.cat\/","name":"Escola d'Oficis Catalunya","description":"Escuela de formaci\u00f3n profesional para adultos y j\u00f3venes","publisher":{"@id":"https:\/\/eoc.cat\/#organization"},"alternateName":"EOC","potentialAction":[{"@type":"SearchAction","target":{"@type":"EntryPoint","urlTemplate":"https:\/\/eoc.cat\/?s={search_term_string}"},"query-input":{"@type":"PropertyValueSpecification","valueRequired":true,"valueName":"search_term_string"}}],"inLanguage":"ca"},{"@type":"Organization","@id":"https:\/\/eoc.cat\/#organization","name":"Escola d'Oficis Catalunya","alternateName":"EOC","url":"https:\/\/eoc.cat\/","logo":{"@type":"ImageObject","inLanguage":"ca","@id":"https:\/\/eoc.cat\/#\/schema\/logo\/image\/","url":"https:\/\/eoc.cat\/wp-content\/uploads\/2020\/12\/eoc-logotipo.png","contentUrl":"https:\/\/eoc.cat\/wp-content\/uploads\/2020\/12\/eoc-logotipo.png","width":274,"height":118,"caption":"Escola d'Oficis Catalunya"},"image":{"@id":"https:\/\/eoc.cat\/#\/schema\/logo\/image\/"},"sameAs":["https:\/\/www.facebook.com\/EscoladOficisCatalunya","https:\/\/x.com\/escoficat","https:\/\/www.instagram.com\/escoladoficiscatalunya\/","https:\/\/www.linkedin.com\/school\/escoladoficiscatalunya\/","https:\/\/www.youtube.com\/channel\/UC_HLShkY7t1pf1CrXPw-gRQ"]},{"@type":"Person","@id":"https:\/\/eoc.cat\/#\/schema\/person\/702649fa6e82a790042399ed7f67f79f","name":"EOC","image":{"@type":"ImageObject","inLanguage":"ca","@id":"https:\/\/secure.gravatar.com\/avatar\/db655658f91923a915562a010af881cf03bb56574b7e1241e9fa9ab684c7a9d0?s=96&r=g","url":"https:\/\/secure.gravatar.com\/avatar\/db655658f91923a915562a010af881cf03bb56574b7e1241e9fa9ab684c7a9d0?s=96&r=g","contentUrl":"https:\/\/secure.gravatar.com\/avatar\/db655658f91923a915562a010af881cf03bb56574b7e1241e9fa9ab684c7a9d0?s=96&r=g","caption":"EOC"},"url":"https:\/\/eoc.cat\/ca\/author\/e0c93k1lk3\/"}]}},"_links":{"self":[{"href":"https:\/\/eoc.cat\/ca\/wp-json\/wp\/v2\/posts\/10744","targetHints":{"allow":["GET"]}}],"collection":[{"href":"https:\/\/eoc.cat\/ca\/wp-json\/wp\/v2\/posts"}],"about":[{"href":"https:\/\/eoc.cat\/ca\/wp-json\/wp\/v2\/types\/post"}],"author":[{"embeddable":true,"href":"https:\/\/eoc.cat\/ca\/wp-json\/wp\/v2\/users\/7"}],"replies":[{"embeddable":true,"href":"https:\/\/eoc.cat\/ca\/wp-json\/wp\/v2\/comments?post=10744"}],"version-history":[{"count":1,"href":"https:\/\/eoc.cat\/ca\/wp-json\/wp\/v2\/posts\/10744\/revisions"}],"predecessor-version":[{"id":10745,"href":"https:\/\/eoc.cat\/ca\/wp-json\/wp\/v2\/posts\/10744\/revisions\/10745"}],"wp:featuredmedia":[{"embeddable":true,"href":"https:\/\/eoc.cat\/ca\/wp-json\/wp\/v2\/media\/6004"}],"wp:attachment":[{"href":"https:\/\/eoc.cat\/ca\/wp-json\/wp\/v2\/media?parent=10744"}],"wp:term":[{"taxonomy":"category","embeddable":true,"href":"https:\/\/eoc.cat\/ca\/wp-json\/wp\/v2\/categories?post=10744"},{"taxonomy":"post_tag","embeddable":true,"href":"https:\/\/eoc.cat\/ca\/wp-json\/wp\/v2\/tags?post=10744"}],"curies":[{"name":"wp","href":"https:\/\/api.w.org\/{rel}","templated":true}]}}