{"id":10778,"date":"2018-12-21T09:25:48","date_gmt":"2018-12-21T08:25:48","guid":{"rendered":"https:\/\/eoc.cat\/dificultades-de-las-personas-dependientes\/"},"modified":"2022-02-17T10:52:21","modified_gmt":"2022-02-17T09:52:21","slug":"dificultats-persones-dependents","status":"publish","type":"post","link":"https:\/\/eoc.cat\/ca\/dificultats-persones-dependents\/","title":{"rendered":"Les dificultats de les persones dependents al seu dia a dia"},"content":{"rendered":"<p>Moltes vegades es parla de les\u00a0dificultats de les persones dependents per\u00f2, en la realitat, no es coneixen gaire. \u00c9s f\u00e0cil assumir que aquestes persones necessiten ajuda per a certes activitats di\u00e0ries. El fet d&#8217;haver perdut la seva autonomia parcialment o totalment els dificulta infinitat de tasques senzilles. El que no \u00e9s tan habitual, \u00e9s comprendre una altra s\u00e8rie de necessitats que tenen. I aquestes s\u00f3n les que et volem mostrar avui.<\/p>\n<h2>Algunes de les dificultats de les persones dependents que menys es coneixen<\/h2>\n<p>La manca de mobilitat o de capacitat per endre\u00e7ar-se o alimentar-se s\u00f3n alguns problemes que generalment es coneixen. I tamb\u00e9 cal dir que poden arribar a ser els m\u00e9s greus si no s&#8217;atenen. Per\u00f2 en el dia a dia de les persones dependents trobar\u00e0s alguns m\u00e9s. Aquells dels quals nom\u00e9s \u00e9s conscient qui viu amb ells o el <a href=\"https:\/\/eoc.cat\/atencion-sociosanitaria\/\">personal sociosanitari<\/a> que els at\u00e9n.<\/p>\n<p>Ens referim a dificultats com a trastorns del son, incontin\u00e8ncia urin\u00e0ria, predisposici\u00f3 a les caigudes, depressi\u00f3 o problemes de mem\u00f2ria.<\/p>\n<h2>Trastorns del somni<\/h2>\n<p>Tenir unes hores de son adequades i descansar b\u00e9 \u00e9s fonamental per a qualsevol persona. Tamb\u00e9 per als qui tenen necessitats especials o s\u00f3n dependents. Aix\u00f2 \u00e9s aix\u00ed tant per recuperar l&#8217;energia del cos com la de la ment.<\/p>\n<p>Els ancians i les persones dependents solen tenir un cicle son-vig\u00edlia alterat, per la qual cosa descansen pitjor. Aix\u00f2 els acaba passant factura, fent que estiguin molt m\u00e9s cansats durant el dia.<\/p>\n<p>Per poder facilitar el descans d&#8217;aquestes persones, una de les millors opcions \u00e9s fer exercicis de relaxaci\u00f3 amb ells. D&#8217;altra banda, hauran de sentir que les seves necessitats estaran cobertes mentre dormen perqu\u00e8 el responsable de la seva atenci\u00f3 sanit\u00e0ria se n&#8217;encarrega. D&#8217;aquesta manera, en estar tranquils, els ser\u00e0 m\u00e9s f\u00e0cil agafar el son.<\/p>\n<h2>Incontin\u00e8ncia urin\u00e0ria<\/h2>\n<p>De vegades, les persones dependents pateixen p\u00e8rdues d&#8217;orina involunt\u00e0ries. En aquests casos \u00e9s imprescindible escollir el millor tipus de bolquer absorbent per a les vostres necessitats concretes. Caldr\u00e0 tenir molta cura de la seva higiene per evitar irritacions o fins i tot infeccions.<\/p>\n<p>El professional sociosanitari o la persona encarregada de cuidar-lo haur\u00e0 de revisar el bolquer amb freq\u00fc\u00e8ncia i canviar-lo en cas que estigui brut. Sobretot, assegura&#8217;t que la zona queda neta, seca i ben hidratada. Si la pell perd hidrataci\u00f3 ser\u00e0 molt senzill que apareguin ferides o \u00falceres que resultaran m\u00e9s dif\u00edcils de guarir.<\/p>\n<p>Les incontin\u00e8ncies urin\u00e0ries no s\u00f3n en si mateixes dificultats de les persones dependents, sin\u00f3 m\u00e9s aviat un problema personal que els arriba amb l&#8217;edat i de vegades per les seves dificultats de mobilitat.<\/p>\n<h2>Predisposici\u00f3 a les caigudes<\/h2>\n<p>En no poder disposar de total autonomia, \u00e9s habitual que entre les dificultats de les persones dependents es trobi freq\u00fcentment una major tend\u00e8ncia a les caigudes. Aix\u00f2 no \u00e9s una cosa que es pugui evitar totalment, per\u00f2 s\u00ed que es pot disminuir.<\/p>\n<p>Per aix\u00f2 ser\u00e0 molt \u00fatil fer una s\u00e8rie d&#8217;exercicis de baix impacte articular. Tamb\u00e9 haur\u00e0s d&#8217;ajudar-lo a augmentar la massa muscular i millorar la coordinaci\u00f3. Amb aquests exercicis i adaptant l&#8217;entorn a les necessitats de cada persona, podreu aconseguir que les caigudes disminueixin. Per tant, tamb\u00e9 ho faran els riscos que se&#8217;n derivin.<\/p>\n<p><img loading=\"lazy\" decoding=\"async\" class=\"aligncenter wp-image-5832 size-full\" title=\"persones amb depend\u00e8ncia\" src=\"https:\/\/eoc.cat\/wp-content\/uploads\/2018\/12\/depresion-personas-dependientes.jpg\" alt=\"persones amb depend\u00e8ncia\" width=\"810\" height=\"513\" srcset=\"https:\/\/eoc.cat\/wp-content\/uploads\/2018\/12\/depresion-personas-dependientes.jpg 810w, https:\/\/eoc.cat\/wp-content\/uploads\/2018\/12\/depresion-personas-dependientes-300x190.jpg 300w, https:\/\/eoc.cat\/wp-content\/uploads\/2018\/12\/depresion-personas-dependientes-768x486.jpg 768w\" sizes=\"(max-width: 810px) 100vw, 810px\" \/><\/p>\n<h2>Irritabilitat i depressi\u00f3<\/h2>\n<p>\u00c9s habitual que les persones dependents tendeixin a estar una mica irritables. Aix\u00f2 pot ser degut a les vostres necessitats especials. Per\u00f2 tamb\u00e9 al dolor o al canvi que hagin hagut de patir al seu entorn o a la seva pr\u00f2pia vida. Aquesta irritabilitat pot ser la causa que tractin malament les persones que tenen al seu voltant, per\u00f2 has de ser pacient i tolerant amb ells.<\/p>\n<p>Pensa que s\u00f3n persones que fins fa no gaire temps podien portar una vida normal i ja no. Ara necessiten ajut per a moltes de les activitats de la vida di\u00e0ria. Aix\u00f2 els frustra i acaben pagant la seva frustraci\u00f3 amb qui \u00e9s m\u00e9s a prop.<\/p>\n<p>De vegades, aquesta irritabilitat s&#8217;incrementa i es pot convertir en\u00a0depressi\u00f3. El fet de no poder portar la mateixa vida familiar que anteriorment, o no poder dedicar-se als seus hobbys com podien fer-ho abans de comen\u00e7ar a ser dependents acaba passant una factura emocional. Els s\u00edmptomes d&#8217;aquesta malaltia s\u00f3n potser m\u00e9s subtils i dif\u00edcils de distingir de la simple tristesa o malenconia, per\u00f2 hi has d&#8217;estar atent per poder tractar-los. Aix\u00ed ajudar\u00e0s a millorar-ne la qualitat de vida.<\/p>\n<h2>Problemes de mem\u00f2ria<\/h2>\n<p>En cas de persones dependents per una edat avan\u00e7ada, els problemes de mem\u00f2ria s\u00f3n habituals. Per\u00f2 tamb\u00e9 es poden trobar en persones m\u00e9s joves. La irritabilitat i la depressi\u00f3 esmentades anteriorment, acompanyades de l&#8217;ansietat, poden fer que la mem\u00f2ria comenci a fallar.<\/p>\n<p>Aquest \u00e9s un problema que no es pot eliminar per\u00f2 s\u00ed que es tracta, podent optar per diferents estrat\u00e8gies per minimitzar-lo. En primer lloc, el suport a la persona i una actitud tolerant seran elements crucials per millorar-ne l&#8217;\u00e0nim. D&#8217;altra banda, pots ajudar-lo a realitzar tamb\u00e9 una s\u00e8rie d&#8217;exercicis de mem\u00f2ria que frenin la p\u00e8rdua. Poden ser jocs, la repetici\u00f3 de can\u00e7ons, poemes o, simplement, el fet d&#8217;involucrar-te i demanar-li que t&#8217;expliqui hist\u00f2ries.<\/p>\n<p>En definitiva, les dificultats de les persones dependents no s\u00f3n poques. Les m\u00e9s conegudes solen ser les f\u00edsiques, per\u00f2 no has d&#8217;obviar la gran quantitat de problemes psicol\u00f2gics i emocionals que se&#8217;n deriven. En tractar amb una persona dependent necessites avaluar-la en conjunt i recolzar-la en totes les seves necessitats.<\/p>\n","protected":false},"excerpt":{"rendered":"<p>Moltes vegades es parla de les\u00a0dificultats de les persones dependents per\u00f2, en la realitat, no es coneixen gaire. \u00c9s f\u00e0cil assumir que aquestes persones necessiten ajuda per a certes activitats di\u00e0ries. El fet d&#8217;haver perdut la seva autonomia parcialment o totalment els dificulta infinitat de tasques senzilles. El que no \u00e9s tan habitual, \u00e9s comprendre [&hellip;]<\/p>\n","protected":false},"author":7,"featured_media":10779,"comment_status":"open","ping_status":"open","sticky":false,"template":"","format":"standard","meta":{"_et_pb_use_builder":"","_et_pb_old_content":"","_et_gb_content_width":"","footnotes":""},"categories":[83],"tags":[],"class_list":["post-10778","post","type-post","status-publish","format-standard","has-post-thumbnail","hentry","category-atencio-sociosanitaria"],"yoast_head":"<!-- This site is optimized with the Yoast SEO plugin v27.5 - https:\/\/yoast.com\/product\/yoast-seo-wordpress\/ -->\n<title>Les dificultats de les persones dependents al seu dia a dia<\/title>\n<meta name=\"description\" content=\"Les persones amb depend\u00e8ncia s&#039;enfronten a molts obstacles. Et parlem de les dificultats de les persones dependents.\" \/>\n<meta name=\"robots\" content=\"index, follow, max-snippet:-1, max-image-preview:large, max-video-preview:-1\" \/>\n<link rel=\"canonical\" href=\"https:\/\/eoc.cat\/ca\/dificultats-persones-dependents\/\" \/>\n<meta property=\"og:locale\" content=\"ca_ES\" \/>\n<meta property=\"og:type\" content=\"article\" \/>\n<meta property=\"og:title\" content=\"Les dificultats de les persones dependents al seu dia a dia\" \/>\n<meta property=\"og:description\" content=\"Les persones amb depend\u00e8ncia s&#039;enfronten a molts obstacles. Et parlem de les dificultats de les persones dependents.\" \/>\n<meta property=\"og:url\" content=\"https:\/\/eoc.cat\/ca\/dificultats-persones-dependents\/\" \/>\n<meta property=\"og:site_name\" content=\"Escola d&#039;Oficis Catalunya\" \/>\n<meta property=\"article:publisher\" content=\"https:\/\/www.facebook.com\/EscoladOficisCatalunya\" \/>\n<meta property=\"article:published_time\" content=\"2018-12-21T08:25:48+00:00\" \/>\n<meta property=\"article:modified_time\" content=\"2022-02-17T09:52:21+00:00\" \/>\n<meta property=\"og:image\" content=\"https:\/\/eoc.cat\/wp-content\/uploads\/2018\/12\/dificultades-de-las-personas-dependientes.jpg\" \/>\n\t<meta property=\"og:image:width\" content=\"810\" \/>\n\t<meta property=\"og:image:height\" content=\"513\" \/>\n\t<meta property=\"og:image:type\" content=\"image\/jpeg\" \/>\n<meta name=\"author\" content=\"EOC\" \/>\n<meta name=\"twitter:card\" content=\"summary_large_image\" \/>\n<meta name=\"twitter:title\" content=\"Les dificultats de les persones dependents al seu dia a dia\" \/>\n<meta name=\"twitter:description\" content=\"Les persones amb depend\u00e8ncia s&#039;enfronten a molts obstacles. Et parlem de les dificultats de les persones dependents.\" \/>\n<meta name=\"twitter:image\" content=\"https:\/\/eoc.cat\/wp-content\/uploads\/2018\/12\/dificultades-de-las-personas-dependientes.jpg\" \/>\n<meta name=\"twitter:creator\" content=\"@escoficat\" \/>\n<meta name=\"twitter:site\" content=\"@escoficat\" \/>\n<script type=\"application\/ld+json\" class=\"yoast-schema-graph\">{\"@context\":\"https:\\\/\\\/schema.org\",\"@graph\":[{\"@type\":\"Article\",\"@id\":\"https:\\\/\\\/eoc.cat\\\/ca\\\/dificultats-persones-dependents\\\/#article\",\"isPartOf\":{\"@id\":\"https:\\\/\\\/eoc.cat\\\/ca\\\/dificultats-persones-dependents\\\/\"},\"author\":{\"name\":\"EOC\",\"@id\":\"https:\\\/\\\/eoc.cat\\\/#\\\/schema\\\/person\\\/702649fa6e82a790042399ed7f67f79f\"},\"headline\":\"Les dificultats de les persones dependents al seu dia a dia\",\"datePublished\":\"2018-12-21T08:25:48+00:00\",\"dateModified\":\"2022-02-17T09:52:21+00:00\",\"mainEntityOfPage\":{\"@id\":\"https:\\\/\\\/eoc.cat\\\/ca\\\/dificultats-persones-dependents\\\/\"},\"wordCount\":984,\"commentCount\":0,\"publisher\":{\"@id\":\"https:\\\/\\\/eoc.cat\\\/#organization\"},\"image\":{\"@id\":\"https:\\\/\\\/eoc.cat\\\/ca\\\/dificultats-persones-dependents\\\/#primaryimage\"},\"thumbnailUrl\":\"https:\\\/\\\/eoc.cat\\\/wp-content\\\/uploads\\\/2018\\\/12\\\/dificultades-de-las-personas-dependientes.jpg\",\"articleSection\":[\"Atenci\u00f3 sociosanit\u00e0ria\"],\"inLanguage\":\"ca\",\"potentialAction\":[{\"@type\":\"CommentAction\",\"name\":\"Comment\",\"target\":[\"https:\\\/\\\/eoc.cat\\\/ca\\\/dificultats-persones-dependents\\\/#respond\"]}]},{\"@type\":\"WebPage\",\"@id\":\"https:\\\/\\\/eoc.cat\\\/ca\\\/dificultats-persones-dependents\\\/\",\"url\":\"https:\\\/\\\/eoc.cat\\\/ca\\\/dificultats-persones-dependents\\\/\",\"name\":\"Les dificultats de les persones dependents al seu dia a dia\",\"isPartOf\":{\"@id\":\"https:\\\/\\\/eoc.cat\\\/#website\"},\"primaryImageOfPage\":{\"@id\":\"https:\\\/\\\/eoc.cat\\\/ca\\\/dificultats-persones-dependents\\\/#primaryimage\"},\"image\":{\"@id\":\"https:\\\/\\\/eoc.cat\\\/ca\\\/dificultats-persones-dependents\\\/#primaryimage\"},\"thumbnailUrl\":\"https:\\\/\\\/eoc.cat\\\/wp-content\\\/uploads\\\/2018\\\/12\\\/dificultades-de-las-personas-dependientes.jpg\",\"datePublished\":\"2018-12-21T08:25:48+00:00\",\"dateModified\":\"2022-02-17T09:52:21+00:00\",\"description\":\"Les persones amb depend\u00e8ncia s'enfronten a molts obstacles. Et parlem de les dificultats de les persones dependents.\",\"breadcrumb\":{\"@id\":\"https:\\\/\\\/eoc.cat\\\/ca\\\/dificultats-persones-dependents\\\/#breadcrumb\"},\"inLanguage\":\"ca\",\"potentialAction\":[{\"@type\":\"ReadAction\",\"target\":[\"https:\\\/\\\/eoc.cat\\\/ca\\\/dificultats-persones-dependents\\\/\"]}]},{\"@type\":\"ImageObject\",\"inLanguage\":\"ca\",\"@id\":\"https:\\\/\\\/eoc.cat\\\/ca\\\/dificultats-persones-dependents\\\/#primaryimage\",\"url\":\"https:\\\/\\\/eoc.cat\\\/wp-content\\\/uploads\\\/2018\\\/12\\\/dificultades-de-las-personas-dependientes.jpg\",\"contentUrl\":\"https:\\\/\\\/eoc.cat\\\/wp-content\\\/uploads\\\/2018\\\/12\\\/dificultades-de-las-personas-dependientes.jpg\",\"width\":810,\"height\":513},{\"@type\":\"BreadcrumbList\",\"@id\":\"https:\\\/\\\/eoc.cat\\\/ca\\\/dificultats-persones-dependents\\\/#breadcrumb\",\"itemListElement\":[{\"@type\":\"ListItem\",\"position\":1,\"name\":\"Portada\",\"item\":\"https:\\\/\\\/eoc.cat\\\/ca\\\/\"},{\"@type\":\"ListItem\",\"position\":2,\"name\":\"Les dificultats de les persones dependents al seu dia a dia\"}]},{\"@type\":\"WebSite\",\"@id\":\"https:\\\/\\\/eoc.cat\\\/#website\",\"url\":\"https:\\\/\\\/eoc.cat\\\/\",\"name\":\"Escola d'Oficis Catalunya\",\"description\":\"Escuela de formaci\u00f3n profesional para adultos y j\u00f3venes\",\"publisher\":{\"@id\":\"https:\\\/\\\/eoc.cat\\\/#organization\"},\"alternateName\":\"EOC\",\"potentialAction\":[{\"@type\":\"SearchAction\",\"target\":{\"@type\":\"EntryPoint\",\"urlTemplate\":\"https:\\\/\\\/eoc.cat\\\/?s={search_term_string}\"},\"query-input\":{\"@type\":\"PropertyValueSpecification\",\"valueRequired\":true,\"valueName\":\"search_term_string\"}}],\"inLanguage\":\"ca\"},{\"@type\":\"Organization\",\"@id\":\"https:\\\/\\\/eoc.cat\\\/#organization\",\"name\":\"Escola d'Oficis Catalunya\",\"alternateName\":\"EOC\",\"url\":\"https:\\\/\\\/eoc.cat\\\/\",\"logo\":{\"@type\":\"ImageObject\",\"inLanguage\":\"ca\",\"@id\":\"https:\\\/\\\/eoc.cat\\\/#\\\/schema\\\/logo\\\/image\\\/\",\"url\":\"https:\\\/\\\/eoc.cat\\\/wp-content\\\/uploads\\\/2020\\\/12\\\/eoc-logotipo.png\",\"contentUrl\":\"https:\\\/\\\/eoc.cat\\\/wp-content\\\/uploads\\\/2020\\\/12\\\/eoc-logotipo.png\",\"width\":274,\"height\":118,\"caption\":\"Escola d'Oficis Catalunya\"},\"image\":{\"@id\":\"https:\\\/\\\/eoc.cat\\\/#\\\/schema\\\/logo\\\/image\\\/\"},\"sameAs\":[\"https:\\\/\\\/www.facebook.com\\\/EscoladOficisCatalunya\",\"https:\\\/\\\/x.com\\\/escoficat\",\"https:\\\/\\\/www.instagram.com\\\/escoladoficiscatalunya\\\/\",\"https:\\\/\\\/www.linkedin.com\\\/school\\\/escoladoficiscatalunya\\\/\",\"https:\\\/\\\/www.youtube.com\\\/channel\\\/UC_HLShkY7t1pf1CrXPw-gRQ\"]},{\"@type\":\"Person\",\"@id\":\"https:\\\/\\\/eoc.cat\\\/#\\\/schema\\\/person\\\/702649fa6e82a790042399ed7f67f79f\",\"name\":\"EOC\",\"image\":{\"@type\":\"ImageObject\",\"inLanguage\":\"ca\",\"@id\":\"https:\\\/\\\/secure.gravatar.com\\\/avatar\\\/db655658f91923a915562a010af881cf03bb56574b7e1241e9fa9ab684c7a9d0?s=96&r=g\",\"url\":\"https:\\\/\\\/secure.gravatar.com\\\/avatar\\\/db655658f91923a915562a010af881cf03bb56574b7e1241e9fa9ab684c7a9d0?s=96&r=g\",\"contentUrl\":\"https:\\\/\\\/secure.gravatar.com\\\/avatar\\\/db655658f91923a915562a010af881cf03bb56574b7e1241e9fa9ab684c7a9d0?s=96&r=g\",\"caption\":\"EOC\"},\"url\":\"https:\\\/\\\/eoc.cat\\\/ca\\\/author\\\/e0c93k1lk3\\\/\"}]}<\/script>\n<!-- \/ Yoast SEO plugin. -->","yoast_head_json":{"title":"Les dificultats de les persones dependents al seu dia a dia","description":"Les persones amb depend\u00e8ncia s'enfronten a molts obstacles. Et parlem de les dificultats de les persones dependents.","robots":{"index":"index","follow":"follow","max-snippet":"max-snippet:-1","max-image-preview":"max-image-preview:large","max-video-preview":"max-video-preview:-1"},"canonical":"https:\/\/eoc.cat\/ca\/dificultats-persones-dependents\/","og_locale":"ca_ES","og_type":"article","og_title":"Les dificultats de les persones dependents al seu dia a dia","og_description":"Les persones amb depend\u00e8ncia s'enfronten a molts obstacles. Et parlem de les dificultats de les persones dependents.","og_url":"https:\/\/eoc.cat\/ca\/dificultats-persones-dependents\/","og_site_name":"Escola d&#039;Oficis Catalunya","article_publisher":"https:\/\/www.facebook.com\/EscoladOficisCatalunya","article_published_time":"2018-12-21T08:25:48+00:00","article_modified_time":"2022-02-17T09:52:21+00:00","og_image":[{"width":810,"height":513,"url":"https:\/\/eoc.cat\/wp-content\/uploads\/2018\/12\/dificultades-de-las-personas-dependientes.jpg","type":"image\/jpeg"}],"author":"EOC","twitter_card":"summary_large_image","twitter_title":"Les dificultats de les persones dependents al seu dia a dia","twitter_description":"Les persones amb depend\u00e8ncia s'enfronten a molts obstacles. Et parlem de les dificultats de les persones dependents.","twitter_image":"https:\/\/eoc.cat\/wp-content\/uploads\/2018\/12\/dificultades-de-las-personas-dependientes.jpg","twitter_creator":"@escoficat","twitter_site":"@escoficat","schema":{"@context":"https:\/\/schema.org","@graph":[{"@type":"Article","@id":"https:\/\/eoc.cat\/ca\/dificultats-persones-dependents\/#article","isPartOf":{"@id":"https:\/\/eoc.cat\/ca\/dificultats-persones-dependents\/"},"author":{"name":"EOC","@id":"https:\/\/eoc.cat\/#\/schema\/person\/702649fa6e82a790042399ed7f67f79f"},"headline":"Les dificultats de les persones dependents al seu dia a dia","datePublished":"2018-12-21T08:25:48+00:00","dateModified":"2022-02-17T09:52:21+00:00","mainEntityOfPage":{"@id":"https:\/\/eoc.cat\/ca\/dificultats-persones-dependents\/"},"wordCount":984,"commentCount":0,"publisher":{"@id":"https:\/\/eoc.cat\/#organization"},"image":{"@id":"https:\/\/eoc.cat\/ca\/dificultats-persones-dependents\/#primaryimage"},"thumbnailUrl":"https:\/\/eoc.cat\/wp-content\/uploads\/2018\/12\/dificultades-de-las-personas-dependientes.jpg","articleSection":["Atenci\u00f3 sociosanit\u00e0ria"],"inLanguage":"ca","potentialAction":[{"@type":"CommentAction","name":"Comment","target":["https:\/\/eoc.cat\/ca\/dificultats-persones-dependents\/#respond"]}]},{"@type":"WebPage","@id":"https:\/\/eoc.cat\/ca\/dificultats-persones-dependents\/","url":"https:\/\/eoc.cat\/ca\/dificultats-persones-dependents\/","name":"Les dificultats de les persones dependents al seu dia a dia","isPartOf":{"@id":"https:\/\/eoc.cat\/#website"},"primaryImageOfPage":{"@id":"https:\/\/eoc.cat\/ca\/dificultats-persones-dependents\/#primaryimage"},"image":{"@id":"https:\/\/eoc.cat\/ca\/dificultats-persones-dependents\/#primaryimage"},"thumbnailUrl":"https:\/\/eoc.cat\/wp-content\/uploads\/2018\/12\/dificultades-de-las-personas-dependientes.jpg","datePublished":"2018-12-21T08:25:48+00:00","dateModified":"2022-02-17T09:52:21+00:00","description":"Les persones amb depend\u00e8ncia s'enfronten a molts obstacles. Et parlem de les dificultats de les persones dependents.","breadcrumb":{"@id":"https:\/\/eoc.cat\/ca\/dificultats-persones-dependents\/#breadcrumb"},"inLanguage":"ca","potentialAction":[{"@type":"ReadAction","target":["https:\/\/eoc.cat\/ca\/dificultats-persones-dependents\/"]}]},{"@type":"ImageObject","inLanguage":"ca","@id":"https:\/\/eoc.cat\/ca\/dificultats-persones-dependents\/#primaryimage","url":"https:\/\/eoc.cat\/wp-content\/uploads\/2018\/12\/dificultades-de-las-personas-dependientes.jpg","contentUrl":"https:\/\/eoc.cat\/wp-content\/uploads\/2018\/12\/dificultades-de-las-personas-dependientes.jpg","width":810,"height":513},{"@type":"BreadcrumbList","@id":"https:\/\/eoc.cat\/ca\/dificultats-persones-dependents\/#breadcrumb","itemListElement":[{"@type":"ListItem","position":1,"name":"Portada","item":"https:\/\/eoc.cat\/ca\/"},{"@type":"ListItem","position":2,"name":"Les dificultats de les persones dependents al seu dia a dia"}]},{"@type":"WebSite","@id":"https:\/\/eoc.cat\/#website","url":"https:\/\/eoc.cat\/","name":"Escola d'Oficis Catalunya","description":"Escuela de formaci\u00f3n profesional para adultos y j\u00f3venes","publisher":{"@id":"https:\/\/eoc.cat\/#organization"},"alternateName":"EOC","potentialAction":[{"@type":"SearchAction","target":{"@type":"EntryPoint","urlTemplate":"https:\/\/eoc.cat\/?s={search_term_string}"},"query-input":{"@type":"PropertyValueSpecification","valueRequired":true,"valueName":"search_term_string"}}],"inLanguage":"ca"},{"@type":"Organization","@id":"https:\/\/eoc.cat\/#organization","name":"Escola d'Oficis Catalunya","alternateName":"EOC","url":"https:\/\/eoc.cat\/","logo":{"@type":"ImageObject","inLanguage":"ca","@id":"https:\/\/eoc.cat\/#\/schema\/logo\/image\/","url":"https:\/\/eoc.cat\/wp-content\/uploads\/2020\/12\/eoc-logotipo.png","contentUrl":"https:\/\/eoc.cat\/wp-content\/uploads\/2020\/12\/eoc-logotipo.png","width":274,"height":118,"caption":"Escola d'Oficis Catalunya"},"image":{"@id":"https:\/\/eoc.cat\/#\/schema\/logo\/image\/"},"sameAs":["https:\/\/www.facebook.com\/EscoladOficisCatalunya","https:\/\/x.com\/escoficat","https:\/\/www.instagram.com\/escoladoficiscatalunya\/","https:\/\/www.linkedin.com\/school\/escoladoficiscatalunya\/","https:\/\/www.youtube.com\/channel\/UC_HLShkY7t1pf1CrXPw-gRQ"]},{"@type":"Person","@id":"https:\/\/eoc.cat\/#\/schema\/person\/702649fa6e82a790042399ed7f67f79f","name":"EOC","image":{"@type":"ImageObject","inLanguage":"ca","@id":"https:\/\/secure.gravatar.com\/avatar\/db655658f91923a915562a010af881cf03bb56574b7e1241e9fa9ab684c7a9d0?s=96&r=g","url":"https:\/\/secure.gravatar.com\/avatar\/db655658f91923a915562a010af881cf03bb56574b7e1241e9fa9ab684c7a9d0?s=96&r=g","contentUrl":"https:\/\/secure.gravatar.com\/avatar\/db655658f91923a915562a010af881cf03bb56574b7e1241e9fa9ab684c7a9d0?s=96&r=g","caption":"EOC"},"url":"https:\/\/eoc.cat\/ca\/author\/e0c93k1lk3\/"}]}},"_links":{"self":[{"href":"https:\/\/eoc.cat\/ca\/wp-json\/wp\/v2\/posts\/10778","targetHints":{"allow":["GET"]}}],"collection":[{"href":"https:\/\/eoc.cat\/ca\/wp-json\/wp\/v2\/posts"}],"about":[{"href":"https:\/\/eoc.cat\/ca\/wp-json\/wp\/v2\/types\/post"}],"author":[{"embeddable":true,"href":"https:\/\/eoc.cat\/ca\/wp-json\/wp\/v2\/users\/7"}],"replies":[{"embeddable":true,"href":"https:\/\/eoc.cat\/ca\/wp-json\/wp\/v2\/comments?post=10778"}],"version-history":[{"count":1,"href":"https:\/\/eoc.cat\/ca\/wp-json\/wp\/v2\/posts\/10778\/revisions"}],"predecessor-version":[{"id":10780,"href":"https:\/\/eoc.cat\/ca\/wp-json\/wp\/v2\/posts\/10778\/revisions\/10780"}],"wp:featuredmedia":[{"embeddable":true,"href":"https:\/\/eoc.cat\/ca\/wp-json\/wp\/v2\/media\/10779"}],"wp:attachment":[{"href":"https:\/\/eoc.cat\/ca\/wp-json\/wp\/v2\/media?parent=10778"}],"wp:term":[{"taxonomy":"category","embeddable":true,"href":"https:\/\/eoc.cat\/ca\/wp-json\/wp\/v2\/categories?post=10778"},{"taxonomy":"post_tag","embeddable":true,"href":"https:\/\/eoc.cat\/ca\/wp-json\/wp\/v2\/tags?post=10778"}],"curies":[{"name":"wp","href":"https:\/\/api.w.org\/{rel}","templated":true}]}}