{"id":10782,"date":"2018-12-17T09:20:01","date_gmt":"2018-12-17T08:20:01","guid":{"rendered":"https:\/\/eoc.cat\/perros-mayores-dolencias\/"},"modified":"2022-02-17T10:52:21","modified_gmt":"2022-02-17T09:52:21","slug":"gossos-grans-malalties","status":"publish","type":"post","link":"https:\/\/eoc.cat\/ca\/gossos-grans-malalties\/","title":{"rendered":"Els gossos grans i les malalties m\u00e9s comunes que arriben amb l&#8217;edat"},"content":{"rendered":"<p>Per a molts propietaris de gossos grans, l&#8217;arribada de la seva mascota a la senectut passa pr\u00e0cticament desapercebuda. La ra\u00f3 \u00e9s que la majoria dels gossos continuen mantenint un estat aparentment vital i en\u00e8rgic.<\/p>\n<p>No obstant aix\u00f2, hi ha certes singularitats que poden advertir que el gos ja no \u00e9s tan jove. L&#8217;observaci\u00f3, el coneixement de l&#8217;animal i l&#8217;ajuda professional del veterinari resultaran molt \u00fatils en aquesta etapa.<\/p>\n<h2>Els primers indicis que mostren els gossos grans<\/h2>\n<p>Com a norma general, el gos entra a l&#8217;etapa d&#8217;ancianitat a partir dels vuit anys, aproximadament. Aquesta xifra varia segons la mida de l&#8217;animal. Com m\u00e9s gran sigui abans assolir\u00e0 la senilitat.<\/p>\n<p>Els primers indicis solen observar-se en la coloraci\u00f3 del pelatge. Veur\u00e0s com comencen a apar\u00e8ixer cabells blancs al voltant dels ulls i el musell. Tot i aix\u00ed, els grans canvis no arriben de cop i haur\u00e0s d&#8217;estar atent. Alguns animals, sobretot quan comencen a patir dolors, canvien el seu estat d&#8217;\u00e0nim i es poden tornar mandrosos o dormir m\u00e9s del normal.<\/p>\n<h2>Principals malalties dels gossos s\u00e8niors<\/h2>\n<p>Conformi el gos vagi entrant en aquesta etapa de la seva vida, igual que els humans, es veur\u00e0 afligit per cert tipus de xacres. Alguns no tindran m\u00e9s import\u00e0ncia i nom\u00e9s necessitaran que tinguis una mica de paci\u00e8ncia i comprensi\u00f3. Potser al principi, pel seu aspecte, no t&#8217;adonar\u00e0s que est\u00e0s tractant amb un animal de certa edat. Aix\u00ed que has d&#8217;anar tamb\u00e9 amb compte al moment del joc. Ni els seus ossos no s\u00f3n tan forts ni els seus reflexos seran els mateixos. Aix\u00f2 no vol dir que s&#8217;hagi d&#8217;abandonar el joc amb el gos, sin\u00f3 anar amb m\u00e9s cura, simplement.<\/p>\n<h2>La confusi\u00f3 de la mascota major<\/h2>\n<p>\u00c9s el cas de la desorientaci\u00f3. Pot semblar que l&#8217;animal s&#8217;hagi tornat m\u00e9s despistat. En realitat, el que passa \u00e9s que comencen els problemes cognitius. Haur\u00e0s d&#8217;observar com evoluciona. Alguns animals d&#8217;edat avan\u00e7ada poden desenvolupar malalties com l&#8217;Alzheimer.<\/p>\n<p>Aix\u00ed mateix, com ja d\u00e8iem, els gossos grans poden dormir durant m\u00e9s temps. Permet-li aquests descansos i no l&#8217;obliguis a fer exercici intens. Pots provocar que es faci mal als ossos i articulacions.<\/p>\n<h2>Pell, boca i alimentaci\u00f3 dels gossos d&#8217;edat avan\u00e7ada<\/h2>\n<p>L&#8217;arribada de la tercera edat per al gos vindr\u00e0 acompanyada de pitjor qualitat del pelatge, callositats i deteriorament dels coixinets de les potes. Tamb\u00e9 haur\u00e0s de cuidar la dentadura. Pots ajudar-lo amb estics per a la cura de les dents. D&#8217;aquesta manera es podr\u00e0 alimentar sense dificultats.<\/p>\n<p>Precisament, el tema de l&#8217;alimentaci\u00f3 dels gossos grans ha de ser vigilat molt de prop. Pensa que ara s&#8217;exercita menys i \u00e9s m\u00e9s propens a l&#8217;obesitat. Aquesta situaci\u00f3 seria fat\u00eddica per a la mascota, ja que agreujaria l&#8217;estat de les articulacions i l&#8217;exposaria a malalties derivades del sobrep\u00e8s.<\/p>\n<p>Recorda que hi ha pinsos especialment indicats per a un gos s\u00e8nior. D&#8217;aquesta manera, t&#8217;assegures que menja el que ha de fer i li aportes tots els nutrients que necessita. Aix\u00f2 tamb\u00e9 contribuir\u00e0 que el vostre sistema immunol\u00f2gic no es vegi deprimit.<\/p>\n<p>\u00c9s el moment de recordar que, a aquestes edats, els gossos han d&#8217;estar ben hidratats. Si no beu molta aigua, potser el millor \u00e9s afegir una mica de brou al pinso o incrementar la quantitat de menjar humit.<\/p>\n<p><img loading=\"lazy\" decoding=\"async\" class=\"aligncenter wp-image-5826 size-full\" title=\"perros s\u00e9niors\" src=\"https:\/\/eoc.cat\/wp-content\/uploads\/2018\/12\/perros-seniors.jpg\" alt=\"perros s\u00e9niors\" width=\"810\" height=\"513\" srcset=\"https:\/\/eoc.cat\/wp-content\/uploads\/2018\/12\/perros-seniors.jpg 810w, https:\/\/eoc.cat\/wp-content\/uploads\/2018\/12\/perros-seniors-300x190.jpg 300w, https:\/\/eoc.cat\/wp-content\/uploads\/2018\/12\/perros-seniors-768x486.jpg 768w\" sizes=\"(max-width: 810px) 100vw, 810px\" \/><\/p>\n<h2>Malalties canines derivades de l\u2019edat<\/h2>\n<p>Conforme va envellint, aquestes mascotes poden patir qualsevol tipus de malaltia relacionada amb l\u2019edat. \u00c9s molt important que exploris el gos. Aprofita les car\u00edcies per detectar possibles zones adolorides, bonys o canvis a la pell.<\/p>\n<p>Potser tamb\u00e9 has d&#8217;ajudar a buidar les gl\u00e0ndules anals. Amb el pas dels anys perden la per\u00edcia per fer-ho ells mateixos. El veterinari, el seu auxiliar veterinari o un perruquer can\u00ed poden netejar la zona.<\/p>\n<h2>Quines s\u00f3n les malalties m\u00e9s comunes dels gossos grans<\/h2>\n<p>Abans d&#8217;entrar en detalls resulta convenient que segueixis un consell: com m\u00e9s gran sigui el gos m\u00e9s necess\u00e0ries seran les visites al veterinari. Haurien de fer-li una anal\u00edtica dues vegades l&#8217;any i aix\u00ed poder detectar certs problemes a temps.<\/p>\n<h2>Artritis i artrosi<\/h2>\n<p>Malauradament aquestes patologies resulten molt freq\u00fcents. Afecten les articulacions i cursen inflamaci\u00f3, deteriorament progressiu i zones adolorides. La conseq\u00fc\u00e8ncia \u00e9s una involuci\u00f3 en els seus moviments deguda, fonamentalment, al dolor. El proc\u00e9s d&#8217;aquestes malalties \u00e9s molt semblant al que pateixen els \u00e9ssers humans. Si us interessa aquest tema no dubteu a llegir el nostre article sobre la rehabilitaci\u00f3 de l&#8217;artrosi en gossos.<\/p>\n<h2>Quadres renals<\/h2>\n<p>La falta de gana i les n\u00e0usees freq\u00fcents ens poden alertar d&#8217;una insufici\u00e8ncia renal. Igual que en els processos articulars, no hi ha cura. Tot i aix\u00f2, el veterinari podr\u00e0 subministrar el tractament adequat per pal\u00b7liar les mol\u00e8sties.<\/p>\n<h2>Sordesa i ceguesa<\/h2>\n<p>Estem davant de dos dels mals dels gossos s\u00e8niors m\u00e9s recurrents. Els torna molt vulnerables i necessitaran la teva ajuda i la teva atenci\u00f3. La ceguesa degenerativa no t\u00e9 cura. Aix\u00f2 no obstant, si el gos perd visi\u00f3 per cataractes hi ha soluci\u00f3 quir\u00fargica.<\/p>\n<h2>Tumors i c\u00e0ncer<\/h2>\n<p>L\u00b4edat propicia l\u00b4aparici\u00f3 d\u00b4aquestes patologies. Els tumors han de ser examinats, fins i tot amb bi\u00f2psia. D&#8217;aquesta manera, podreu detectar un carcinoma preco\u00e7ment, una circumst\u00e0ncia que, com en el cas dels humans, resulta vital.<\/p>\n<p>Hi ha altres malalties relacionades amb l&#8217;edat: cardiovasculars, an\u00e8mies, cirrosi, incontin\u00e8ncia, etc. El m\u00e9s important \u00e9s que actu\u00efs amb sentit com\u00fa. Els gossos grans necessitaran revisions veterin\u00e0ries m\u00e9s freq\u00fcents. A aquesta edat esdevenen m\u00e9s dependents i necessiten m\u00e9s cures.<\/p>\n","protected":false},"excerpt":{"rendered":"<p>Per a molts propietaris de gossos grans, l&#8217;arribada de la seva mascota a la senectut passa pr\u00e0cticament desapercebuda. La ra\u00f3 \u00e9s que la majoria dels gossos continuen mantenint un estat aparentment vital i en\u00e8rgic. No obstant aix\u00f2, hi ha certes singularitats que poden advertir que el gos ja no \u00e9s tan jove. L&#8217;observaci\u00f3, el coneixement [&hellip;]<\/p>\n","protected":false},"author":7,"featured_media":10783,"comment_status":"open","ping_status":"open","sticky":false,"template":"","format":"standard","meta":{"_et_pb_use_builder":"","_et_pb_old_content":"","_et_gb_content_width":"","footnotes":""},"categories":[103,94,111],"tags":[120],"class_list":["post-10782","post","type-post","status-publish","format-standard","has-post-thumbnail","hentry","category-auxiliar-tecnic-veterinaria","category-educador-cani","category-rehabilitacio-fisioterapia-veterinaria","tag-rehabilitacio-veterinaria"],"yoast_head":"<!-- This site is optimized with the Yoast SEO plugin v27.5 - https:\/\/yoast.com\/product\/yoast-seo-wordpress\/ -->\n<title>Els gossos grans i les malalties m\u00e9s comunes que arriben amb l&#039;edat<\/title>\n<meta name=\"description\" content=\"Amb l&#039;edat arriben els problemes, tamb\u00e9 als amics canins. Parlem dels gossos grans i les seves principals malalties.\" \/>\n<meta name=\"robots\" content=\"index, follow, max-snippet:-1, max-image-preview:large, max-video-preview:-1\" \/>\n<link rel=\"canonical\" href=\"https:\/\/eoc.cat\/ca\/gossos-grans-malalties\/\" \/>\n<meta property=\"og:locale\" content=\"ca_ES\" \/>\n<meta property=\"og:type\" content=\"article\" \/>\n<meta property=\"og:title\" content=\"Els gossos grans i les malalties m\u00e9s comunes que arriben amb l&#039;edat\" \/>\n<meta property=\"og:description\" content=\"Amb l&#039;edat arriben els problemes, tamb\u00e9 als amics canins. Parlem dels gossos grans i les seves principals malalties.\" \/>\n<meta property=\"og:url\" content=\"https:\/\/eoc.cat\/ca\/gossos-grans-malalties\/\" \/>\n<meta property=\"og:site_name\" content=\"Escola d&#039;Oficis Catalunya\" \/>\n<meta property=\"article:publisher\" content=\"https:\/\/www.facebook.com\/EscoladOficisCatalunya\" \/>\n<meta property=\"article:published_time\" content=\"2018-12-17T08:20:01+00:00\" \/>\n<meta property=\"article:modified_time\" content=\"2022-02-17T09:52:21+00:00\" \/>\n<meta property=\"og:image\" content=\"https:\/\/eoc.cat\/wp-content\/uploads\/2018\/12\/perros-mayores.jpg\" \/>\n\t<meta property=\"og:image:width\" content=\"810\" \/>\n\t<meta property=\"og:image:height\" content=\"513\" \/>\n\t<meta property=\"og:image:type\" content=\"image\/jpeg\" \/>\n<meta name=\"author\" content=\"EOC\" \/>\n<meta name=\"twitter:card\" content=\"summary_large_image\" \/>\n<meta name=\"twitter:title\" content=\"Els gossos grans i les malalties m\u00e9s comunes que arriben amb l&#039;edat\" \/>\n<meta name=\"twitter:description\" content=\"Amb l&#039;edat arriben els problemes, tamb\u00e9 als amics canins. Parlem dels gossos grans i les seves principals malalties.\" \/>\n<meta name=\"twitter:image\" content=\"https:\/\/eoc.cat\/wp-content\/uploads\/2018\/12\/perros-mayores.jpg\" \/>\n<meta name=\"twitter:creator\" content=\"@escoficat\" \/>\n<meta name=\"twitter:site\" content=\"@escoficat\" \/>\n<script type=\"application\/ld+json\" class=\"yoast-schema-graph\">{\"@context\":\"https:\\\/\\\/schema.org\",\"@graph\":[{\"@type\":\"Article\",\"@id\":\"https:\\\/\\\/eoc.cat\\\/ca\\\/gossos-grans-malalties\\\/#article\",\"isPartOf\":{\"@id\":\"https:\\\/\\\/eoc.cat\\\/ca\\\/gossos-grans-malalties\\\/\"},\"author\":{\"name\":\"EOC\",\"@id\":\"https:\\\/\\\/eoc.cat\\\/#\\\/schema\\\/person\\\/702649fa6e82a790042399ed7f67f79f\"},\"headline\":\"Els gossos grans i les malalties m\u00e9s comunes que arriben amb l&#8217;edat\",\"datePublished\":\"2018-12-17T08:20:01+00:00\",\"dateModified\":\"2022-02-17T09:52:21+00:00\",\"mainEntityOfPage\":{\"@id\":\"https:\\\/\\\/eoc.cat\\\/ca\\\/gossos-grans-malalties\\\/\"},\"wordCount\":1004,\"commentCount\":0,\"publisher\":{\"@id\":\"https:\\\/\\\/eoc.cat\\\/#organization\"},\"image\":{\"@id\":\"https:\\\/\\\/eoc.cat\\\/ca\\\/gossos-grans-malalties\\\/#primaryimage\"},\"thumbnailUrl\":\"https:\\\/\\\/eoc.cat\\\/wp-content\\\/uploads\\\/2018\\\/12\\\/perros-mayores.jpg\",\"keywords\":[\"rehabilitaci\u00f3 veterin\u00e0ria\"],\"articleSection\":[\"Auxiliar t\u00e8cnic de veterin\u00e0ria\",\"Educador can\u00ed\",\"Rehabilitaci\u00f3 i fisioter\u00e0pia veterin\u00e0ria\"],\"inLanguage\":\"ca\",\"potentialAction\":[{\"@type\":\"CommentAction\",\"name\":\"Comment\",\"target\":[\"https:\\\/\\\/eoc.cat\\\/ca\\\/gossos-grans-malalties\\\/#respond\"]}]},{\"@type\":\"WebPage\",\"@id\":\"https:\\\/\\\/eoc.cat\\\/ca\\\/gossos-grans-malalties\\\/\",\"url\":\"https:\\\/\\\/eoc.cat\\\/ca\\\/gossos-grans-malalties\\\/\",\"name\":\"Els gossos grans i les malalties m\u00e9s comunes que arriben amb l'edat\",\"isPartOf\":{\"@id\":\"https:\\\/\\\/eoc.cat\\\/#website\"},\"primaryImageOfPage\":{\"@id\":\"https:\\\/\\\/eoc.cat\\\/ca\\\/gossos-grans-malalties\\\/#primaryimage\"},\"image\":{\"@id\":\"https:\\\/\\\/eoc.cat\\\/ca\\\/gossos-grans-malalties\\\/#primaryimage\"},\"thumbnailUrl\":\"https:\\\/\\\/eoc.cat\\\/wp-content\\\/uploads\\\/2018\\\/12\\\/perros-mayores.jpg\",\"datePublished\":\"2018-12-17T08:20:01+00:00\",\"dateModified\":\"2022-02-17T09:52:21+00:00\",\"description\":\"Amb l'edat arriben els problemes, tamb\u00e9 als amics canins. Parlem dels gossos grans i les seves principals malalties.\",\"breadcrumb\":{\"@id\":\"https:\\\/\\\/eoc.cat\\\/ca\\\/gossos-grans-malalties\\\/#breadcrumb\"},\"inLanguage\":\"ca\",\"potentialAction\":[{\"@type\":\"ReadAction\",\"target\":[\"https:\\\/\\\/eoc.cat\\\/ca\\\/gossos-grans-malalties\\\/\"]}]},{\"@type\":\"ImageObject\",\"inLanguage\":\"ca\",\"@id\":\"https:\\\/\\\/eoc.cat\\\/ca\\\/gossos-grans-malalties\\\/#primaryimage\",\"url\":\"https:\\\/\\\/eoc.cat\\\/wp-content\\\/uploads\\\/2018\\\/12\\\/perros-mayores.jpg\",\"contentUrl\":\"https:\\\/\\\/eoc.cat\\\/wp-content\\\/uploads\\\/2018\\\/12\\\/perros-mayores.jpg\",\"width\":810,\"height\":513},{\"@type\":\"BreadcrumbList\",\"@id\":\"https:\\\/\\\/eoc.cat\\\/ca\\\/gossos-grans-malalties\\\/#breadcrumb\",\"itemListElement\":[{\"@type\":\"ListItem\",\"position\":1,\"name\":\"Portada\",\"item\":\"https:\\\/\\\/eoc.cat\\\/ca\\\/\"},{\"@type\":\"ListItem\",\"position\":2,\"name\":\"Els gossos grans i les malalties m\u00e9s comunes que arriben amb l&#8217;edat\"}]},{\"@type\":\"WebSite\",\"@id\":\"https:\\\/\\\/eoc.cat\\\/#website\",\"url\":\"https:\\\/\\\/eoc.cat\\\/\",\"name\":\"Escola d'Oficis Catalunya\",\"description\":\"Escuela de formaci\u00f3n profesional para adultos y j\u00f3venes\",\"publisher\":{\"@id\":\"https:\\\/\\\/eoc.cat\\\/#organization\"},\"alternateName\":\"EOC\",\"potentialAction\":[{\"@type\":\"SearchAction\",\"target\":{\"@type\":\"EntryPoint\",\"urlTemplate\":\"https:\\\/\\\/eoc.cat\\\/?s={search_term_string}\"},\"query-input\":{\"@type\":\"PropertyValueSpecification\",\"valueRequired\":true,\"valueName\":\"search_term_string\"}}],\"inLanguage\":\"ca\"},{\"@type\":\"Organization\",\"@id\":\"https:\\\/\\\/eoc.cat\\\/#organization\",\"name\":\"Escola d'Oficis Catalunya\",\"alternateName\":\"EOC\",\"url\":\"https:\\\/\\\/eoc.cat\\\/\",\"logo\":{\"@type\":\"ImageObject\",\"inLanguage\":\"ca\",\"@id\":\"https:\\\/\\\/eoc.cat\\\/#\\\/schema\\\/logo\\\/image\\\/\",\"url\":\"https:\\\/\\\/eoc.cat\\\/wp-content\\\/uploads\\\/2020\\\/12\\\/eoc-logotipo.png\",\"contentUrl\":\"https:\\\/\\\/eoc.cat\\\/wp-content\\\/uploads\\\/2020\\\/12\\\/eoc-logotipo.png\",\"width\":274,\"height\":118,\"caption\":\"Escola d'Oficis Catalunya\"},\"image\":{\"@id\":\"https:\\\/\\\/eoc.cat\\\/#\\\/schema\\\/logo\\\/image\\\/\"},\"sameAs\":[\"https:\\\/\\\/www.facebook.com\\\/EscoladOficisCatalunya\",\"https:\\\/\\\/x.com\\\/escoficat\",\"https:\\\/\\\/www.instagram.com\\\/escoladoficiscatalunya\\\/\",\"https:\\\/\\\/www.linkedin.com\\\/school\\\/escoladoficiscatalunya\\\/\",\"https:\\\/\\\/www.youtube.com\\\/channel\\\/UC_HLShkY7t1pf1CrXPw-gRQ\"]},{\"@type\":\"Person\",\"@id\":\"https:\\\/\\\/eoc.cat\\\/#\\\/schema\\\/person\\\/702649fa6e82a790042399ed7f67f79f\",\"name\":\"EOC\",\"image\":{\"@type\":\"ImageObject\",\"inLanguage\":\"ca\",\"@id\":\"https:\\\/\\\/secure.gravatar.com\\\/avatar\\\/db655658f91923a915562a010af881cf03bb56574b7e1241e9fa9ab684c7a9d0?s=96&r=g\",\"url\":\"https:\\\/\\\/secure.gravatar.com\\\/avatar\\\/db655658f91923a915562a010af881cf03bb56574b7e1241e9fa9ab684c7a9d0?s=96&r=g\",\"contentUrl\":\"https:\\\/\\\/secure.gravatar.com\\\/avatar\\\/db655658f91923a915562a010af881cf03bb56574b7e1241e9fa9ab684c7a9d0?s=96&r=g\",\"caption\":\"EOC\"},\"url\":\"https:\\\/\\\/eoc.cat\\\/ca\\\/author\\\/e0c93k1lk3\\\/\"}]}<\/script>\n<!-- \/ Yoast SEO plugin. -->","yoast_head_json":{"title":"Els gossos grans i les malalties m\u00e9s comunes que arriben amb l'edat","description":"Amb l'edat arriben els problemes, tamb\u00e9 als amics canins. Parlem dels gossos grans i les seves principals malalties.","robots":{"index":"index","follow":"follow","max-snippet":"max-snippet:-1","max-image-preview":"max-image-preview:large","max-video-preview":"max-video-preview:-1"},"canonical":"https:\/\/eoc.cat\/ca\/gossos-grans-malalties\/","og_locale":"ca_ES","og_type":"article","og_title":"Els gossos grans i les malalties m\u00e9s comunes que arriben amb l'edat","og_description":"Amb l'edat arriben els problemes, tamb\u00e9 als amics canins. Parlem dels gossos grans i les seves principals malalties.","og_url":"https:\/\/eoc.cat\/ca\/gossos-grans-malalties\/","og_site_name":"Escola d&#039;Oficis Catalunya","article_publisher":"https:\/\/www.facebook.com\/EscoladOficisCatalunya","article_published_time":"2018-12-17T08:20:01+00:00","article_modified_time":"2022-02-17T09:52:21+00:00","og_image":[{"width":810,"height":513,"url":"https:\/\/eoc.cat\/wp-content\/uploads\/2018\/12\/perros-mayores.jpg","type":"image\/jpeg"}],"author":"EOC","twitter_card":"summary_large_image","twitter_title":"Els gossos grans i les malalties m\u00e9s comunes que arriben amb l'edat","twitter_description":"Amb l'edat arriben els problemes, tamb\u00e9 als amics canins. Parlem dels gossos grans i les seves principals malalties.","twitter_image":"https:\/\/eoc.cat\/wp-content\/uploads\/2018\/12\/perros-mayores.jpg","twitter_creator":"@escoficat","twitter_site":"@escoficat","schema":{"@context":"https:\/\/schema.org","@graph":[{"@type":"Article","@id":"https:\/\/eoc.cat\/ca\/gossos-grans-malalties\/#article","isPartOf":{"@id":"https:\/\/eoc.cat\/ca\/gossos-grans-malalties\/"},"author":{"name":"EOC","@id":"https:\/\/eoc.cat\/#\/schema\/person\/702649fa6e82a790042399ed7f67f79f"},"headline":"Els gossos grans i les malalties m\u00e9s comunes que arriben amb l&#8217;edat","datePublished":"2018-12-17T08:20:01+00:00","dateModified":"2022-02-17T09:52:21+00:00","mainEntityOfPage":{"@id":"https:\/\/eoc.cat\/ca\/gossos-grans-malalties\/"},"wordCount":1004,"commentCount":0,"publisher":{"@id":"https:\/\/eoc.cat\/#organization"},"image":{"@id":"https:\/\/eoc.cat\/ca\/gossos-grans-malalties\/#primaryimage"},"thumbnailUrl":"https:\/\/eoc.cat\/wp-content\/uploads\/2018\/12\/perros-mayores.jpg","keywords":["rehabilitaci\u00f3 veterin\u00e0ria"],"articleSection":["Auxiliar t\u00e8cnic de veterin\u00e0ria","Educador can\u00ed","Rehabilitaci\u00f3 i fisioter\u00e0pia veterin\u00e0ria"],"inLanguage":"ca","potentialAction":[{"@type":"CommentAction","name":"Comment","target":["https:\/\/eoc.cat\/ca\/gossos-grans-malalties\/#respond"]}]},{"@type":"WebPage","@id":"https:\/\/eoc.cat\/ca\/gossos-grans-malalties\/","url":"https:\/\/eoc.cat\/ca\/gossos-grans-malalties\/","name":"Els gossos grans i les malalties m\u00e9s comunes que arriben amb l'edat","isPartOf":{"@id":"https:\/\/eoc.cat\/#website"},"primaryImageOfPage":{"@id":"https:\/\/eoc.cat\/ca\/gossos-grans-malalties\/#primaryimage"},"image":{"@id":"https:\/\/eoc.cat\/ca\/gossos-grans-malalties\/#primaryimage"},"thumbnailUrl":"https:\/\/eoc.cat\/wp-content\/uploads\/2018\/12\/perros-mayores.jpg","datePublished":"2018-12-17T08:20:01+00:00","dateModified":"2022-02-17T09:52:21+00:00","description":"Amb l'edat arriben els problemes, tamb\u00e9 als amics canins. Parlem dels gossos grans i les seves principals malalties.","breadcrumb":{"@id":"https:\/\/eoc.cat\/ca\/gossos-grans-malalties\/#breadcrumb"},"inLanguage":"ca","potentialAction":[{"@type":"ReadAction","target":["https:\/\/eoc.cat\/ca\/gossos-grans-malalties\/"]}]},{"@type":"ImageObject","inLanguage":"ca","@id":"https:\/\/eoc.cat\/ca\/gossos-grans-malalties\/#primaryimage","url":"https:\/\/eoc.cat\/wp-content\/uploads\/2018\/12\/perros-mayores.jpg","contentUrl":"https:\/\/eoc.cat\/wp-content\/uploads\/2018\/12\/perros-mayores.jpg","width":810,"height":513},{"@type":"BreadcrumbList","@id":"https:\/\/eoc.cat\/ca\/gossos-grans-malalties\/#breadcrumb","itemListElement":[{"@type":"ListItem","position":1,"name":"Portada","item":"https:\/\/eoc.cat\/ca\/"},{"@type":"ListItem","position":2,"name":"Els gossos grans i les malalties m\u00e9s comunes que arriben amb l&#8217;edat"}]},{"@type":"WebSite","@id":"https:\/\/eoc.cat\/#website","url":"https:\/\/eoc.cat\/","name":"Escola d'Oficis Catalunya","description":"Escuela de formaci\u00f3n profesional para adultos y j\u00f3venes","publisher":{"@id":"https:\/\/eoc.cat\/#organization"},"alternateName":"EOC","potentialAction":[{"@type":"SearchAction","target":{"@type":"EntryPoint","urlTemplate":"https:\/\/eoc.cat\/?s={search_term_string}"},"query-input":{"@type":"PropertyValueSpecification","valueRequired":true,"valueName":"search_term_string"}}],"inLanguage":"ca"},{"@type":"Organization","@id":"https:\/\/eoc.cat\/#organization","name":"Escola d'Oficis Catalunya","alternateName":"EOC","url":"https:\/\/eoc.cat\/","logo":{"@type":"ImageObject","inLanguage":"ca","@id":"https:\/\/eoc.cat\/#\/schema\/logo\/image\/","url":"https:\/\/eoc.cat\/wp-content\/uploads\/2020\/12\/eoc-logotipo.png","contentUrl":"https:\/\/eoc.cat\/wp-content\/uploads\/2020\/12\/eoc-logotipo.png","width":274,"height":118,"caption":"Escola d'Oficis Catalunya"},"image":{"@id":"https:\/\/eoc.cat\/#\/schema\/logo\/image\/"},"sameAs":["https:\/\/www.facebook.com\/EscoladOficisCatalunya","https:\/\/x.com\/escoficat","https:\/\/www.instagram.com\/escoladoficiscatalunya\/","https:\/\/www.linkedin.com\/school\/escoladoficiscatalunya\/","https:\/\/www.youtube.com\/channel\/UC_HLShkY7t1pf1CrXPw-gRQ"]},{"@type":"Person","@id":"https:\/\/eoc.cat\/#\/schema\/person\/702649fa6e82a790042399ed7f67f79f","name":"EOC","image":{"@type":"ImageObject","inLanguage":"ca","@id":"https:\/\/secure.gravatar.com\/avatar\/db655658f91923a915562a010af881cf03bb56574b7e1241e9fa9ab684c7a9d0?s=96&r=g","url":"https:\/\/secure.gravatar.com\/avatar\/db655658f91923a915562a010af881cf03bb56574b7e1241e9fa9ab684c7a9d0?s=96&r=g","contentUrl":"https:\/\/secure.gravatar.com\/avatar\/db655658f91923a915562a010af881cf03bb56574b7e1241e9fa9ab684c7a9d0?s=96&r=g","caption":"EOC"},"url":"https:\/\/eoc.cat\/ca\/author\/e0c93k1lk3\/"}]}},"_links":{"self":[{"href":"https:\/\/eoc.cat\/ca\/wp-json\/wp\/v2\/posts\/10782","targetHints":{"allow":["GET"]}}],"collection":[{"href":"https:\/\/eoc.cat\/ca\/wp-json\/wp\/v2\/posts"}],"about":[{"href":"https:\/\/eoc.cat\/ca\/wp-json\/wp\/v2\/types\/post"}],"author":[{"embeddable":true,"href":"https:\/\/eoc.cat\/ca\/wp-json\/wp\/v2\/users\/7"}],"replies":[{"embeddable":true,"href":"https:\/\/eoc.cat\/ca\/wp-json\/wp\/v2\/comments?post=10782"}],"version-history":[{"count":3,"href":"https:\/\/eoc.cat\/ca\/wp-json\/wp\/v2\/posts\/10782\/revisions"}],"predecessor-version":[{"id":10786,"href":"https:\/\/eoc.cat\/ca\/wp-json\/wp\/v2\/posts\/10782\/revisions\/10786"}],"wp:featuredmedia":[{"embeddable":true,"href":"https:\/\/eoc.cat\/ca\/wp-json\/wp\/v2\/media\/10783"}],"wp:attachment":[{"href":"https:\/\/eoc.cat\/ca\/wp-json\/wp\/v2\/media?parent=10782"}],"wp:term":[{"taxonomy":"category","embeddable":true,"href":"https:\/\/eoc.cat\/ca\/wp-json\/wp\/v2\/categories?post=10782"},{"taxonomy":"post_tag","embeddable":true,"href":"https:\/\/eoc.cat\/ca\/wp-json\/wp\/v2\/tags?post=10782"}],"curies":[{"name":"wp","href":"https:\/\/api.w.org\/{rel}","templated":true}]}}