{"id":10866,"date":"2018-06-18T17:22:05","date_gmt":"2018-06-18T15:22:05","guid":{"rendered":"https:\/\/eoc.cat\/rcp-protocolo-de-actuacion\/"},"modified":"2022-02-17T10:52:18","modified_gmt":"2022-02-17T09:52:18","slug":"rcp-basica-protocol-actuacio","status":"publish","type":"post","link":"https:\/\/eoc.cat\/ca\/rcp-basica-protocol-actuacio\/","title":{"rendered":"La RCP b\u00e0sica a l&#8217;adult i el seu protocol d&#8217;actuaci\u00f3"},"content":{"rendered":"<p>RCP s\u00f3n les sigles de Reanimaci\u00f3 Cardiopulmonar. Aix\u00ed mateix, s&#8217;ent\u00e9n per PCR (aturada cardiorespirat\u00f2ria) al cessament sobtat, inesperat i potencialment reversible de la respiraci\u00f3 i circulaci\u00f3 espont\u00e0nia. Davant d&#8217;aquesta situaci\u00f3 en un pacient, \u00e9s de vital import\u00e0ncia iniciar immediatament les maniobres de ressuscitaci\u00f3 cardiopulmonar. L&#8217;objectiu ser\u00e0 evitar possibles seq\u00fceles i augmentar les probabilitats de superviv\u00e8ncia.<\/p>\n<h2>Protocol d&#8217;actuaci\u00f3 RCP b\u00e0sica<\/h2>\n<p>A continuaci\u00f3 us deixem una infografia b\u00e0sica i clara del proc\u00e9s o protocol d&#8217;actuaci\u00f3 RCP b\u00e0sica.<\/p>\n<p><img loading=\"lazy\" decoding=\"async\" class=\"aligncenter wp-image-5621 size-full\" title=\"infografia protocol RCP\" src=\"https:\/\/eoc.cat\/wp-content\/uploads\/2018\/06\/infografia-protocolo-rcp.jpg\" alt=\"infografia protocol RCP\" width=\"793\" height=\"967\" srcset=\"https:\/\/eoc.cat\/wp-content\/uploads\/2018\/06\/infografia-protocolo-rcp.jpg 793w, https:\/\/eoc.cat\/wp-content\/uploads\/2018\/06\/infografia-protocolo-rcp-246x300.jpg 246w, https:\/\/eoc.cat\/wp-content\/uploads\/2018\/06\/infografia-protocolo-rcp-768x937.jpg 768w\" sizes=\"(max-width: 793px) 100vw, 793px\" \/><\/p>\n<p>Abans de res hem de garantir la seguretat en el que es coneix com a PAS que s\u00f3n les sigles de: protegir, avisar i soc\u00f3rrer. Tot seguit, cal valorar l&#8217;estat de consci\u00e8ncia del pacient. Unes de les t\u00e8cniques per a aix\u00f2 seran anomenar-lo pel seu nom o produint algun est\u00edmul dolor\u00f3s davant de la falta de resposta.<\/p>\n<h2>Proc\u00e9s de la reanimaci\u00f3 cardiopulmonar<\/h2>\n<p>Si el pacient respon se&#8217;l col\u00b7locar\u00e0 en PLS o Posici\u00f3 Lateral de Seguretat. El col\u00b7locarem en posici\u00f3 de dec\u00fabit lateral esquerre i aix\u00ed aconseguirem evitar l&#8217;obstrucci\u00f3 de la via a\u00e8ria i una possible asf\u00edxia per v\u00f2mit.<\/p>\n<p>En cas que el pacient no respongui realitzarem la maniobra front-ment\u00f3. En aquesta maniobra es col\u00b7loca la v\u00edctima en dec\u00fabit sup\u00ed i amb una m\u00e0 s&#8217;inclina el cap lleugerament enrere mentre amb l&#8217;altra s&#8217;eleva la mand\u00edbula subjectant el ment\u00f3 per obrir les vies respirat\u00f2ries. Haurem d&#8217;acostar l&#8217;orella i durant no m\u00e9s de 10 segons intentarem sentir o notar la respiraci\u00f3 de la v\u00edctima o el pacient.<\/p>\n<p>Si respira col\u00b7locarem el pacient en posici\u00f3 de PLS. Si no respira trucarem de forma urgent al 112 i iniciarem immediatament la RCP. Ho farem amb 30 compressions tor\u00e0ciques i 2 ventilacions de rescat. Cal comprimir el t\u00f2rax a un ritme de 100 bpm (batecs per minut) i amb una profunditat de 5-6 cm sobre el t\u00f2rax. El temps per insuflaci\u00f3 a la RCP ser\u00e0 d&#8217;un segon i cal comprovar l&#8217;expansi\u00f3 del t\u00f2rax.<\/p>\n<p>En cas de disposar d&#8217;un DESA o Desfibril\u00b7lador Extern Semiautom\u00e0tic, procedirem a utilitzar-lo. Col\u00b7locarem immediatament els pegats adhesius al pacient i seguirem les instruccions del desfibril\u00b7lador.<\/p>\n<p>Finalment, ens hem de mantenir propers a la v\u00edctima i no abandonar-la fins a l&#8217;arribada dels serveis d&#8217;emerg\u00e8ncia. En cas de recuperaci\u00f3 del pacient despr\u00e9s de la RCP col\u00b7locar a PLS. Igualment, no hem d&#8217;oblidar oferir suport psicol\u00f2gic al pacient i als seus familiars.<\/p>\n<p>Ver\u00f3nica Naranjo Garc\u00eda. M\u00e0ster en Urg\u00e8ncies per la Universitat de Barcelona. Infermera Oncol\u00f2gica a l&#8217;Hospital Universitari Vall d&#8217;Hebron. Formadora del <a href=\"http:\/\/eoc.cat\/cfgm-tecnico-emergencias-sanitarias\/\">CFGM de T\u00e8cnic en Emerg\u00e8ncies Sanit\u00e0ries<\/a> a l&#8217;Escola d&#8217;Oficis Catalunya.<\/p>\n","protected":false},"excerpt":{"rendered":"<p>RCP s\u00f3n les sigles de Reanimaci\u00f3 Cardiopulmonar. Aix\u00ed mateix, s&#8217;ent\u00e9n per PCR (aturada cardiorespirat\u00f2ria) al cessament sobtat, inesperat i potencialment reversible de la respiraci\u00f3 i circulaci\u00f3 espont\u00e0nia. Davant d&#8217;aquesta situaci\u00f3 en un pacient, \u00e9s de vital import\u00e0ncia iniciar immediatament les maniobres de ressuscitaci\u00f3 cardiopulmonar. L&#8217;objectiu ser\u00e0 evitar possibles seq\u00fceles i augmentar les probabilitats de superviv\u00e8ncia. [&hellip;]<\/p>\n","protected":false},"author":7,"featured_media":10868,"comment_status":"open","ping_status":"open","sticky":false,"template":"","format":"standard","meta":{"_et_pb_use_builder":"","_et_pb_old_content":"","_et_gb_content_width":"","footnotes":""},"categories":[101],"tags":[119],"class_list":["post-10866","post","type-post","status-publish","format-standard","has-post-thumbnail","hentry","category-tecnic-emergencies-sanitaries","tag-suport-vital-basic"],"yoast_head":"<!-- This site is optimized with the Yoast SEO plugin v27.5 - https:\/\/yoast.com\/product\/yoast-seo-wordpress\/ -->\n<title>La RCP b\u00e0sica a l&#039;adult i el seu protocol d&#039;actuaci\u00f3<\/title>\n<meta name=\"description\" content=\"En aquest article conc\u00eds parlem de la RCP b\u00e0sica en el pacient adult aix\u00ed com del protocol d&#039;actuaci\u00f3 d&#039;aquesta t\u00e8cnica.\" \/>\n<meta name=\"robots\" content=\"index, follow, max-snippet:-1, max-image-preview:large, max-video-preview:-1\" \/>\n<link rel=\"canonical\" href=\"https:\/\/eoc.cat\/ca\/rcp-basica-protocol-actuacio\/\" \/>\n<meta property=\"og:locale\" content=\"ca_ES\" \/>\n<meta property=\"og:type\" content=\"article\" \/>\n<meta property=\"og:title\" content=\"La RCP b\u00e0sica a l&#039;adult i el seu protocol d&#039;actuaci\u00f3\" \/>\n<meta property=\"og:description\" content=\"En aquest article conc\u00eds parlem de la RCP b\u00e0sica en el pacient adult aix\u00ed com del protocol d&#039;actuaci\u00f3 d&#039;aquesta t\u00e8cnica.\" \/>\n<meta property=\"og:url\" content=\"https:\/\/eoc.cat\/ca\/rcp-basica-protocol-actuacio\/\" \/>\n<meta property=\"og:site_name\" content=\"Escola d&#039;Oficis Catalunya\" \/>\n<meta property=\"article:publisher\" content=\"https:\/\/www.facebook.com\/EscoladOficisCatalunya\" \/>\n<meta property=\"article:published_time\" content=\"2018-06-18T15:22:05+00:00\" \/>\n<meta property=\"article:modified_time\" content=\"2022-02-17T09:52:18+00:00\" \/>\n<meta property=\"og:image\" content=\"https:\/\/eoc.cat\/wp-content\/uploads\/2018\/06\/rcp-protocolo.jpg\" \/>\n\t<meta property=\"og:image:width\" content=\"810\" \/>\n\t<meta property=\"og:image:height\" content=\"513\" \/>\n\t<meta property=\"og:image:type\" content=\"image\/jpeg\" \/>\n<meta name=\"author\" content=\"EOC\" \/>\n<meta name=\"twitter:card\" content=\"summary_large_image\" \/>\n<meta name=\"twitter:title\" content=\"La RCP b\u00e0sica a l&#039;adult i el seu protocol d&#039;actuaci\u00f3\" \/>\n<meta name=\"twitter:description\" content=\"En aquest article conc\u00eds parlem de la RCP b\u00e0sica en el pacient adult aix\u00ed com del protocol d&#039;actuaci\u00f3 d&#039;aquesta t\u00e8cnica.\" \/>\n<meta name=\"twitter:image\" content=\"https:\/\/eoc.cat\/wp-content\/uploads\/2018\/06\/rcp-protocolo.jpg\" \/>\n<meta name=\"twitter:creator\" content=\"@escoficat\" \/>\n<meta name=\"twitter:site\" content=\"@escoficat\" \/>\n<script type=\"application\/ld+json\" class=\"yoast-schema-graph\">{\"@context\":\"https:\\\/\\\/schema.org\",\"@graph\":[{\"@type\":\"Article\",\"@id\":\"https:\\\/\\\/eoc.cat\\\/ca\\\/rcp-basica-protocol-actuacio\\\/#article\",\"isPartOf\":{\"@id\":\"https:\\\/\\\/eoc.cat\\\/ca\\\/rcp-basica-protocol-actuacio\\\/\"},\"author\":{\"name\":\"EOC\",\"@id\":\"https:\\\/\\\/eoc.cat\\\/#\\\/schema\\\/person\\\/702649fa6e82a790042399ed7f67f79f\"},\"headline\":\"La RCP b\u00e0sica a l&#8217;adult i el seu protocol d&#8217;actuaci\u00f3\",\"datePublished\":\"2018-06-18T15:22:05+00:00\",\"dateModified\":\"2022-02-17T09:52:18+00:00\",\"mainEntityOfPage\":{\"@id\":\"https:\\\/\\\/eoc.cat\\\/ca\\\/rcp-basica-protocol-actuacio\\\/\"},\"wordCount\":496,\"commentCount\":0,\"publisher\":{\"@id\":\"https:\\\/\\\/eoc.cat\\\/#organization\"},\"image\":{\"@id\":\"https:\\\/\\\/eoc.cat\\\/ca\\\/rcp-basica-protocol-actuacio\\\/#primaryimage\"},\"thumbnailUrl\":\"https:\\\/\\\/eoc.cat\\\/wp-content\\\/uploads\\\/2018\\\/06\\\/rcp-protocolo.jpg\",\"keywords\":[\"suport vital b\u00e0sic\"],\"articleSection\":[\"T\u00e8cnic en emerg\u00e8ncies sanit\u00e0ries\"],\"inLanguage\":\"ca\",\"potentialAction\":[{\"@type\":\"CommentAction\",\"name\":\"Comment\",\"target\":[\"https:\\\/\\\/eoc.cat\\\/ca\\\/rcp-basica-protocol-actuacio\\\/#respond\"]}]},{\"@type\":\"WebPage\",\"@id\":\"https:\\\/\\\/eoc.cat\\\/ca\\\/rcp-basica-protocol-actuacio\\\/\",\"url\":\"https:\\\/\\\/eoc.cat\\\/ca\\\/rcp-basica-protocol-actuacio\\\/\",\"name\":\"La RCP b\u00e0sica a l'adult i el seu protocol d'actuaci\u00f3\",\"isPartOf\":{\"@id\":\"https:\\\/\\\/eoc.cat\\\/#website\"},\"primaryImageOfPage\":{\"@id\":\"https:\\\/\\\/eoc.cat\\\/ca\\\/rcp-basica-protocol-actuacio\\\/#primaryimage\"},\"image\":{\"@id\":\"https:\\\/\\\/eoc.cat\\\/ca\\\/rcp-basica-protocol-actuacio\\\/#primaryimage\"},\"thumbnailUrl\":\"https:\\\/\\\/eoc.cat\\\/wp-content\\\/uploads\\\/2018\\\/06\\\/rcp-protocolo.jpg\",\"datePublished\":\"2018-06-18T15:22:05+00:00\",\"dateModified\":\"2022-02-17T09:52:18+00:00\",\"description\":\"En aquest article conc\u00eds parlem de la RCP b\u00e0sica en el pacient adult aix\u00ed com del protocol d'actuaci\u00f3 d'aquesta t\u00e8cnica.\",\"breadcrumb\":{\"@id\":\"https:\\\/\\\/eoc.cat\\\/ca\\\/rcp-basica-protocol-actuacio\\\/#breadcrumb\"},\"inLanguage\":\"ca\",\"potentialAction\":[{\"@type\":\"ReadAction\",\"target\":[\"https:\\\/\\\/eoc.cat\\\/ca\\\/rcp-basica-protocol-actuacio\\\/\"]}]},{\"@type\":\"ImageObject\",\"inLanguage\":\"ca\",\"@id\":\"https:\\\/\\\/eoc.cat\\\/ca\\\/rcp-basica-protocol-actuacio\\\/#primaryimage\",\"url\":\"https:\\\/\\\/eoc.cat\\\/wp-content\\\/uploads\\\/2018\\\/06\\\/rcp-protocolo.jpg\",\"contentUrl\":\"https:\\\/\\\/eoc.cat\\\/wp-content\\\/uploads\\\/2018\\\/06\\\/rcp-protocolo.jpg\",\"width\":810,\"height\":513},{\"@type\":\"BreadcrumbList\",\"@id\":\"https:\\\/\\\/eoc.cat\\\/ca\\\/rcp-basica-protocol-actuacio\\\/#breadcrumb\",\"itemListElement\":[{\"@type\":\"ListItem\",\"position\":1,\"name\":\"Portada\",\"item\":\"https:\\\/\\\/eoc.cat\\\/ca\\\/\"},{\"@type\":\"ListItem\",\"position\":2,\"name\":\"La RCP b\u00e0sica a l&#8217;adult i el seu protocol d&#8217;actuaci\u00f3\"}]},{\"@type\":\"WebSite\",\"@id\":\"https:\\\/\\\/eoc.cat\\\/#website\",\"url\":\"https:\\\/\\\/eoc.cat\\\/\",\"name\":\"Escola d'Oficis Catalunya\",\"description\":\"Escuela de formaci\u00f3n profesional para adultos y j\u00f3venes\",\"publisher\":{\"@id\":\"https:\\\/\\\/eoc.cat\\\/#organization\"},\"alternateName\":\"EOC\",\"potentialAction\":[{\"@type\":\"SearchAction\",\"target\":{\"@type\":\"EntryPoint\",\"urlTemplate\":\"https:\\\/\\\/eoc.cat\\\/?s={search_term_string}\"},\"query-input\":{\"@type\":\"PropertyValueSpecification\",\"valueRequired\":true,\"valueName\":\"search_term_string\"}}],\"inLanguage\":\"ca\"},{\"@type\":\"Organization\",\"@id\":\"https:\\\/\\\/eoc.cat\\\/#organization\",\"name\":\"Escola d'Oficis Catalunya\",\"alternateName\":\"EOC\",\"url\":\"https:\\\/\\\/eoc.cat\\\/\",\"logo\":{\"@type\":\"ImageObject\",\"inLanguage\":\"ca\",\"@id\":\"https:\\\/\\\/eoc.cat\\\/#\\\/schema\\\/logo\\\/image\\\/\",\"url\":\"https:\\\/\\\/eoc.cat\\\/wp-content\\\/uploads\\\/2020\\\/12\\\/eoc-logotipo.png\",\"contentUrl\":\"https:\\\/\\\/eoc.cat\\\/wp-content\\\/uploads\\\/2020\\\/12\\\/eoc-logotipo.png\",\"width\":274,\"height\":118,\"caption\":\"Escola d'Oficis Catalunya\"},\"image\":{\"@id\":\"https:\\\/\\\/eoc.cat\\\/#\\\/schema\\\/logo\\\/image\\\/\"},\"sameAs\":[\"https:\\\/\\\/www.facebook.com\\\/EscoladOficisCatalunya\",\"https:\\\/\\\/x.com\\\/escoficat\",\"https:\\\/\\\/www.instagram.com\\\/escoladoficiscatalunya\\\/\",\"https:\\\/\\\/www.linkedin.com\\\/school\\\/escoladoficiscatalunya\\\/\",\"https:\\\/\\\/www.youtube.com\\\/channel\\\/UC_HLShkY7t1pf1CrXPw-gRQ\"]},{\"@type\":\"Person\",\"@id\":\"https:\\\/\\\/eoc.cat\\\/#\\\/schema\\\/person\\\/702649fa6e82a790042399ed7f67f79f\",\"name\":\"EOC\",\"image\":{\"@type\":\"ImageObject\",\"inLanguage\":\"ca\",\"@id\":\"https:\\\/\\\/secure.gravatar.com\\\/avatar\\\/db655658f91923a915562a010af881cf03bb56574b7e1241e9fa9ab684c7a9d0?s=96&r=g\",\"url\":\"https:\\\/\\\/secure.gravatar.com\\\/avatar\\\/db655658f91923a915562a010af881cf03bb56574b7e1241e9fa9ab684c7a9d0?s=96&r=g\",\"contentUrl\":\"https:\\\/\\\/secure.gravatar.com\\\/avatar\\\/db655658f91923a915562a010af881cf03bb56574b7e1241e9fa9ab684c7a9d0?s=96&r=g\",\"caption\":\"EOC\"},\"url\":\"https:\\\/\\\/eoc.cat\\\/ca\\\/author\\\/e0c93k1lk3\\\/\"}]}<\/script>\n<!-- \/ Yoast SEO plugin. -->","yoast_head_json":{"title":"La RCP b\u00e0sica a l'adult i el seu protocol d'actuaci\u00f3","description":"En aquest article conc\u00eds parlem de la RCP b\u00e0sica en el pacient adult aix\u00ed com del protocol d'actuaci\u00f3 d'aquesta t\u00e8cnica.","robots":{"index":"index","follow":"follow","max-snippet":"max-snippet:-1","max-image-preview":"max-image-preview:large","max-video-preview":"max-video-preview:-1"},"canonical":"https:\/\/eoc.cat\/ca\/rcp-basica-protocol-actuacio\/","og_locale":"ca_ES","og_type":"article","og_title":"La RCP b\u00e0sica a l'adult i el seu protocol d'actuaci\u00f3","og_description":"En aquest article conc\u00eds parlem de la RCP b\u00e0sica en el pacient adult aix\u00ed com del protocol d'actuaci\u00f3 d'aquesta t\u00e8cnica.","og_url":"https:\/\/eoc.cat\/ca\/rcp-basica-protocol-actuacio\/","og_site_name":"Escola d&#039;Oficis Catalunya","article_publisher":"https:\/\/www.facebook.com\/EscoladOficisCatalunya","article_published_time":"2018-06-18T15:22:05+00:00","article_modified_time":"2022-02-17T09:52:18+00:00","og_image":[{"width":810,"height":513,"url":"https:\/\/eoc.cat\/wp-content\/uploads\/2018\/06\/rcp-protocolo.jpg","type":"image\/jpeg"}],"author":"EOC","twitter_card":"summary_large_image","twitter_title":"La RCP b\u00e0sica a l'adult i el seu protocol d'actuaci\u00f3","twitter_description":"En aquest article conc\u00eds parlem de la RCP b\u00e0sica en el pacient adult aix\u00ed com del protocol d'actuaci\u00f3 d'aquesta t\u00e8cnica.","twitter_image":"https:\/\/eoc.cat\/wp-content\/uploads\/2018\/06\/rcp-protocolo.jpg","twitter_creator":"@escoficat","twitter_site":"@escoficat","schema":{"@context":"https:\/\/schema.org","@graph":[{"@type":"Article","@id":"https:\/\/eoc.cat\/ca\/rcp-basica-protocol-actuacio\/#article","isPartOf":{"@id":"https:\/\/eoc.cat\/ca\/rcp-basica-protocol-actuacio\/"},"author":{"name":"EOC","@id":"https:\/\/eoc.cat\/#\/schema\/person\/702649fa6e82a790042399ed7f67f79f"},"headline":"La RCP b\u00e0sica a l&#8217;adult i el seu protocol d&#8217;actuaci\u00f3","datePublished":"2018-06-18T15:22:05+00:00","dateModified":"2022-02-17T09:52:18+00:00","mainEntityOfPage":{"@id":"https:\/\/eoc.cat\/ca\/rcp-basica-protocol-actuacio\/"},"wordCount":496,"commentCount":0,"publisher":{"@id":"https:\/\/eoc.cat\/#organization"},"image":{"@id":"https:\/\/eoc.cat\/ca\/rcp-basica-protocol-actuacio\/#primaryimage"},"thumbnailUrl":"https:\/\/eoc.cat\/wp-content\/uploads\/2018\/06\/rcp-protocolo.jpg","keywords":["suport vital b\u00e0sic"],"articleSection":["T\u00e8cnic en emerg\u00e8ncies sanit\u00e0ries"],"inLanguage":"ca","potentialAction":[{"@type":"CommentAction","name":"Comment","target":["https:\/\/eoc.cat\/ca\/rcp-basica-protocol-actuacio\/#respond"]}]},{"@type":"WebPage","@id":"https:\/\/eoc.cat\/ca\/rcp-basica-protocol-actuacio\/","url":"https:\/\/eoc.cat\/ca\/rcp-basica-protocol-actuacio\/","name":"La RCP b\u00e0sica a l'adult i el seu protocol d'actuaci\u00f3","isPartOf":{"@id":"https:\/\/eoc.cat\/#website"},"primaryImageOfPage":{"@id":"https:\/\/eoc.cat\/ca\/rcp-basica-protocol-actuacio\/#primaryimage"},"image":{"@id":"https:\/\/eoc.cat\/ca\/rcp-basica-protocol-actuacio\/#primaryimage"},"thumbnailUrl":"https:\/\/eoc.cat\/wp-content\/uploads\/2018\/06\/rcp-protocolo.jpg","datePublished":"2018-06-18T15:22:05+00:00","dateModified":"2022-02-17T09:52:18+00:00","description":"En aquest article conc\u00eds parlem de la RCP b\u00e0sica en el pacient adult aix\u00ed com del protocol d'actuaci\u00f3 d'aquesta t\u00e8cnica.","breadcrumb":{"@id":"https:\/\/eoc.cat\/ca\/rcp-basica-protocol-actuacio\/#breadcrumb"},"inLanguage":"ca","potentialAction":[{"@type":"ReadAction","target":["https:\/\/eoc.cat\/ca\/rcp-basica-protocol-actuacio\/"]}]},{"@type":"ImageObject","inLanguage":"ca","@id":"https:\/\/eoc.cat\/ca\/rcp-basica-protocol-actuacio\/#primaryimage","url":"https:\/\/eoc.cat\/wp-content\/uploads\/2018\/06\/rcp-protocolo.jpg","contentUrl":"https:\/\/eoc.cat\/wp-content\/uploads\/2018\/06\/rcp-protocolo.jpg","width":810,"height":513},{"@type":"BreadcrumbList","@id":"https:\/\/eoc.cat\/ca\/rcp-basica-protocol-actuacio\/#breadcrumb","itemListElement":[{"@type":"ListItem","position":1,"name":"Portada","item":"https:\/\/eoc.cat\/ca\/"},{"@type":"ListItem","position":2,"name":"La RCP b\u00e0sica a l&#8217;adult i el seu protocol d&#8217;actuaci\u00f3"}]},{"@type":"WebSite","@id":"https:\/\/eoc.cat\/#website","url":"https:\/\/eoc.cat\/","name":"Escola d'Oficis Catalunya","description":"Escuela de formaci\u00f3n profesional para adultos y j\u00f3venes","publisher":{"@id":"https:\/\/eoc.cat\/#organization"},"alternateName":"EOC","potentialAction":[{"@type":"SearchAction","target":{"@type":"EntryPoint","urlTemplate":"https:\/\/eoc.cat\/?s={search_term_string}"},"query-input":{"@type":"PropertyValueSpecification","valueRequired":true,"valueName":"search_term_string"}}],"inLanguage":"ca"},{"@type":"Organization","@id":"https:\/\/eoc.cat\/#organization","name":"Escola d'Oficis Catalunya","alternateName":"EOC","url":"https:\/\/eoc.cat\/","logo":{"@type":"ImageObject","inLanguage":"ca","@id":"https:\/\/eoc.cat\/#\/schema\/logo\/image\/","url":"https:\/\/eoc.cat\/wp-content\/uploads\/2020\/12\/eoc-logotipo.png","contentUrl":"https:\/\/eoc.cat\/wp-content\/uploads\/2020\/12\/eoc-logotipo.png","width":274,"height":118,"caption":"Escola d'Oficis Catalunya"},"image":{"@id":"https:\/\/eoc.cat\/#\/schema\/logo\/image\/"},"sameAs":["https:\/\/www.facebook.com\/EscoladOficisCatalunya","https:\/\/x.com\/escoficat","https:\/\/www.instagram.com\/escoladoficiscatalunya\/","https:\/\/www.linkedin.com\/school\/escoladoficiscatalunya\/","https:\/\/www.youtube.com\/channel\/UC_HLShkY7t1pf1CrXPw-gRQ"]},{"@type":"Person","@id":"https:\/\/eoc.cat\/#\/schema\/person\/702649fa6e82a790042399ed7f67f79f","name":"EOC","image":{"@type":"ImageObject","inLanguage":"ca","@id":"https:\/\/secure.gravatar.com\/avatar\/db655658f91923a915562a010af881cf03bb56574b7e1241e9fa9ab684c7a9d0?s=96&r=g","url":"https:\/\/secure.gravatar.com\/avatar\/db655658f91923a915562a010af881cf03bb56574b7e1241e9fa9ab684c7a9d0?s=96&r=g","contentUrl":"https:\/\/secure.gravatar.com\/avatar\/db655658f91923a915562a010af881cf03bb56574b7e1241e9fa9ab684c7a9d0?s=96&r=g","caption":"EOC"},"url":"https:\/\/eoc.cat\/ca\/author\/e0c93k1lk3\/"}]}},"_links":{"self":[{"href":"https:\/\/eoc.cat\/ca\/wp-json\/wp\/v2\/posts\/10866","targetHints":{"allow":["GET"]}}],"collection":[{"href":"https:\/\/eoc.cat\/ca\/wp-json\/wp\/v2\/posts"}],"about":[{"href":"https:\/\/eoc.cat\/ca\/wp-json\/wp\/v2\/types\/post"}],"author":[{"embeddable":true,"href":"https:\/\/eoc.cat\/ca\/wp-json\/wp\/v2\/users\/7"}],"replies":[{"embeddable":true,"href":"https:\/\/eoc.cat\/ca\/wp-json\/wp\/v2\/comments?post=10866"}],"version-history":[{"count":1,"href":"https:\/\/eoc.cat\/ca\/wp-json\/wp\/v2\/posts\/10866\/revisions"}],"predecessor-version":[{"id":10869,"href":"https:\/\/eoc.cat\/ca\/wp-json\/wp\/v2\/posts\/10866\/revisions\/10869"}],"wp:featuredmedia":[{"embeddable":true,"href":"https:\/\/eoc.cat\/ca\/wp-json\/wp\/v2\/media\/10868"}],"wp:attachment":[{"href":"https:\/\/eoc.cat\/ca\/wp-json\/wp\/v2\/media?parent=10866"}],"wp:term":[{"taxonomy":"category","embeddable":true,"href":"https:\/\/eoc.cat\/ca\/wp-json\/wp\/v2\/categories?post=10866"},{"taxonomy":"post_tag","embeddable":true,"href":"https:\/\/eoc.cat\/ca\/wp-json\/wp\/v2\/tags?post=10866"}],"curies":[{"name":"wp","href":"https:\/\/api.w.org\/{rel}","templated":true}]}}