{"id":10877,"date":"2018-06-07T18:01:29","date_gmt":"2018-06-07T16:01:29","guid":{"rendered":"https:\/\/eoc.cat\/tecnico-en-emergencias-sanitarias\/"},"modified":"2022-02-17T10:52:18","modified_gmt":"2022-02-17T09:52:18","slug":"tecnic-emergencies-sanitaries","status":"publish","type":"post","link":"https:\/\/eoc.cat\/ca\/tecnic-emergencies-sanitaries\/","title":{"rendered":"Com ser un bon t\u00e8cnic en emerg\u00e8ncies sanit\u00e0ries"},"content":{"rendered":"<p>Quan parlem d&#8217;un t\u00e8cnic en emerg\u00e8ncies sanit\u00e0ries no estem parlant nom\u00e9s d&#8217;aquella persona que condueix una ambul\u00e0ncia i que va molt r\u00e0pid sense que nosaltres sapiguem cap a on. Tamb\u00e9 parlem d&#8217;aquella persona que es dedica a treballar sense importar si \u00e9s diumenge, festiu o Nadal. Aquella persona que descansa un parell d&#8217;hores i un salt torna a l&#8217;acci\u00f3. Aquella persona que s&#8217;aixeca sense acabar el menjar quan ni tan sols han passat cinc minuts des que es va asseure. Aquella persona que tenint dona i fills se sacrifica per vetllar per les persones que ho necessitin. Aquella persona que encara pot descansar, sempre est\u00e0 amb un ull mig obert per si alg\u00fa necessita la seva ajuda. Aquella persona que no demostra el seu cansament encara que faci 18 hores de torn i tantes coses m\u00e9s&#8230;<\/p>\n<p>Ser t\u00e8cnic en emerg\u00e8ncies sanit\u00e0ries \u00e9s una feina dura per\u00f2 alhora molt gratificant. Segurament durant l&#8217;exercici de la teva professi\u00f3, salvar\u00e0s m\u00e9s d&#8217;una vida, alleujar\u00e0s el dolor per una caiguda&#8230; Prestar\u00e0s capellans a persones que han patit una ferida de m\u00e9s o menys gravetat. Per\u00f2 sobretot, aprendr\u00e0s a ser millor persona al mateix instant en qu\u00e8 notis que a les teves mans hi ha una vida.<\/p>\n<p>I anant una mica m\u00e9s enll\u00e0, perqu\u00e8 de vegades no \u00e9s \u00fanicament aquesta vida que tens entre les mans. Perqu\u00e8 de vegades notar\u00e0s m\u00e9s la pres\u00e8ncia dels familiars o amics del pacient, que la del pacient mateix, potser fins i tot inconscient a l&#8217;hora d&#8217;arribar amb l&#8217;ambul\u00e0ncia.<\/p>\n<h2>Per qu\u00e8 parlo aix\u00ed de les emerg\u00e8ncies sanit\u00e0ries?<\/h2>\n<p>Aix\u00f2 \u00e9s el que ensenyem cada dia els docents de formacions com el Cicle Formatiu de Grau Mitj\u00e0 de T\u00e8cnic d&#8217;Emerg\u00e8ncies Sanit\u00e0ries o formacions complement\u00e0ries com el <a href=\"http:\/\/eoc.cat\/formacion-continua-sanitaria\/dea-svb\/\">DEA i Suport Vital B\u00e0sic<\/a>. No nom\u00e9s per ser formadors i per ser la nostra tasca professional i vocaci\u00f3. Tamb\u00e9 perqu\u00e8 tots nosaltres exercim o hem exercit al llarg de les nostres vides, el treball en si mateix. Som t\u00e8cnics en emerg\u00e8ncies sanit\u00e0ries i cada dia vivim amb les sensacions que us he volgut transmetre en aquest text. Per tant, s\u00f3n aquestes mateixes sensacions les que us volem transmetre per animar-vos a formar part d&#8217;aquest sector.<\/p>\n<p><img loading=\"lazy\" decoding=\"async\" class=\"aligncenter wp-image-5608 size-full\" title=\"t\u00e8cnic en emerg\u00e8ncies sanit\u00e0ries\" src=\"https:\/\/eoc.cat\/wp-content\/uploads\/2018\/06\/trabajar-en-ambulancias.jpg\" alt=\"t\u00e8cnic en emerg\u00e8ncies sanit\u00e0ries\" width=\"810\" height=\"513\" srcset=\"https:\/\/eoc.cat\/wp-content\/uploads\/2018\/06\/trabajar-en-ambulancias.jpg 810w, https:\/\/eoc.cat\/wp-content\/uploads\/2018\/06\/trabajar-en-ambulancias-300x190.jpg 300w, https:\/\/eoc.cat\/wp-content\/uploads\/2018\/06\/trabajar-en-ambulancias-768x486.jpg 768w\" sizes=\"(max-width: 810px) 100vw, 810px\" \/><\/p>\n<p>Normalment des de nens molts senten la vocaci\u00f3, com et comentava abans, de treballar amb ambul\u00e0ncies, pel so i els llums que tant ens criden l&#8217;atenci\u00f3. Per\u00f2 darrere d&#8217;aix\u00f2, a m\u00e9s, hi ha una professi\u00f3 que et realitza com a professional i com a persona. Per aix\u00f2, vull animar-te, si sents inter\u00e8s per la nostra professi\u00f3, a endinsar-te una miqueta m\u00e9s. Potser aviat en gaudeixis com els treballadors en actiu ho fem. Podr\u00e0s treballar amb ambul\u00e0ncies i amb persones i convertir-te en un gran professional.<\/p>\n<p>Si voleu saber m\u00e9s sobre la professi\u00f3 del t\u00e8cnic en emerg\u00e8ncies sanit\u00e0ries visita l&#8217;article &#8220;<a href=\"http:\/\/eoc.cat\/ser-tecnico-de-emergencias-sanitarias\/\">Ser t\u00e8cnic d&#8217;emerg\u00e8ncies sanit\u00e0ries. Entrevista a Jorge Garc\u00eda Calvo<\/a>&#8221;<\/p>\n<p>Pepe Huertas Bellido,\u00a0T.T.S. (t\u00e8cnic en transport sanitari) i formador a l&#8217;Escola d&#8217;Oficis Catalunya.<\/p>\n","protected":false},"excerpt":{"rendered":"<p>Quan parlem d&#8217;un t\u00e8cnic en emerg\u00e8ncies sanit\u00e0ries no estem parlant nom\u00e9s d&#8217;aquella persona que condueix una ambul\u00e0ncia i que va molt r\u00e0pid sense que nosaltres sapiguem cap a on. Tamb\u00e9 parlem d&#8217;aquella persona que es dedica a treballar sense importar si \u00e9s diumenge, festiu o Nadal. Aquella persona que descansa un parell d&#8217;hores i un [&hellip;]<\/p>\n","protected":false},"author":7,"featured_media":10879,"comment_status":"open","ping_status":"open","sticky":false,"template":"","format":"standard","meta":{"_et_pb_use_builder":"","_et_pb_old_content":"","_et_gb_content_width":"","footnotes":""},"categories":[101],"tags":[102],"class_list":["post-10877","post","type-post","status-publish","format-standard","has-post-thumbnail","hentry","category-tecnic-emergencies-sanitaries","tag-emergencies-sanitaries"],"yoast_head":"<!-- This site is optimized with the Yoast SEO plugin v27.5 - https:\/\/yoast.com\/product\/yoast-seo-wordpress\/ -->\n<title>Com ser un bon t\u00e8cnic en emerg\u00e8ncies sanit\u00e0ries | EOC<\/title>\n<meta name=\"description\" content=\"Pepe Huertas, TES i formador a EOC ens expressa la seva opini\u00f3 sobre la professi\u00f3 del t\u00e8cnic en emerg\u00e8ncies sanit\u00e0ries.\" \/>\n<meta name=\"robots\" content=\"index, follow, max-snippet:-1, max-image-preview:large, max-video-preview:-1\" \/>\n<link rel=\"canonical\" href=\"https:\/\/eoc.cat\/ca\/tecnic-emergencies-sanitaries\/\" \/>\n<meta property=\"og:locale\" content=\"ca_ES\" \/>\n<meta property=\"og:type\" content=\"article\" \/>\n<meta property=\"og:title\" content=\"Com ser un bon t\u00e8cnic en emerg\u00e8ncies sanit\u00e0ries | EOC\" \/>\n<meta property=\"og:description\" content=\"Pepe Huertas, TES i formador a EOC ens expressa la seva opini\u00f3 sobre la professi\u00f3 del t\u00e8cnic en emerg\u00e8ncies sanit\u00e0ries.\" \/>\n<meta property=\"og:url\" content=\"https:\/\/eoc.cat\/ca\/tecnic-emergencies-sanitaries\/\" \/>\n<meta property=\"og:site_name\" content=\"Escola d&#039;Oficis Catalunya\" \/>\n<meta property=\"article:publisher\" content=\"https:\/\/www.facebook.com\/EscoladOficisCatalunya\" \/>\n<meta property=\"article:published_time\" content=\"2018-06-07T16:01:29+00:00\" \/>\n<meta property=\"article:modified_time\" content=\"2022-02-17T09:52:18+00:00\" \/>\n<meta property=\"og:image\" content=\"https:\/\/eoc.cat\/wp-content\/uploads\/2018\/06\/tecnico-en-emergencias-sanitarias.jpg\" \/>\n\t<meta property=\"og:image:width\" content=\"810\" \/>\n\t<meta property=\"og:image:height\" content=\"513\" \/>\n\t<meta property=\"og:image:type\" content=\"image\/jpeg\" \/>\n<meta name=\"author\" content=\"EOC\" \/>\n<meta name=\"twitter:card\" content=\"summary_large_image\" \/>\n<meta name=\"twitter:title\" content=\"Com ser un bon t\u00e8cnic en emerg\u00e8ncies sanit\u00e0ries | EOC\" \/>\n<meta name=\"twitter:description\" content=\"Pepe Huertas, TES i formador a EOC ens expressa la seva opini\u00f3 sobre la professi\u00f3 del t\u00e8cnic en emerg\u00e8ncies sanit\u00e0ries.\" \/>\n<meta name=\"twitter:image\" content=\"https:\/\/eoc.cat\/wp-content\/uploads\/2018\/06\/tecnico-en-emergencias-sanitarias.jpg\" \/>\n<meta name=\"twitter:creator\" content=\"@escoficat\" \/>\n<meta name=\"twitter:site\" content=\"@escoficat\" \/>\n<script type=\"application\/ld+json\" class=\"yoast-schema-graph\">{\"@context\":\"https:\\\/\\\/schema.org\",\"@graph\":[{\"@type\":\"Article\",\"@id\":\"https:\\\/\\\/eoc.cat\\\/ca\\\/tecnic-emergencies-sanitaries\\\/#article\",\"isPartOf\":{\"@id\":\"https:\\\/\\\/eoc.cat\\\/ca\\\/tecnic-emergencies-sanitaries\\\/\"},\"author\":{\"name\":\"EOC\",\"@id\":\"https:\\\/\\\/eoc.cat\\\/#\\\/schema\\\/person\\\/702649fa6e82a790042399ed7f67f79f\"},\"headline\":\"Com ser un bon t\u00e8cnic en emerg\u00e8ncies sanit\u00e0ries\",\"datePublished\":\"2018-06-07T16:01:29+00:00\",\"dateModified\":\"2022-02-17T09:52:18+00:00\",\"mainEntityOfPage\":{\"@id\":\"https:\\\/\\\/eoc.cat\\\/ca\\\/tecnic-emergencies-sanitaries\\\/\"},\"wordCount\":561,\"commentCount\":0,\"publisher\":{\"@id\":\"https:\\\/\\\/eoc.cat\\\/#organization\"},\"image\":{\"@id\":\"https:\\\/\\\/eoc.cat\\\/ca\\\/tecnic-emergencies-sanitaries\\\/#primaryimage\"},\"thumbnailUrl\":\"https:\\\/\\\/eoc.cat\\\/wp-content\\\/uploads\\\/2018\\\/06\\\/tecnico-en-emergencias-sanitarias.jpg\",\"keywords\":[\"emerg\u00e8ncies sanit\u00e0ries\"],\"articleSection\":[\"T\u00e8cnic en emerg\u00e8ncies sanit\u00e0ries\"],\"inLanguage\":\"ca\",\"potentialAction\":[{\"@type\":\"CommentAction\",\"name\":\"Comment\",\"target\":[\"https:\\\/\\\/eoc.cat\\\/ca\\\/tecnic-emergencies-sanitaries\\\/#respond\"]}]},{\"@type\":\"WebPage\",\"@id\":\"https:\\\/\\\/eoc.cat\\\/ca\\\/tecnic-emergencies-sanitaries\\\/\",\"url\":\"https:\\\/\\\/eoc.cat\\\/ca\\\/tecnic-emergencies-sanitaries\\\/\",\"name\":\"Com ser un bon t\u00e8cnic en emerg\u00e8ncies sanit\u00e0ries | EOC\",\"isPartOf\":{\"@id\":\"https:\\\/\\\/eoc.cat\\\/#website\"},\"primaryImageOfPage\":{\"@id\":\"https:\\\/\\\/eoc.cat\\\/ca\\\/tecnic-emergencies-sanitaries\\\/#primaryimage\"},\"image\":{\"@id\":\"https:\\\/\\\/eoc.cat\\\/ca\\\/tecnic-emergencies-sanitaries\\\/#primaryimage\"},\"thumbnailUrl\":\"https:\\\/\\\/eoc.cat\\\/wp-content\\\/uploads\\\/2018\\\/06\\\/tecnico-en-emergencias-sanitarias.jpg\",\"datePublished\":\"2018-06-07T16:01:29+00:00\",\"dateModified\":\"2022-02-17T09:52:18+00:00\",\"description\":\"Pepe Huertas, TES i formador a EOC ens expressa la seva opini\u00f3 sobre la professi\u00f3 del t\u00e8cnic en emerg\u00e8ncies sanit\u00e0ries.\",\"breadcrumb\":{\"@id\":\"https:\\\/\\\/eoc.cat\\\/ca\\\/tecnic-emergencies-sanitaries\\\/#breadcrumb\"},\"inLanguage\":\"ca\",\"potentialAction\":[{\"@type\":\"ReadAction\",\"target\":[\"https:\\\/\\\/eoc.cat\\\/ca\\\/tecnic-emergencies-sanitaries\\\/\"]}]},{\"@type\":\"ImageObject\",\"inLanguage\":\"ca\",\"@id\":\"https:\\\/\\\/eoc.cat\\\/ca\\\/tecnic-emergencies-sanitaries\\\/#primaryimage\",\"url\":\"https:\\\/\\\/eoc.cat\\\/wp-content\\\/uploads\\\/2018\\\/06\\\/tecnico-en-emergencias-sanitarias.jpg\",\"contentUrl\":\"https:\\\/\\\/eoc.cat\\\/wp-content\\\/uploads\\\/2018\\\/06\\\/tecnico-en-emergencias-sanitarias.jpg\",\"width\":810,\"height\":513,\"caption\":\"t\u00e9cnico en emergencias sanitarias\"},{\"@type\":\"BreadcrumbList\",\"@id\":\"https:\\\/\\\/eoc.cat\\\/ca\\\/tecnic-emergencies-sanitaries\\\/#breadcrumb\",\"itemListElement\":[{\"@type\":\"ListItem\",\"position\":1,\"name\":\"Portada\",\"item\":\"https:\\\/\\\/eoc.cat\\\/ca\\\/\"},{\"@type\":\"ListItem\",\"position\":2,\"name\":\"Com ser un bon t\u00e8cnic en emerg\u00e8ncies sanit\u00e0ries\"}]},{\"@type\":\"WebSite\",\"@id\":\"https:\\\/\\\/eoc.cat\\\/#website\",\"url\":\"https:\\\/\\\/eoc.cat\\\/\",\"name\":\"Escola d'Oficis Catalunya\",\"description\":\"Escuela de formaci\u00f3n profesional para adultos y j\u00f3venes\",\"publisher\":{\"@id\":\"https:\\\/\\\/eoc.cat\\\/#organization\"},\"alternateName\":\"EOC\",\"potentialAction\":[{\"@type\":\"SearchAction\",\"target\":{\"@type\":\"EntryPoint\",\"urlTemplate\":\"https:\\\/\\\/eoc.cat\\\/?s={search_term_string}\"},\"query-input\":{\"@type\":\"PropertyValueSpecification\",\"valueRequired\":true,\"valueName\":\"search_term_string\"}}],\"inLanguage\":\"ca\"},{\"@type\":\"Organization\",\"@id\":\"https:\\\/\\\/eoc.cat\\\/#organization\",\"name\":\"Escola d'Oficis Catalunya\",\"alternateName\":\"EOC\",\"url\":\"https:\\\/\\\/eoc.cat\\\/\",\"logo\":{\"@type\":\"ImageObject\",\"inLanguage\":\"ca\",\"@id\":\"https:\\\/\\\/eoc.cat\\\/#\\\/schema\\\/logo\\\/image\\\/\",\"url\":\"https:\\\/\\\/eoc.cat\\\/wp-content\\\/uploads\\\/2020\\\/12\\\/eoc-logotipo.png\",\"contentUrl\":\"https:\\\/\\\/eoc.cat\\\/wp-content\\\/uploads\\\/2020\\\/12\\\/eoc-logotipo.png\",\"width\":274,\"height\":118,\"caption\":\"Escola d'Oficis Catalunya\"},\"image\":{\"@id\":\"https:\\\/\\\/eoc.cat\\\/#\\\/schema\\\/logo\\\/image\\\/\"},\"sameAs\":[\"https:\\\/\\\/www.facebook.com\\\/EscoladOficisCatalunya\",\"https:\\\/\\\/x.com\\\/escoficat\",\"https:\\\/\\\/www.instagram.com\\\/escoladoficiscatalunya\\\/\",\"https:\\\/\\\/www.linkedin.com\\\/school\\\/escoladoficiscatalunya\\\/\",\"https:\\\/\\\/www.youtube.com\\\/channel\\\/UC_HLShkY7t1pf1CrXPw-gRQ\"]},{\"@type\":\"Person\",\"@id\":\"https:\\\/\\\/eoc.cat\\\/#\\\/schema\\\/person\\\/702649fa6e82a790042399ed7f67f79f\",\"name\":\"EOC\",\"image\":{\"@type\":\"ImageObject\",\"inLanguage\":\"ca\",\"@id\":\"https:\\\/\\\/secure.gravatar.com\\\/avatar\\\/db655658f91923a915562a010af881cf03bb56574b7e1241e9fa9ab684c7a9d0?s=96&r=g\",\"url\":\"https:\\\/\\\/secure.gravatar.com\\\/avatar\\\/db655658f91923a915562a010af881cf03bb56574b7e1241e9fa9ab684c7a9d0?s=96&r=g\",\"contentUrl\":\"https:\\\/\\\/secure.gravatar.com\\\/avatar\\\/db655658f91923a915562a010af881cf03bb56574b7e1241e9fa9ab684c7a9d0?s=96&r=g\",\"caption\":\"EOC\"},\"url\":\"https:\\\/\\\/eoc.cat\\\/ca\\\/author\\\/e0c93k1lk3\\\/\"}]}<\/script>\n<!-- \/ Yoast SEO plugin. -->","yoast_head_json":{"title":"Com ser un bon t\u00e8cnic en emerg\u00e8ncies sanit\u00e0ries | EOC","description":"Pepe Huertas, TES i formador a EOC ens expressa la seva opini\u00f3 sobre la professi\u00f3 del t\u00e8cnic en emerg\u00e8ncies sanit\u00e0ries.","robots":{"index":"index","follow":"follow","max-snippet":"max-snippet:-1","max-image-preview":"max-image-preview:large","max-video-preview":"max-video-preview:-1"},"canonical":"https:\/\/eoc.cat\/ca\/tecnic-emergencies-sanitaries\/","og_locale":"ca_ES","og_type":"article","og_title":"Com ser un bon t\u00e8cnic en emerg\u00e8ncies sanit\u00e0ries | EOC","og_description":"Pepe Huertas, TES i formador a EOC ens expressa la seva opini\u00f3 sobre la professi\u00f3 del t\u00e8cnic en emerg\u00e8ncies sanit\u00e0ries.","og_url":"https:\/\/eoc.cat\/ca\/tecnic-emergencies-sanitaries\/","og_site_name":"Escola d&#039;Oficis Catalunya","article_publisher":"https:\/\/www.facebook.com\/EscoladOficisCatalunya","article_published_time":"2018-06-07T16:01:29+00:00","article_modified_time":"2022-02-17T09:52:18+00:00","og_image":[{"width":810,"height":513,"url":"https:\/\/eoc.cat\/wp-content\/uploads\/2018\/06\/tecnico-en-emergencias-sanitarias.jpg","type":"image\/jpeg"}],"author":"EOC","twitter_card":"summary_large_image","twitter_title":"Com ser un bon t\u00e8cnic en emerg\u00e8ncies sanit\u00e0ries | EOC","twitter_description":"Pepe Huertas, TES i formador a EOC ens expressa la seva opini\u00f3 sobre la professi\u00f3 del t\u00e8cnic en emerg\u00e8ncies sanit\u00e0ries.","twitter_image":"https:\/\/eoc.cat\/wp-content\/uploads\/2018\/06\/tecnico-en-emergencias-sanitarias.jpg","twitter_creator":"@escoficat","twitter_site":"@escoficat","schema":{"@context":"https:\/\/schema.org","@graph":[{"@type":"Article","@id":"https:\/\/eoc.cat\/ca\/tecnic-emergencies-sanitaries\/#article","isPartOf":{"@id":"https:\/\/eoc.cat\/ca\/tecnic-emergencies-sanitaries\/"},"author":{"name":"EOC","@id":"https:\/\/eoc.cat\/#\/schema\/person\/702649fa6e82a790042399ed7f67f79f"},"headline":"Com ser un bon t\u00e8cnic en emerg\u00e8ncies sanit\u00e0ries","datePublished":"2018-06-07T16:01:29+00:00","dateModified":"2022-02-17T09:52:18+00:00","mainEntityOfPage":{"@id":"https:\/\/eoc.cat\/ca\/tecnic-emergencies-sanitaries\/"},"wordCount":561,"commentCount":0,"publisher":{"@id":"https:\/\/eoc.cat\/#organization"},"image":{"@id":"https:\/\/eoc.cat\/ca\/tecnic-emergencies-sanitaries\/#primaryimage"},"thumbnailUrl":"https:\/\/eoc.cat\/wp-content\/uploads\/2018\/06\/tecnico-en-emergencias-sanitarias.jpg","keywords":["emerg\u00e8ncies sanit\u00e0ries"],"articleSection":["T\u00e8cnic en emerg\u00e8ncies sanit\u00e0ries"],"inLanguage":"ca","potentialAction":[{"@type":"CommentAction","name":"Comment","target":["https:\/\/eoc.cat\/ca\/tecnic-emergencies-sanitaries\/#respond"]}]},{"@type":"WebPage","@id":"https:\/\/eoc.cat\/ca\/tecnic-emergencies-sanitaries\/","url":"https:\/\/eoc.cat\/ca\/tecnic-emergencies-sanitaries\/","name":"Com ser un bon t\u00e8cnic en emerg\u00e8ncies sanit\u00e0ries | EOC","isPartOf":{"@id":"https:\/\/eoc.cat\/#website"},"primaryImageOfPage":{"@id":"https:\/\/eoc.cat\/ca\/tecnic-emergencies-sanitaries\/#primaryimage"},"image":{"@id":"https:\/\/eoc.cat\/ca\/tecnic-emergencies-sanitaries\/#primaryimage"},"thumbnailUrl":"https:\/\/eoc.cat\/wp-content\/uploads\/2018\/06\/tecnico-en-emergencias-sanitarias.jpg","datePublished":"2018-06-07T16:01:29+00:00","dateModified":"2022-02-17T09:52:18+00:00","description":"Pepe Huertas, TES i formador a EOC ens expressa la seva opini\u00f3 sobre la professi\u00f3 del t\u00e8cnic en emerg\u00e8ncies sanit\u00e0ries.","breadcrumb":{"@id":"https:\/\/eoc.cat\/ca\/tecnic-emergencies-sanitaries\/#breadcrumb"},"inLanguage":"ca","potentialAction":[{"@type":"ReadAction","target":["https:\/\/eoc.cat\/ca\/tecnic-emergencies-sanitaries\/"]}]},{"@type":"ImageObject","inLanguage":"ca","@id":"https:\/\/eoc.cat\/ca\/tecnic-emergencies-sanitaries\/#primaryimage","url":"https:\/\/eoc.cat\/wp-content\/uploads\/2018\/06\/tecnico-en-emergencias-sanitarias.jpg","contentUrl":"https:\/\/eoc.cat\/wp-content\/uploads\/2018\/06\/tecnico-en-emergencias-sanitarias.jpg","width":810,"height":513,"caption":"t\u00e9cnico en emergencias sanitarias"},{"@type":"BreadcrumbList","@id":"https:\/\/eoc.cat\/ca\/tecnic-emergencies-sanitaries\/#breadcrumb","itemListElement":[{"@type":"ListItem","position":1,"name":"Portada","item":"https:\/\/eoc.cat\/ca\/"},{"@type":"ListItem","position":2,"name":"Com ser un bon t\u00e8cnic en emerg\u00e8ncies sanit\u00e0ries"}]},{"@type":"WebSite","@id":"https:\/\/eoc.cat\/#website","url":"https:\/\/eoc.cat\/","name":"Escola d'Oficis Catalunya","description":"Escuela de formaci\u00f3n profesional para adultos y j\u00f3venes","publisher":{"@id":"https:\/\/eoc.cat\/#organization"},"alternateName":"EOC","potentialAction":[{"@type":"SearchAction","target":{"@type":"EntryPoint","urlTemplate":"https:\/\/eoc.cat\/?s={search_term_string}"},"query-input":{"@type":"PropertyValueSpecification","valueRequired":true,"valueName":"search_term_string"}}],"inLanguage":"ca"},{"@type":"Organization","@id":"https:\/\/eoc.cat\/#organization","name":"Escola d'Oficis Catalunya","alternateName":"EOC","url":"https:\/\/eoc.cat\/","logo":{"@type":"ImageObject","inLanguage":"ca","@id":"https:\/\/eoc.cat\/#\/schema\/logo\/image\/","url":"https:\/\/eoc.cat\/wp-content\/uploads\/2020\/12\/eoc-logotipo.png","contentUrl":"https:\/\/eoc.cat\/wp-content\/uploads\/2020\/12\/eoc-logotipo.png","width":274,"height":118,"caption":"Escola d'Oficis Catalunya"},"image":{"@id":"https:\/\/eoc.cat\/#\/schema\/logo\/image\/"},"sameAs":["https:\/\/www.facebook.com\/EscoladOficisCatalunya","https:\/\/x.com\/escoficat","https:\/\/www.instagram.com\/escoladoficiscatalunya\/","https:\/\/www.linkedin.com\/school\/escoladoficiscatalunya\/","https:\/\/www.youtube.com\/channel\/UC_HLShkY7t1pf1CrXPw-gRQ"]},{"@type":"Person","@id":"https:\/\/eoc.cat\/#\/schema\/person\/702649fa6e82a790042399ed7f67f79f","name":"EOC","image":{"@type":"ImageObject","inLanguage":"ca","@id":"https:\/\/secure.gravatar.com\/avatar\/db655658f91923a915562a010af881cf03bb56574b7e1241e9fa9ab684c7a9d0?s=96&r=g","url":"https:\/\/secure.gravatar.com\/avatar\/db655658f91923a915562a010af881cf03bb56574b7e1241e9fa9ab684c7a9d0?s=96&r=g","contentUrl":"https:\/\/secure.gravatar.com\/avatar\/db655658f91923a915562a010af881cf03bb56574b7e1241e9fa9ab684c7a9d0?s=96&r=g","caption":"EOC"},"url":"https:\/\/eoc.cat\/ca\/author\/e0c93k1lk3\/"}]}},"_links":{"self":[{"href":"https:\/\/eoc.cat\/ca\/wp-json\/wp\/v2\/posts\/10877","targetHints":{"allow":["GET"]}}],"collection":[{"href":"https:\/\/eoc.cat\/ca\/wp-json\/wp\/v2\/posts"}],"about":[{"href":"https:\/\/eoc.cat\/ca\/wp-json\/wp\/v2\/types\/post"}],"author":[{"embeddable":true,"href":"https:\/\/eoc.cat\/ca\/wp-json\/wp\/v2\/users\/7"}],"replies":[{"embeddable":true,"href":"https:\/\/eoc.cat\/ca\/wp-json\/wp\/v2\/comments?post=10877"}],"version-history":[{"count":3,"href":"https:\/\/eoc.cat\/ca\/wp-json\/wp\/v2\/posts\/10877\/revisions"}],"predecessor-version":[{"id":10882,"href":"https:\/\/eoc.cat\/ca\/wp-json\/wp\/v2\/posts\/10877\/revisions\/10882"}],"wp:featuredmedia":[{"embeddable":true,"href":"https:\/\/eoc.cat\/ca\/wp-json\/wp\/v2\/media\/10879"}],"wp:attachment":[{"href":"https:\/\/eoc.cat\/ca\/wp-json\/wp\/v2\/media?parent=10877"}],"wp:term":[{"taxonomy":"category","embeddable":true,"href":"https:\/\/eoc.cat\/ca\/wp-json\/wp\/v2\/categories?post=10877"},{"taxonomy":"post_tag","embeddable":true,"href":"https:\/\/eoc.cat\/ca\/wp-json\/wp\/v2\/tags?post=10877"}],"curies":[{"name":"wp","href":"https:\/\/api.w.org\/{rel}","templated":true}]}}