{"id":10924,"date":"2018-04-09T21:54:10","date_gmt":"2018-04-09T19:54:10","guid":{"rendered":"https:\/\/eoc.cat\/requisitos-tecnico-de-emergencias-sanitarias\/"},"modified":"2022-02-17T10:52:17","modified_gmt":"2022-02-17T09:52:17","slug":"requisits-tecnic-emergencies-sanitaries","status":"publish","type":"post","link":"https:\/\/eoc.cat\/ca\/requisits-tecnic-emergencies-sanitaries\/","title":{"rendered":"Requisits per formar-se com a t\u00e8cnic d&#8217;emerg\u00e8ncies sanit\u00e0ries"},"content":{"rendered":"<p>A la vida di\u00e0ria, un individu pot veure&#8217;s envoltat de circumst\u00e0ncies molt diverses i necessitar en qualsevol moment l&#8217;ajuda de terceres persones. \u00c9s possible que alguna vegada s&#8217;hagi presenciat un accident fortu\u00eft, un succ\u00e9s en qu\u00e8 passa qualsevol tipus de desastre de forma imprevista. \u00c9s ara quan entra en joc el paper del t\u00e8cnic d&#8217;emerg\u00e8ncies sanit\u00e0ries.<\/p>\n<p>Aquest professional t\u00e9 els coneixements necessaris per traslladar el pacient al centre sanitari m\u00e9s proper. Mentre aix\u00f2 es produeix, proporciona l&#8217;atenci\u00f3 sanit\u00e0ria i psicol\u00f2gica requerida segons la situaci\u00f3. \u00c9s a dir, s&#8217;encarrega de l&#8217;atenci\u00f3 prehospital\u00e0ria.<\/p>\n<h2>El paper del t\u00e8cnic d&#8217;emerg\u00e8ncies sanit\u00e0ries<\/h2>\n<p>El professional en emerg\u00e8ncies sanit\u00e0ries hi juga un paper essencial. S&#8217;encarrega de fer els treballs de teleoperaci\u00f3 i teleassist\u00e8ncia sanit\u00e0ria. A m\u00e9s, col\u00b7labora en la planificaci\u00f3, l&#8217;elaboraci\u00f3 i el desenvolupament dels plans d&#8217;emerg\u00e8ncia. Tamb\u00e9 s&#8217;encarrega dels dispositius de la log\u00edstica necess\u00e0ria davant de qualsevol tipus d&#8217;emerg\u00e8ncia o cat\u00e0strofe.<\/p>\n<h2>Requisits per ser t\u00e8cnic d&#8217;emerg\u00e8ncies sanit\u00e0ries<\/h2>\n<p>Si s&#8217;est\u00e0 pensant a treballar en aquest sector, \u00e9s important tenir una s\u00e8rie de capacitats i complir uns requisits personals i professionals. Abans de res, \u00e9s important\u00edssim comptar amb una clara actitud de servei. Els principis \u00e8tics de benefic\u00e8ncia i no malefic\u00e8ncia s\u00f3n indispensables.<\/p>\n<p>Per\u00f2 tamb\u00e9 \u00e9s essencial saber treballar en equip, una gran capacitat d&#8217;atenci\u00f3 i de concentraci\u00f3, aix\u00ed com facilitat per a les relacions interpersonals. L&#8217;empatia i el saber afrontar les situacions cr\u00edtiques tamb\u00e9 \u00e9s clau.<\/p>\n<p>Si s&#8217;\u00e9s una persona tranquil\u00b7la, que reacciona r\u00e0pidament davant les situacions d&#8217;estr\u00e8s, organitzada, estable, rigorosa a la feina i, a m\u00e9s, l&#8217;atreuen les emerg\u00e8ncies sanit\u00e0ries, aquest pot ser el teu cam\u00ed professional.<\/p>\n<p>Es pot accedir a la titulaci\u00f3 per diferents vies. Com que es tracta d&#8217;un cicle formatiu de grau mitj\u00e0, s&#8217;accedeix amb el t\u00edtol de Graduat en Educaci\u00f3 Secund\u00e0ria Obligat\u00f2ria. O b\u00e9 si es t\u00e9 un altre t\u00edtol acad\u00e8mic igual o superior, o fins i tot havent superat la prova d\u2019acc\u00e9s a la universitat per a majors de 25 anys.<\/p>\n<p>Per\u00f2 hi ha una altra possibilitat. Es pot accedir mitjan\u00e7ant una prova d\u2019acc\u00e9s a un cicle formatiu de grau mitj\u00e0 si no es compleix algun dels requisits anteriors. Aix\u00f2 sempre que es tingui almenys disset anys o es compleixin dins de l&#8217;any en qu\u00e8 es comencin els estudis.<\/p>\n<h2>Funcions a exercir com a t\u00e8cnic d&#8217;emerg\u00e8ncies<\/h2>\n<p>Un cop es tingui la titulaci\u00f3, es podr\u00e0 treballar al sector sanitari, espec\u00edficament en all\u00f2 relacionat amb el trasllat de pacients i v\u00edctimes. Es tindr\u00e0 l\u2019oportunitat de parar atenci\u00f3 tant sanit\u00e0ria com psicol\u00f2gica immediata al succ\u00e9s. Col\u00b7laborar\u00e0 en el desenvolupament de la log\u00edstica davant d&#8217;emerg\u00e8ncies col\u00b7lectives i cat\u00e0strofes.<\/p>\n<p>Tant al sector p\u00fablic com al privat hi haur\u00e0 opci\u00f3 de treballar com a t\u00e8cnic de transport sanitari programat, operador de teleassist\u00e8ncia, de centres de coordinaci\u00f3 d&#8217;urg\u00e8ncies i emerg\u00e8ncies.<\/p>\n<p>Entre les funcions estaran, a m\u00e9s del transport sanitari, el maneig dequips de suport vital tant b\u00e0sic com avan\u00e7at. Tamb\u00e9 el trasllat del pacient al centre sanitari posant en pr\u00e0ctica tot all\u00f2 apr\u00e8s, b\u00e9 des del punt de vista psicol\u00f2gic com a social i sanitari. Per\u00f2 no nom\u00e9s el pacient, sin\u00f3 els familiars i entorn m\u00e9s immediat a la urg\u00e8ncia o emerg\u00e8ncia.<\/p>\n<p>La tasca a desenvolupar \u00e9s tan gran que els primers moments despr\u00e9s de l&#8217;accident s\u00f3n crucials per salvar la vida de la v\u00edctima, per\u00f2 tamb\u00e9 per minimitzar les seq\u00fceles. L&#8217;actuaci\u00f3 en l&#8217;\u00e0mbit prehospitalari ser\u00e0 crucial, tamb\u00e9 per a la recuperaci\u00f3 r\u00e0pida despr\u00e9s de l&#8217;incident.<\/p>\n<p>Les funcions espec\u00edfiques seran evacuar el pacient utilitzant t\u00e8cniques de mobilitzaci\u00f3 i immobilitzaci\u00f3, ajudar a la classificaci\u00f3 de les v\u00edctimes, aix\u00ed com el personal m\u00e8dic i d&#8217;infermeria, o verificar el funcionament dels equips m\u00e8dics, entre d&#8217;altres.<\/p>\n<p><img loading=\"lazy\" decoding=\"async\" class=\"aligncenter wp-image-5399 size-full\" title=\"requisits t\u00e8cnic d'emerg\u00e8ncies sanit\u00e0ries\" src=\"https:\/\/eoc.cat\/wp-content\/uploads\/2018\/04\/requisitos-tecnico-emergencias-sanitarias.jpg\" alt=\"requisits t\u00e8cnic d'emerg\u00e8ncies sanit\u00e0ries\" width=\"810\" height=\"513\" srcset=\"https:\/\/eoc.cat\/wp-content\/uploads\/2018\/04\/requisitos-tecnico-emergencias-sanitarias.jpg 810w, https:\/\/eoc.cat\/wp-content\/uploads\/2018\/04\/requisitos-tecnico-emergencias-sanitarias-300x190.jpg 300w, https:\/\/eoc.cat\/wp-content\/uploads\/2018\/04\/requisitos-tecnico-emergencias-sanitarias-768x486.jpg 768w\" sizes=\"(max-width: 810px) 100vw, 810px\" \/><\/p>\n<h2>Perspectives professionals del cicle formatiu de grau mitj\u00e0 d&#8217;emerg\u00e8ncies sanit\u00e0ries<\/h2>\n<p>A m\u00e9s del sector privat, el sector p\u00fablic ofereix vacants per ocupar llocs de treball com a t\u00e8cnic d&#8217;emerg\u00e8ncies sanit\u00e0ries.<\/p>\n<p>Es va publicar al <a href=\"https:\/\/www.boe.es\/buscar\/doc.php?id=BOE-A-2012-7655\">Butllet\u00ed Oficial d&#8217;Estat el Reial decret 836\/2012<\/a>, de 25 de maig, pel qual s&#8217;estableixen les caracter\u00edstiques t\u00e8cniques, l&#8217;equipament sanitari i la dotaci\u00f3 de personal dels vehicles de transport sanitari per carretera.<\/p>\n<p>En aquest decret s&#8217;assenyala quines s\u00f3n les aptituds i els estudis que han de tenir els encarregats de conduir les ambul\u00e0ncies tant assistencials com no assistencials. Les primeres les portar\u00e0 una persona amb cicle formatiu de grau mitj\u00e0 en emerg\u00e8ncies sanit\u00e0ries. A les segones ser\u00e0 una persona amb certificat de professionalitat de transport sanitari l&#8217;encarregat de manejar-la.<\/p>\n<p>A m\u00e9s, a partir de la publicaci\u00f3 al BOE de l&#8217;esmentat Decret, els nous professionals del sector, conductors o ajudants que ingressen a empreses de transport sanitari, hauran de ser titulats. \u00c9s imprescindible en aquest moment obtenir un certificat de professionalitat de transport sanitari o el cicle formatiu de grau mitj\u00e0 en emerg\u00e8ncies sanit\u00e0ries.<\/p>\n<p>Si es reuneixen les caracter\u00edstiques esmentades, aquesta podria ser la sortida professional cercada. Informar-se per desenvolupar aquestes compet\u00e8ncies com a T\u00e8cnic en Emerg\u00e8ncies Sanit\u00e0ries \u00e9s ara m\u00e9s f\u00e0cil.<\/p>\n<p>No dubtis a informar-te sobre el nostre <a href=\"http:\/\/eoc.cat\/cfgm-tecnico-emergencias-sanitarias\/\">Curs de Cicle Formatiu de Grau Mitj\u00e0 d&#8217;emerg\u00e8ncies sanit\u00e0ries.<\/a><\/p>\n","protected":false},"excerpt":{"rendered":"<p>A la vida di\u00e0ria, un individu pot veure&#8217;s envoltat de circumst\u00e0ncies molt diverses i necessitar en qualsevol moment l&#8217;ajuda de terceres persones. \u00c9s possible que alguna vegada s&#8217;hagi presenciat un accident fortu\u00eft, un succ\u00e9s en qu\u00e8 passa qualsevol tipus de desastre de forma imprevista. \u00c9s ara quan entra en joc el paper del t\u00e8cnic d&#8217;emerg\u00e8ncies [&hellip;]<\/p>\n","protected":false},"author":7,"featured_media":10926,"comment_status":"open","ping_status":"open","sticky":false,"template":"","format":"standard","meta":{"_et_pb_use_builder":"","_et_pb_old_content":"","_et_gb_content_width":"","footnotes":""},"categories":[101],"tags":[102],"class_list":["post-10924","post","type-post","status-publish","format-standard","has-post-thumbnail","hentry","category-tecnic-emergencies-sanitaries","tag-emergencies-sanitaries"],"yoast_head":"<!-- This site is optimized with the Yoast SEO plugin v27.5 - https:\/\/yoast.com\/product\/yoast-seo-wordpress\/ -->\n<title>Requisits per formar-se com a t\u00e8cnic d&#039;emerg\u00e8ncies sanit\u00e0ries<\/title>\n<meta name=\"description\" content=\"En aquest article del nostre bloc de Formaci\u00f3 Professional us expliquem els requisits per formar-se com a t\u00e8cnic d&#039;emerg\u00e8ncies sanit\u00e0ries.\" \/>\n<meta name=\"robots\" content=\"index, follow, max-snippet:-1, max-image-preview:large, max-video-preview:-1\" \/>\n<link rel=\"canonical\" href=\"https:\/\/eoc.cat\/ca\/requisits-tecnic-emergencies-sanitaries\/\" \/>\n<meta property=\"og:locale\" content=\"ca_ES\" \/>\n<meta property=\"og:type\" content=\"article\" \/>\n<meta property=\"og:title\" content=\"Requisits per formar-se com a t\u00e8cnic d&#039;emerg\u00e8ncies sanit\u00e0ries\" \/>\n<meta property=\"og:description\" content=\"En aquest article del nostre bloc de Formaci\u00f3 Professional us expliquem els requisits per formar-se com a t\u00e8cnic d&#039;emerg\u00e8ncies sanit\u00e0ries.\" \/>\n<meta property=\"og:url\" content=\"https:\/\/eoc.cat\/ca\/requisits-tecnic-emergencies-sanitaries\/\" \/>\n<meta property=\"og:site_name\" content=\"Escola d&#039;Oficis Catalunya\" \/>\n<meta property=\"article:publisher\" content=\"https:\/\/www.facebook.com\/EscoladOficisCatalunya\" \/>\n<meta property=\"article:published_time\" content=\"2018-04-09T19:54:10+00:00\" \/>\n<meta property=\"article:modified_time\" content=\"2022-02-17T09:52:17+00:00\" \/>\n<meta property=\"og:image\" content=\"https:\/\/eoc.cat\/wp-content\/uploads\/2018\/04\/tecnico-de-emergencias-sanitarias.jpg\" \/>\n\t<meta property=\"og:image:width\" content=\"810\" \/>\n\t<meta property=\"og:image:height\" content=\"513\" \/>\n\t<meta property=\"og:image:type\" content=\"image\/jpeg\" \/>\n<meta name=\"author\" content=\"EOC\" \/>\n<meta name=\"twitter:card\" content=\"summary_large_image\" \/>\n<meta name=\"twitter:title\" content=\"Requisits per formar-se com a t\u00e8cnic d&#039;emerg\u00e8ncies sanit\u00e0ries\" \/>\n<meta name=\"twitter:description\" content=\"En aquest article del nostre bloc de Formaci\u00f3 Professional us expliquem els requisits per formar-se com a t\u00e8cnic d&#039;emerg\u00e8ncies sanit\u00e0ries.\" \/>\n<meta name=\"twitter:image\" content=\"https:\/\/eoc.cat\/wp-content\/uploads\/2018\/04\/tecnico-de-emergencias-sanitarias.jpg\" \/>\n<meta name=\"twitter:creator\" content=\"@escoficat\" \/>\n<meta name=\"twitter:site\" content=\"@escoficat\" \/>\n<script type=\"application\/ld+json\" class=\"yoast-schema-graph\">{\"@context\":\"https:\\\/\\\/schema.org\",\"@graph\":[{\"@type\":\"Article\",\"@id\":\"https:\\\/\\\/eoc.cat\\\/ca\\\/requisits-tecnic-emergencies-sanitaries\\\/#article\",\"isPartOf\":{\"@id\":\"https:\\\/\\\/eoc.cat\\\/ca\\\/requisits-tecnic-emergencies-sanitaries\\\/\"},\"author\":{\"name\":\"EOC\",\"@id\":\"https:\\\/\\\/eoc.cat\\\/#\\\/schema\\\/person\\\/702649fa6e82a790042399ed7f67f79f\"},\"headline\":\"Requisits per formar-se com a t\u00e8cnic d&#8217;emerg\u00e8ncies sanit\u00e0ries\",\"datePublished\":\"2018-04-09T19:54:10+00:00\",\"dateModified\":\"2022-02-17T09:52:17+00:00\",\"mainEntityOfPage\":{\"@id\":\"https:\\\/\\\/eoc.cat\\\/ca\\\/requisits-tecnic-emergencies-sanitaries\\\/\"},\"wordCount\":978,\"commentCount\":0,\"publisher\":{\"@id\":\"https:\\\/\\\/eoc.cat\\\/#organization\"},\"image\":{\"@id\":\"https:\\\/\\\/eoc.cat\\\/ca\\\/requisits-tecnic-emergencies-sanitaries\\\/#primaryimage\"},\"thumbnailUrl\":\"https:\\\/\\\/eoc.cat\\\/wp-content\\\/uploads\\\/2018\\\/04\\\/tecnico-de-emergencias-sanitarias.jpg\",\"keywords\":[\"emerg\u00e8ncies sanit\u00e0ries\"],\"articleSection\":[\"T\u00e8cnic en emerg\u00e8ncies sanit\u00e0ries\"],\"inLanguage\":\"ca\",\"potentialAction\":[{\"@type\":\"CommentAction\",\"name\":\"Comment\",\"target\":[\"https:\\\/\\\/eoc.cat\\\/ca\\\/requisits-tecnic-emergencies-sanitaries\\\/#respond\"]}]},{\"@type\":\"WebPage\",\"@id\":\"https:\\\/\\\/eoc.cat\\\/ca\\\/requisits-tecnic-emergencies-sanitaries\\\/\",\"url\":\"https:\\\/\\\/eoc.cat\\\/ca\\\/requisits-tecnic-emergencies-sanitaries\\\/\",\"name\":\"Requisits per formar-se com a t\u00e8cnic d'emerg\u00e8ncies sanit\u00e0ries\",\"isPartOf\":{\"@id\":\"https:\\\/\\\/eoc.cat\\\/#website\"},\"primaryImageOfPage\":{\"@id\":\"https:\\\/\\\/eoc.cat\\\/ca\\\/requisits-tecnic-emergencies-sanitaries\\\/#primaryimage\"},\"image\":{\"@id\":\"https:\\\/\\\/eoc.cat\\\/ca\\\/requisits-tecnic-emergencies-sanitaries\\\/#primaryimage\"},\"thumbnailUrl\":\"https:\\\/\\\/eoc.cat\\\/wp-content\\\/uploads\\\/2018\\\/04\\\/tecnico-de-emergencias-sanitarias.jpg\",\"datePublished\":\"2018-04-09T19:54:10+00:00\",\"dateModified\":\"2022-02-17T09:52:17+00:00\",\"description\":\"En aquest article del nostre bloc de Formaci\u00f3 Professional us expliquem els requisits per formar-se com a t\u00e8cnic d'emerg\u00e8ncies sanit\u00e0ries.\",\"breadcrumb\":{\"@id\":\"https:\\\/\\\/eoc.cat\\\/ca\\\/requisits-tecnic-emergencies-sanitaries\\\/#breadcrumb\"},\"inLanguage\":\"ca\",\"potentialAction\":[{\"@type\":\"ReadAction\",\"target\":[\"https:\\\/\\\/eoc.cat\\\/ca\\\/requisits-tecnic-emergencies-sanitaries\\\/\"]}]},{\"@type\":\"ImageObject\",\"inLanguage\":\"ca\",\"@id\":\"https:\\\/\\\/eoc.cat\\\/ca\\\/requisits-tecnic-emergencies-sanitaries\\\/#primaryimage\",\"url\":\"https:\\\/\\\/eoc.cat\\\/wp-content\\\/uploads\\\/2018\\\/04\\\/tecnico-de-emergencias-sanitarias.jpg\",\"contentUrl\":\"https:\\\/\\\/eoc.cat\\\/wp-content\\\/uploads\\\/2018\\\/04\\\/tecnico-de-emergencias-sanitarias.jpg\",\"width\":810,\"height\":513},{\"@type\":\"BreadcrumbList\",\"@id\":\"https:\\\/\\\/eoc.cat\\\/ca\\\/requisits-tecnic-emergencies-sanitaries\\\/#breadcrumb\",\"itemListElement\":[{\"@type\":\"ListItem\",\"position\":1,\"name\":\"Portada\",\"item\":\"https:\\\/\\\/eoc.cat\\\/ca\\\/\"},{\"@type\":\"ListItem\",\"position\":2,\"name\":\"Requisits per formar-se com a t\u00e8cnic d&#8217;emerg\u00e8ncies sanit\u00e0ries\"}]},{\"@type\":\"WebSite\",\"@id\":\"https:\\\/\\\/eoc.cat\\\/#website\",\"url\":\"https:\\\/\\\/eoc.cat\\\/\",\"name\":\"Escola d'Oficis Catalunya\",\"description\":\"Escuela de formaci\u00f3n profesional para adultos y j\u00f3venes\",\"publisher\":{\"@id\":\"https:\\\/\\\/eoc.cat\\\/#organization\"},\"alternateName\":\"EOC\",\"potentialAction\":[{\"@type\":\"SearchAction\",\"target\":{\"@type\":\"EntryPoint\",\"urlTemplate\":\"https:\\\/\\\/eoc.cat\\\/?s={search_term_string}\"},\"query-input\":{\"@type\":\"PropertyValueSpecification\",\"valueRequired\":true,\"valueName\":\"search_term_string\"}}],\"inLanguage\":\"ca\"},{\"@type\":\"Organization\",\"@id\":\"https:\\\/\\\/eoc.cat\\\/#organization\",\"name\":\"Escola d'Oficis Catalunya\",\"alternateName\":\"EOC\",\"url\":\"https:\\\/\\\/eoc.cat\\\/\",\"logo\":{\"@type\":\"ImageObject\",\"inLanguage\":\"ca\",\"@id\":\"https:\\\/\\\/eoc.cat\\\/#\\\/schema\\\/logo\\\/image\\\/\",\"url\":\"https:\\\/\\\/eoc.cat\\\/wp-content\\\/uploads\\\/2020\\\/12\\\/eoc-logotipo.png\",\"contentUrl\":\"https:\\\/\\\/eoc.cat\\\/wp-content\\\/uploads\\\/2020\\\/12\\\/eoc-logotipo.png\",\"width\":274,\"height\":118,\"caption\":\"Escola d'Oficis Catalunya\"},\"image\":{\"@id\":\"https:\\\/\\\/eoc.cat\\\/#\\\/schema\\\/logo\\\/image\\\/\"},\"sameAs\":[\"https:\\\/\\\/www.facebook.com\\\/EscoladOficisCatalunya\",\"https:\\\/\\\/x.com\\\/escoficat\",\"https:\\\/\\\/www.instagram.com\\\/escoladoficiscatalunya\\\/\",\"https:\\\/\\\/www.linkedin.com\\\/school\\\/escoladoficiscatalunya\\\/\",\"https:\\\/\\\/www.youtube.com\\\/channel\\\/UC_HLShkY7t1pf1CrXPw-gRQ\"]},{\"@type\":\"Person\",\"@id\":\"https:\\\/\\\/eoc.cat\\\/#\\\/schema\\\/person\\\/702649fa6e82a790042399ed7f67f79f\",\"name\":\"EOC\",\"image\":{\"@type\":\"ImageObject\",\"inLanguage\":\"ca\",\"@id\":\"https:\\\/\\\/secure.gravatar.com\\\/avatar\\\/db655658f91923a915562a010af881cf03bb56574b7e1241e9fa9ab684c7a9d0?s=96&r=g\",\"url\":\"https:\\\/\\\/secure.gravatar.com\\\/avatar\\\/db655658f91923a915562a010af881cf03bb56574b7e1241e9fa9ab684c7a9d0?s=96&r=g\",\"contentUrl\":\"https:\\\/\\\/secure.gravatar.com\\\/avatar\\\/db655658f91923a915562a010af881cf03bb56574b7e1241e9fa9ab684c7a9d0?s=96&r=g\",\"caption\":\"EOC\"},\"url\":\"https:\\\/\\\/eoc.cat\\\/ca\\\/author\\\/e0c93k1lk3\\\/\"}]}<\/script>\n<!-- \/ Yoast SEO plugin. -->","yoast_head_json":{"title":"Requisits per formar-se com a t\u00e8cnic d'emerg\u00e8ncies sanit\u00e0ries","description":"En aquest article del nostre bloc de Formaci\u00f3 Professional us expliquem els requisits per formar-se com a t\u00e8cnic d'emerg\u00e8ncies sanit\u00e0ries.","robots":{"index":"index","follow":"follow","max-snippet":"max-snippet:-1","max-image-preview":"max-image-preview:large","max-video-preview":"max-video-preview:-1"},"canonical":"https:\/\/eoc.cat\/ca\/requisits-tecnic-emergencies-sanitaries\/","og_locale":"ca_ES","og_type":"article","og_title":"Requisits per formar-se com a t\u00e8cnic d'emerg\u00e8ncies sanit\u00e0ries","og_description":"En aquest article del nostre bloc de Formaci\u00f3 Professional us expliquem els requisits per formar-se com a t\u00e8cnic d'emerg\u00e8ncies sanit\u00e0ries.","og_url":"https:\/\/eoc.cat\/ca\/requisits-tecnic-emergencies-sanitaries\/","og_site_name":"Escola d&#039;Oficis Catalunya","article_publisher":"https:\/\/www.facebook.com\/EscoladOficisCatalunya","article_published_time":"2018-04-09T19:54:10+00:00","article_modified_time":"2022-02-17T09:52:17+00:00","og_image":[{"width":810,"height":513,"url":"https:\/\/eoc.cat\/wp-content\/uploads\/2018\/04\/tecnico-de-emergencias-sanitarias.jpg","type":"image\/jpeg"}],"author":"EOC","twitter_card":"summary_large_image","twitter_title":"Requisits per formar-se com a t\u00e8cnic d'emerg\u00e8ncies sanit\u00e0ries","twitter_description":"En aquest article del nostre bloc de Formaci\u00f3 Professional us expliquem els requisits per formar-se com a t\u00e8cnic d'emerg\u00e8ncies sanit\u00e0ries.","twitter_image":"https:\/\/eoc.cat\/wp-content\/uploads\/2018\/04\/tecnico-de-emergencias-sanitarias.jpg","twitter_creator":"@escoficat","twitter_site":"@escoficat","schema":{"@context":"https:\/\/schema.org","@graph":[{"@type":"Article","@id":"https:\/\/eoc.cat\/ca\/requisits-tecnic-emergencies-sanitaries\/#article","isPartOf":{"@id":"https:\/\/eoc.cat\/ca\/requisits-tecnic-emergencies-sanitaries\/"},"author":{"name":"EOC","@id":"https:\/\/eoc.cat\/#\/schema\/person\/702649fa6e82a790042399ed7f67f79f"},"headline":"Requisits per formar-se com a t\u00e8cnic d&#8217;emerg\u00e8ncies sanit\u00e0ries","datePublished":"2018-04-09T19:54:10+00:00","dateModified":"2022-02-17T09:52:17+00:00","mainEntityOfPage":{"@id":"https:\/\/eoc.cat\/ca\/requisits-tecnic-emergencies-sanitaries\/"},"wordCount":978,"commentCount":0,"publisher":{"@id":"https:\/\/eoc.cat\/#organization"},"image":{"@id":"https:\/\/eoc.cat\/ca\/requisits-tecnic-emergencies-sanitaries\/#primaryimage"},"thumbnailUrl":"https:\/\/eoc.cat\/wp-content\/uploads\/2018\/04\/tecnico-de-emergencias-sanitarias.jpg","keywords":["emerg\u00e8ncies sanit\u00e0ries"],"articleSection":["T\u00e8cnic en emerg\u00e8ncies sanit\u00e0ries"],"inLanguage":"ca","potentialAction":[{"@type":"CommentAction","name":"Comment","target":["https:\/\/eoc.cat\/ca\/requisits-tecnic-emergencies-sanitaries\/#respond"]}]},{"@type":"WebPage","@id":"https:\/\/eoc.cat\/ca\/requisits-tecnic-emergencies-sanitaries\/","url":"https:\/\/eoc.cat\/ca\/requisits-tecnic-emergencies-sanitaries\/","name":"Requisits per formar-se com a t\u00e8cnic d'emerg\u00e8ncies sanit\u00e0ries","isPartOf":{"@id":"https:\/\/eoc.cat\/#website"},"primaryImageOfPage":{"@id":"https:\/\/eoc.cat\/ca\/requisits-tecnic-emergencies-sanitaries\/#primaryimage"},"image":{"@id":"https:\/\/eoc.cat\/ca\/requisits-tecnic-emergencies-sanitaries\/#primaryimage"},"thumbnailUrl":"https:\/\/eoc.cat\/wp-content\/uploads\/2018\/04\/tecnico-de-emergencias-sanitarias.jpg","datePublished":"2018-04-09T19:54:10+00:00","dateModified":"2022-02-17T09:52:17+00:00","description":"En aquest article del nostre bloc de Formaci\u00f3 Professional us expliquem els requisits per formar-se com a t\u00e8cnic d'emerg\u00e8ncies sanit\u00e0ries.","breadcrumb":{"@id":"https:\/\/eoc.cat\/ca\/requisits-tecnic-emergencies-sanitaries\/#breadcrumb"},"inLanguage":"ca","potentialAction":[{"@type":"ReadAction","target":["https:\/\/eoc.cat\/ca\/requisits-tecnic-emergencies-sanitaries\/"]}]},{"@type":"ImageObject","inLanguage":"ca","@id":"https:\/\/eoc.cat\/ca\/requisits-tecnic-emergencies-sanitaries\/#primaryimage","url":"https:\/\/eoc.cat\/wp-content\/uploads\/2018\/04\/tecnico-de-emergencias-sanitarias.jpg","contentUrl":"https:\/\/eoc.cat\/wp-content\/uploads\/2018\/04\/tecnico-de-emergencias-sanitarias.jpg","width":810,"height":513},{"@type":"BreadcrumbList","@id":"https:\/\/eoc.cat\/ca\/requisits-tecnic-emergencies-sanitaries\/#breadcrumb","itemListElement":[{"@type":"ListItem","position":1,"name":"Portada","item":"https:\/\/eoc.cat\/ca\/"},{"@type":"ListItem","position":2,"name":"Requisits per formar-se com a t\u00e8cnic d&#8217;emerg\u00e8ncies sanit\u00e0ries"}]},{"@type":"WebSite","@id":"https:\/\/eoc.cat\/#website","url":"https:\/\/eoc.cat\/","name":"Escola d'Oficis Catalunya","description":"Escuela de formaci\u00f3n profesional para adultos y j\u00f3venes","publisher":{"@id":"https:\/\/eoc.cat\/#organization"},"alternateName":"EOC","potentialAction":[{"@type":"SearchAction","target":{"@type":"EntryPoint","urlTemplate":"https:\/\/eoc.cat\/?s={search_term_string}"},"query-input":{"@type":"PropertyValueSpecification","valueRequired":true,"valueName":"search_term_string"}}],"inLanguage":"ca"},{"@type":"Organization","@id":"https:\/\/eoc.cat\/#organization","name":"Escola d'Oficis Catalunya","alternateName":"EOC","url":"https:\/\/eoc.cat\/","logo":{"@type":"ImageObject","inLanguage":"ca","@id":"https:\/\/eoc.cat\/#\/schema\/logo\/image\/","url":"https:\/\/eoc.cat\/wp-content\/uploads\/2020\/12\/eoc-logotipo.png","contentUrl":"https:\/\/eoc.cat\/wp-content\/uploads\/2020\/12\/eoc-logotipo.png","width":274,"height":118,"caption":"Escola d'Oficis Catalunya"},"image":{"@id":"https:\/\/eoc.cat\/#\/schema\/logo\/image\/"},"sameAs":["https:\/\/www.facebook.com\/EscoladOficisCatalunya","https:\/\/x.com\/escoficat","https:\/\/www.instagram.com\/escoladoficiscatalunya\/","https:\/\/www.linkedin.com\/school\/escoladoficiscatalunya\/","https:\/\/www.youtube.com\/channel\/UC_HLShkY7t1pf1CrXPw-gRQ"]},{"@type":"Person","@id":"https:\/\/eoc.cat\/#\/schema\/person\/702649fa6e82a790042399ed7f67f79f","name":"EOC","image":{"@type":"ImageObject","inLanguage":"ca","@id":"https:\/\/secure.gravatar.com\/avatar\/db655658f91923a915562a010af881cf03bb56574b7e1241e9fa9ab684c7a9d0?s=96&r=g","url":"https:\/\/secure.gravatar.com\/avatar\/db655658f91923a915562a010af881cf03bb56574b7e1241e9fa9ab684c7a9d0?s=96&r=g","contentUrl":"https:\/\/secure.gravatar.com\/avatar\/db655658f91923a915562a010af881cf03bb56574b7e1241e9fa9ab684c7a9d0?s=96&r=g","caption":"EOC"},"url":"https:\/\/eoc.cat\/ca\/author\/e0c93k1lk3\/"}]}},"_links":{"self":[{"href":"https:\/\/eoc.cat\/ca\/wp-json\/wp\/v2\/posts\/10924","targetHints":{"allow":["GET"]}}],"collection":[{"href":"https:\/\/eoc.cat\/ca\/wp-json\/wp\/v2\/posts"}],"about":[{"href":"https:\/\/eoc.cat\/ca\/wp-json\/wp\/v2\/types\/post"}],"author":[{"embeddable":true,"href":"https:\/\/eoc.cat\/ca\/wp-json\/wp\/v2\/users\/7"}],"replies":[{"embeddable":true,"href":"https:\/\/eoc.cat\/ca\/wp-json\/wp\/v2\/comments?post=10924"}],"version-history":[{"count":1,"href":"https:\/\/eoc.cat\/ca\/wp-json\/wp\/v2\/posts\/10924\/revisions"}],"predecessor-version":[{"id":10927,"href":"https:\/\/eoc.cat\/ca\/wp-json\/wp\/v2\/posts\/10924\/revisions\/10927"}],"wp:featuredmedia":[{"embeddable":true,"href":"https:\/\/eoc.cat\/ca\/wp-json\/wp\/v2\/media\/10926"}],"wp:attachment":[{"href":"https:\/\/eoc.cat\/ca\/wp-json\/wp\/v2\/media?parent=10924"}],"wp:term":[{"taxonomy":"category","embeddable":true,"href":"https:\/\/eoc.cat\/ca\/wp-json\/wp\/v2\/categories?post=10924"},{"taxonomy":"post_tag","embeddable":true,"href":"https:\/\/eoc.cat\/ca\/wp-json\/wp\/v2\/tags?post=10924"}],"curies":[{"name":"wp","href":"https:\/\/api.w.org\/{rel}","templated":true}]}}