{"id":10938,"date":"2018-03-05T12:58:06","date_gmt":"2018-03-05T11:58:06","guid":{"rendered":"https:\/\/eoc.cat\/trastornos-alimenticios-infantiles\/"},"modified":"2022-02-17T10:52:17","modified_gmt":"2022-02-17T09:52:17","slug":"trastorns-alimentaris-infantils","status":"publish","type":"post","link":"https:\/\/eoc.cat\/ca\/trastorns-alimentaris-infantils\/","title":{"rendered":"Trastorns alimentaris infantils. Qu\u00e8 he de saber?"},"content":{"rendered":"<p>Els trastorns alimentaris infantils s\u00f3n m\u00e9s habituals del que la poblaci\u00f3 general sol creure. Si la teva professi\u00f3 est\u00e0 relacionada amb la cura i <a href=\"http:\/\/eoc.cat\/auxiliar-de-jardin-de-infancia\/\">l&#8217;educaci\u00f3 dels nens<\/a> \u00e9s important que coneguis aquest tipus de trastorns, aix\u00ed com els seus s\u00edmptomes per detectar-los de manera preco\u00e7.<\/p>\n<p>Com en tots els casos en qu\u00e8 es pot veure afectada la salut, els trastorns infantils relacionats amb el menjar abasten un ampli ventall tant de tipus com de gravetat.<\/p>\n<h2>Qu\u00e8 s\u00f3n els trastorns d\u2019alimentaci\u00f3?<\/h2>\n<p>Els trastorns d&#8217;alimentaci\u00f3 es defineixen com tota aquella conducta aliment\u00e0ria que causa un problema de salut en el nen. O no menja prou o menja en exc\u00e9s. Quan aquest tipus de trastorns es desenvolupen en la preadolesc\u00e8ncia o adolesc\u00e8ncia, com \u00e9s el cas de l&#8217;anor\u00e8xia nerviosa, la prevalen\u00e7a va en augment. Les xifres van del 2,2% al 3,6%. En el cas de la bul\u00edmia, la prevalen\u00e7a \u00e9s de l&#8217;1,3% al 2% segons la <a href=\"https:\/\/sepeap.org\/\">SEPEAP<\/a> (Societat Espanyola de Pediatria).<\/p>\n<p>En els nens m\u00e9s petits una nutrici\u00f3 insuficient o inadequada pot arribar a produir desnutrici\u00f3 infantil. Aquesta pot arribar a provocar un augment de malalties en els nens derivades del d\u00e8ficit de nutrients com ara prote\u00efnes, vitamines, minerals, hidrats de carboni o l\u00edpids. \u00c9s possible que pensis que la desnutrici\u00f3 \u00e9s molt dif\u00edcil a pa\u00efsos desenvolupats. Tanmateix, la malnutrici\u00f3 \u00e9s molt m\u00e9s freq\u00fcent del que es podria esperar.<\/p>\n<p><img loading=\"lazy\" decoding=\"async\" class=\"aligncenter wp-image-5149 size-full\" title=\"trastorns alimentaris infantils\" src=\"https:\/\/eoc.cat\/wp-content\/uploads\/2018\/03\/trastornos-de-alimentacion-infantiles.jpg\" alt=\"trastorns alimentaris infantils\" width=\"810\" height=\"513\" srcset=\"https:\/\/eoc.cat\/wp-content\/uploads\/2018\/03\/trastornos-de-alimentacion-infantiles.jpg 810w, https:\/\/eoc.cat\/wp-content\/uploads\/2018\/03\/trastornos-de-alimentacion-infantiles-300x190.jpg 300w, https:\/\/eoc.cat\/wp-content\/uploads\/2018\/03\/trastornos-de-alimentacion-infantiles-768x486.jpg 768w\" sizes=\"(max-width: 810px) 100vw, 810px\" \/><\/p>\n<h2>Qu\u00e8 s\u00f3n els trastorns d\u2019alimentaci\u00f3?<\/h2>\n<p>Els trastorns d&#8217;alimentaci\u00f3 es defineixen com tota aquella conducta aliment\u00e0ria que causa un problema de salut en el nen. O no menja prou o menja en exc\u00e9s. Quan aquest tipus de trastorns es desenvolupen en la preadolesc\u00e8ncia o adolesc\u00e8ncia, com \u00e9s el cas de l&#8217;anor\u00e8xia nerviosa, la prevalen\u00e7a va en augment. Les xifres van del 2,2% al 3,6%. En el cas de la bul\u00edmia, la prevalen\u00e7a \u00e9s de l&#8217;1,3% al 2% segons la <a href=\"https:\/\/sepeap.org\/\">SEPEAP<\/a> (Societat Espanyola de Pediatria).<\/p>\n<p>En els nens m\u00e9s petits una nutrici\u00f3 insuficient o inadequada pot arribar a produir desnutrici\u00f3 infantil. Aquesta pot arribar a provocar un augment de malalties en els nens derivades del d\u00e8ficit de nutrients com ara prote\u00efnes, vitamines, minerals, hidrats de carboni o l\u00edpids. \u00c9s possible que pensis que la desnutrici\u00f3 \u00e9s molt dif\u00edcil a pa\u00efsos desenvolupats. Tanmateix, la malnutrici\u00f3 \u00e9s molt m\u00e9s freq\u00fcent del que es podria esperar.<\/p>\n<h2>Trastorns alimentaris infantils en nens petits fins a la preadolesc\u00e8ncia<\/h2>\n<p>Habitualment trobar\u00e0s els seg\u00fcents\u00a0problemes d&#8217;alimentaci\u00f3:<\/p>\n<ul>\n<li>Els nens petits, inclosos els nadons, poden rebutjar l&#8217;aliment per diferents motius, inclosa la dentici\u00f3. Sempre has d&#8217;observar si est\u00e0 malalt, presenta febre, alguna infecci\u00f3 de vies respirat\u00f2ries o altres problemes o malestar f\u00edsic.<\/li>\n<li>Trucades d&#8217;atenci\u00f3 cap als pares o cuidadors principals. Si el nen rebutja aliments i se&#8217;l for\u00e7a, forcejeja o fins i tot se l&#8217;obliga f\u00edsicament o se&#8217;l castiga, pot mantenir aquesta conducta en el temps per cridar l&#8217;atenci\u00f3 dels pares.<\/li>\n<li>Anor\u00e8xia infantil: el nen rebutja menjar de forma permanent i comen\u00e7a una p\u00e8rdua de pes. En nadons de sis mesos en canviar d&#8217;alimentaci\u00f3 hi ha nens que rebutgen menjar. Aix\u00f2 s&#8217;ha de tenir en compte per evitar for\u00e7ar-los. Les causes de la\u00a0anor\u00e8xia infantil poden ser diverses. Han de ser avaluades per un metge pediatre per poder posar en pr\u00e0ctica un protocol de tractament efica\u00e7.<\/li>\n<li>La bul\u00edmia infantil implica que el nen menja aliments molt energ\u00e8tics de manera vora\u00e7 i despr\u00e9s els vomita. Solen ser nens que presenten problemes psicol\u00f2gics del tipus ansi\u00f3s i\/o depressiu.<\/li>\n<li>La s\u00edndrome de PICA. En ell els nens mengen de manera incontrolada coses que no s\u00f3n aliments com terra, formigues, pintura, paper, pl\u00e0stic, cola. S&#8217;associa a presentar desnutrici\u00f3, autisme o trastorns cognitius del desenvolupament. Aquest tipus de problemes deuen consultar-se al pediatre perqu\u00e8 poden estar associats a trastorns del desenvolupament del nen.<\/li>\n<li>La remugaci\u00f3 \u00e9s un trastorn que apareix en els nens davant de problemes afectius, encara que sempre s&#8217;ha de descartar algun problema org\u00e0nic que impedeixi deglutir adequadament el nen. Consisteix que\u00a0el nen mastega i regurgita el menjar per tornar a mastegar-lo.<\/li>\n<\/ul>\n<p>Tamb\u00e9 hi ha m\u00e9s trastorns alimentaris infantils causats per problemes f\u00edsics a la boca com les c\u00e0ries, la celiaquia (que implica una intoler\u00e0ncia al gluten), la diabetis infantil o les al\u00b7l\u00e8rgies aliment\u00e0ries. Totes han de ser avaluades i diagnosticades pel pediatre i posades en tractament adequadament.<\/p>\n<p><img loading=\"lazy\" decoding=\"async\" class=\"aligncenter wp-image-5150 size-full\" title=\"alimentaci\u00f3 infantil\" src=\"https:\/\/eoc.cat\/wp-content\/uploads\/2018\/03\/verduras-alimentacion-infantil.jpg\" alt=\"alimentaci\u00f3 infantil\" width=\"810\" height=\"513\" srcset=\"https:\/\/eoc.cat\/wp-content\/uploads\/2018\/03\/verduras-alimentacion-infantil.jpg 810w, https:\/\/eoc.cat\/wp-content\/uploads\/2018\/03\/verduras-alimentacion-infantil-300x190.jpg 300w, https:\/\/eoc.cat\/wp-content\/uploads\/2018\/03\/verduras-alimentacion-infantil-768x486.jpg 768w\" sizes=\"(max-width: 810px) 100vw, 810px\" \/><\/p>\n<h2>L&#8217;obesitat infantil<\/h2>\n<p>Ara parlarem de l&#8217;obesitat infantil que \u00e9s un dels trastorns alimentaris infantils m\u00e9s comuns. Ha augmentat en els darrers 40 anys multiplicant-se per 10 el nombre de casos. Les xifres s\u00f3n alarmants a nivell mundial passant d&#8217;un 0,7% a un 5,6% a les nenes i d&#8217;un 0,9% a un 7,8% als nens <a href=\"http:\/\/eoc.cat\/auxiliar-de-jardin-de-infancia\/\">segons l&#8217;OMS<\/a>. A m\u00e9s, les fam\u00edlies tendeixen a no donar-hi import\u00e0ncia, i est\u00e0 relacionat amb mals h\u00e0bits en la seva alimentaci\u00f3.<\/p>\n<p>Analitzant l&#8217;alimentaci\u00f3 \u00e9s com podr\u00e0s comprendre en qu\u00e8 est\u00e0 fallant la dieta di\u00e0ria dels nens. Mentre haurien de prendre als plats principals verdures, fruites, almenys en un 50% del menjar diari, aquest percentatge se l&#8217;emporten els hidrats de carboni. Aquests aporten energia per\u00f2 si no es consumeixen amb activitat f\u00edsica, es converteixen en greixos.<\/p>\n<p>Els h\u00e0bits d&#8217;alimentaci\u00f3 es van creant des de la infantesa. Per tant, una dieta adequada fa que conforme vagin creixent per a ells sigui natural menjar fruites, verdures, peixos i llegums.<\/p>\n<h2>Trastorns alimentaris en la preadolesc\u00e8ncia i adolesc\u00e8ncia<\/h2>\n<p>En aquesta etapa del desenvolupament infantil el grup d&#8217;iguals va prenent for\u00e7a i comen\u00e7a a prevaldre la pressi\u00f3 social sobre l&#8217;alimentaci\u00f3 i la imatge que els adolescents tenen de si mateixos. Els problemes d&#8217;alimentaci\u00f3 que podreu observar en aquestes etapes s\u00f3n els seg\u00fcents:<\/p>\n<ol>\n<li>Anor\u00e8xia nerviosa:<\/li>\n<\/ol>\n<p>En aquesta etapa l&#8217;anor\u00e8xia nerviosa es caracteritza perqu\u00e8 el jove vol mantenir un pes per sota del normal. No tenen en compte el pes ideal per a la seva mida, edat, sexe o complexi\u00f3 f\u00edsica. Per tant, es produeix una greu p\u00e8rdua de pes i poden posar en risc la seva vida. Est\u00e0 considerat un trastorn psiqui\u00e0tric i necessiten tractament hospitalari en alguns moments.<\/p>\n<ul>\n<li>Tipus restrictiu: redueixen l\u2019aliment fins a perdre pes. De vegades l&#8217;acompanyen amb molt d&#8217;exercici.<\/li>\n<li>Tipus purgatiu: prenen laxants, s&#8217;indueixen el v\u00f2mit o ambdues coses.<\/li>\n<\/ul>\n<p>L&#8217;anor\u00e8xia nerviosa \u00e9s m\u00e9s habitual en adolescents dones per\u00f2 cada cop es d\u00f3na m\u00e9s en homes. Solen tenir personalitats\u00a0molt perfeccionistes i exigents amb elles mateixes.<\/p>\n<ol start=\"2\">\n<li>Bul\u00edmia nerviosa:<\/li>\n<\/ol>\n<p>La bul\u00edmia nerviosa \u00e9s un trastorn en qu\u00e8 l&#8217;adolescent menja en exc\u00e9s i despr\u00e9s vomita volunt\u00e0riament. Hi ha p\u00e8rdua de pes perqu\u00e8 en realitat solen estar preocupades per aquest tema. S\u00f3n joves que fan dietes i solen tenir problemes per menjar en p\u00fablic.<\/p>\n<p>Els senyals d&#8217;alerta s\u00f3n molt importants per a totes aquelles persones que treballen amb nens o adolescents, per aquest motiu con\u00e8ixer els trastorns alimentaris infantils, els seus signes i s\u00edmptomes \u00e9s la forma m\u00e9s efica\u00e7 de detectar-los a temps.<\/p>\n","protected":false},"excerpt":{"rendered":"<p>Els trastorns alimentaris infantils s\u00f3n m\u00e9s habituals del que la poblaci\u00f3 general sol creure. Si la teva professi\u00f3 est\u00e0 relacionada amb la cura i l&#8217;educaci\u00f3 dels nens \u00e9s important que coneguis aquest tipus de trastorns, aix\u00ed com els seus s\u00edmptomes per detectar-los de manera preco\u00e7. Com en tots els casos en qu\u00e8 es pot veure [&hellip;]<\/p>\n","protected":false},"author":7,"featured_media":10939,"comment_status":"open","ping_status":"open","sticky":false,"template":"","format":"standard","meta":{"_et_pb_use_builder":"","_et_pb_old_content":"","_et_gb_content_width":"","footnotes":""},"categories":[112,85],"tags":[86,87],"class_list":["post-10938","post","type-post","status-publish","format-standard","has-post-thumbnail","hentry","category-educacio-infantil","category-llar-infants","tag-educacio-infantil","tag-llar-infants"],"yoast_head":"<!-- This site is optimized with the Yoast SEO plugin v27.4 - https:\/\/yoast.com\/product\/yoast-seo-wordpress\/ -->\n<title>Trastorns alimentaris infantils. Qu\u00e8 he de saber? | EOC<\/title>\n<meta name=\"description\" content=\"Definim part dels trastorns alimentaris infantils i en preadolescents. La bul\u00edmia o l&#039;anor\u00e8xia s\u00f3n els m\u00e9s coneguts, per\u00f2 no els \u00fanics.\" \/>\n<meta name=\"robots\" content=\"index, follow, max-snippet:-1, max-image-preview:large, max-video-preview:-1\" \/>\n<link rel=\"canonical\" href=\"https:\/\/eoc.cat\/ca\/trastorns-alimentaris-infantils\/\" \/>\n<meta property=\"og:locale\" content=\"ca_ES\" \/>\n<meta property=\"og:type\" content=\"article\" \/>\n<meta property=\"og:title\" content=\"Trastorns alimentaris infantils. Qu\u00e8 he de saber? | EOC\" \/>\n<meta property=\"og:description\" content=\"Definim part dels trastorns alimentaris infantils i en preadolescents. La bul\u00edmia o l&#039;anor\u00e8xia s\u00f3n els m\u00e9s coneguts, per\u00f2 no els \u00fanics.\" \/>\n<meta property=\"og:url\" content=\"https:\/\/eoc.cat\/ca\/trastorns-alimentaris-infantils\/\" \/>\n<meta property=\"og:site_name\" content=\"Escola d&#039;Oficis Catalunya\" \/>\n<meta property=\"article:publisher\" content=\"https:\/\/www.facebook.com\/EscoladOficisCatalunya\" \/>\n<meta property=\"article:published_time\" content=\"2018-03-05T11:58:06+00:00\" \/>\n<meta property=\"article:modified_time\" content=\"2022-02-17T09:52:17+00:00\" \/>\n<meta property=\"og:image\" content=\"https:\/\/eoc.cat\/wp-content\/uploads\/2018\/03\/trastornos-alimenticios-infantiles.jpg\" \/>\n\t<meta property=\"og:image:width\" content=\"810\" \/>\n\t<meta property=\"og:image:height\" content=\"513\" \/>\n\t<meta property=\"og:image:type\" content=\"image\/jpeg\" \/>\n<meta name=\"author\" content=\"EOC\" \/>\n<meta name=\"twitter:card\" content=\"summary_large_image\" \/>\n<meta name=\"twitter:title\" content=\"Trastorns alimentaris infantils. Qu\u00e8 he de saber? | EOC\" \/>\n<meta name=\"twitter:description\" content=\"Definim part dels trastorns alimentaris infantils i en preadolescents. La bul\u00edmia o l&#039;anor\u00e8xia s\u00f3n els m\u00e9s coneguts, per\u00f2 no els \u00fanics.\" \/>\n<meta name=\"twitter:image\" content=\"https:\/\/eoc.cat\/wp-content\/uploads\/2018\/03\/trastornos-alimenticios-infantiles.jpg\" \/>\n<meta name=\"twitter:creator\" content=\"@escoficat\" \/>\n<meta name=\"twitter:site\" content=\"@escoficat\" \/>\n<script type=\"application\/ld+json\" class=\"yoast-schema-graph\">{\"@context\":\"https:\\\/\\\/schema.org\",\"@graph\":[{\"@type\":\"Article\",\"@id\":\"https:\\\/\\\/eoc.cat\\\/ca\\\/trastorns-alimentaris-infantils\\\/#article\",\"isPartOf\":{\"@id\":\"https:\\\/\\\/eoc.cat\\\/ca\\\/trastorns-alimentaris-infantils\\\/\"},\"author\":{\"name\":\"EOC\",\"@id\":\"https:\\\/\\\/eoc.cat\\\/#\\\/schema\\\/person\\\/702649fa6e82a790042399ed7f67f79f\"},\"headline\":\"Trastorns alimentaris infantils. Qu\u00e8 he de saber?\",\"datePublished\":\"2018-03-05T11:58:06+00:00\",\"dateModified\":\"2022-02-17T09:52:17+00:00\",\"mainEntityOfPage\":{\"@id\":\"https:\\\/\\\/eoc.cat\\\/ca\\\/trastorns-alimentaris-infantils\\\/\"},\"wordCount\":1248,\"commentCount\":0,\"publisher\":{\"@id\":\"https:\\\/\\\/eoc.cat\\\/#organization\"},\"image\":{\"@id\":\"https:\\\/\\\/eoc.cat\\\/ca\\\/trastorns-alimentaris-infantils\\\/#primaryimage\"},\"thumbnailUrl\":\"https:\\\/\\\/eoc.cat\\\/wp-content\\\/uploads\\\/2018\\\/03\\\/trastornos-alimenticios-infantiles.jpg\",\"keywords\":[\"educaci\u00f3 infantil\",\"llar d'infants\"],\"articleSection\":[\"Educaci\u00f3 infantil\",\"Llar d'infants\"],\"inLanguage\":\"ca\",\"potentialAction\":[{\"@type\":\"CommentAction\",\"name\":\"Comment\",\"target\":[\"https:\\\/\\\/eoc.cat\\\/ca\\\/trastorns-alimentaris-infantils\\\/#respond\"]}]},{\"@type\":\"WebPage\",\"@id\":\"https:\\\/\\\/eoc.cat\\\/ca\\\/trastorns-alimentaris-infantils\\\/\",\"url\":\"https:\\\/\\\/eoc.cat\\\/ca\\\/trastorns-alimentaris-infantils\\\/\",\"name\":\"Trastorns alimentaris infantils. Qu\u00e8 he de saber? | EOC\",\"isPartOf\":{\"@id\":\"https:\\\/\\\/eoc.cat\\\/#website\"},\"primaryImageOfPage\":{\"@id\":\"https:\\\/\\\/eoc.cat\\\/ca\\\/trastorns-alimentaris-infantils\\\/#primaryimage\"},\"image\":{\"@id\":\"https:\\\/\\\/eoc.cat\\\/ca\\\/trastorns-alimentaris-infantils\\\/#primaryimage\"},\"thumbnailUrl\":\"https:\\\/\\\/eoc.cat\\\/wp-content\\\/uploads\\\/2018\\\/03\\\/trastornos-alimenticios-infantiles.jpg\",\"datePublished\":\"2018-03-05T11:58:06+00:00\",\"dateModified\":\"2022-02-17T09:52:17+00:00\",\"description\":\"Definim part dels trastorns alimentaris infantils i en preadolescents. La bul\u00edmia o l'anor\u00e8xia s\u00f3n els m\u00e9s coneguts, per\u00f2 no els \u00fanics.\",\"breadcrumb\":{\"@id\":\"https:\\\/\\\/eoc.cat\\\/ca\\\/trastorns-alimentaris-infantils\\\/#breadcrumb\"},\"inLanguage\":\"ca\",\"potentialAction\":[{\"@type\":\"ReadAction\",\"target\":[\"https:\\\/\\\/eoc.cat\\\/ca\\\/trastorns-alimentaris-infantils\\\/\"]}]},{\"@type\":\"ImageObject\",\"inLanguage\":\"ca\",\"@id\":\"https:\\\/\\\/eoc.cat\\\/ca\\\/trastorns-alimentaris-infantils\\\/#primaryimage\",\"url\":\"https:\\\/\\\/eoc.cat\\\/wp-content\\\/uploads\\\/2018\\\/03\\\/trastornos-alimenticios-infantiles.jpg\",\"contentUrl\":\"https:\\\/\\\/eoc.cat\\\/wp-content\\\/uploads\\\/2018\\\/03\\\/trastornos-alimenticios-infantiles.jpg\",\"width\":810,\"height\":513},{\"@type\":\"BreadcrumbList\",\"@id\":\"https:\\\/\\\/eoc.cat\\\/ca\\\/trastorns-alimentaris-infantils\\\/#breadcrumb\",\"itemListElement\":[{\"@type\":\"ListItem\",\"position\":1,\"name\":\"Portada\",\"item\":\"https:\\\/\\\/eoc.cat\\\/ca\\\/\"},{\"@type\":\"ListItem\",\"position\":2,\"name\":\"Trastorns alimentaris infantils. Qu\u00e8 he de saber?\"}]},{\"@type\":\"WebSite\",\"@id\":\"https:\\\/\\\/eoc.cat\\\/#website\",\"url\":\"https:\\\/\\\/eoc.cat\\\/\",\"name\":\"Escola d'Oficis Catalunya\",\"description\":\"Escuela de formaci\u00f3n profesional para adultos y j\u00f3venes\",\"publisher\":{\"@id\":\"https:\\\/\\\/eoc.cat\\\/#organization\"},\"alternateName\":\"EOC\",\"potentialAction\":[{\"@type\":\"SearchAction\",\"target\":{\"@type\":\"EntryPoint\",\"urlTemplate\":\"https:\\\/\\\/eoc.cat\\\/?s={search_term_string}\"},\"query-input\":{\"@type\":\"PropertyValueSpecification\",\"valueRequired\":true,\"valueName\":\"search_term_string\"}}],\"inLanguage\":\"ca\"},{\"@type\":\"Organization\",\"@id\":\"https:\\\/\\\/eoc.cat\\\/#organization\",\"name\":\"Escola d'Oficis Catalunya\",\"alternateName\":\"EOC\",\"url\":\"https:\\\/\\\/eoc.cat\\\/\",\"logo\":{\"@type\":\"ImageObject\",\"inLanguage\":\"ca\",\"@id\":\"https:\\\/\\\/eoc.cat\\\/#\\\/schema\\\/logo\\\/image\\\/\",\"url\":\"https:\\\/\\\/eoc.cat\\\/wp-content\\\/uploads\\\/2020\\\/12\\\/eoc-logotipo.png\",\"contentUrl\":\"https:\\\/\\\/eoc.cat\\\/wp-content\\\/uploads\\\/2020\\\/12\\\/eoc-logotipo.png\",\"width\":274,\"height\":118,\"caption\":\"Escola d'Oficis Catalunya\"},\"image\":{\"@id\":\"https:\\\/\\\/eoc.cat\\\/#\\\/schema\\\/logo\\\/image\\\/\"},\"sameAs\":[\"https:\\\/\\\/www.facebook.com\\\/EscoladOficisCatalunya\",\"https:\\\/\\\/x.com\\\/escoficat\",\"https:\\\/\\\/www.instagram.com\\\/escoladoficiscatalunya\\\/\",\"https:\\\/\\\/www.linkedin.com\\\/school\\\/escoladoficiscatalunya\\\/\",\"https:\\\/\\\/www.youtube.com\\\/channel\\\/UC_HLShkY7t1pf1CrXPw-gRQ\"]},{\"@type\":\"Person\",\"@id\":\"https:\\\/\\\/eoc.cat\\\/#\\\/schema\\\/person\\\/702649fa6e82a790042399ed7f67f79f\",\"name\":\"EOC\",\"image\":{\"@type\":\"ImageObject\",\"inLanguage\":\"ca\",\"@id\":\"https:\\\/\\\/secure.gravatar.com\\\/avatar\\\/db655658f91923a915562a010af881cf03bb56574b7e1241e9fa9ab684c7a9d0?s=96&r=g\",\"url\":\"https:\\\/\\\/secure.gravatar.com\\\/avatar\\\/db655658f91923a915562a010af881cf03bb56574b7e1241e9fa9ab684c7a9d0?s=96&r=g\",\"contentUrl\":\"https:\\\/\\\/secure.gravatar.com\\\/avatar\\\/db655658f91923a915562a010af881cf03bb56574b7e1241e9fa9ab684c7a9d0?s=96&r=g\",\"caption\":\"EOC\"},\"url\":\"https:\\\/\\\/eoc.cat\\\/ca\\\/author\\\/e0c93k1lk3\\\/\"}]}<\/script>\n<!-- \/ Yoast SEO plugin. -->","yoast_head_json":{"title":"Trastorns alimentaris infantils. Qu\u00e8 he de saber? | EOC","description":"Definim part dels trastorns alimentaris infantils i en preadolescents. La bul\u00edmia o l'anor\u00e8xia s\u00f3n els m\u00e9s coneguts, per\u00f2 no els \u00fanics.","robots":{"index":"index","follow":"follow","max-snippet":"max-snippet:-1","max-image-preview":"max-image-preview:large","max-video-preview":"max-video-preview:-1"},"canonical":"https:\/\/eoc.cat\/ca\/trastorns-alimentaris-infantils\/","og_locale":"ca_ES","og_type":"article","og_title":"Trastorns alimentaris infantils. Qu\u00e8 he de saber? | EOC","og_description":"Definim part dels trastorns alimentaris infantils i en preadolescents. La bul\u00edmia o l'anor\u00e8xia s\u00f3n els m\u00e9s coneguts, per\u00f2 no els \u00fanics.","og_url":"https:\/\/eoc.cat\/ca\/trastorns-alimentaris-infantils\/","og_site_name":"Escola d&#039;Oficis Catalunya","article_publisher":"https:\/\/www.facebook.com\/EscoladOficisCatalunya","article_published_time":"2018-03-05T11:58:06+00:00","article_modified_time":"2022-02-17T09:52:17+00:00","og_image":[{"width":810,"height":513,"url":"https:\/\/eoc.cat\/wp-content\/uploads\/2018\/03\/trastornos-alimenticios-infantiles.jpg","type":"image\/jpeg"}],"author":"EOC","twitter_card":"summary_large_image","twitter_title":"Trastorns alimentaris infantils. Qu\u00e8 he de saber? | EOC","twitter_description":"Definim part dels trastorns alimentaris infantils i en preadolescents. La bul\u00edmia o l'anor\u00e8xia s\u00f3n els m\u00e9s coneguts, per\u00f2 no els \u00fanics.","twitter_image":"https:\/\/eoc.cat\/wp-content\/uploads\/2018\/03\/trastornos-alimenticios-infantiles.jpg","twitter_creator":"@escoficat","twitter_site":"@escoficat","schema":{"@context":"https:\/\/schema.org","@graph":[{"@type":"Article","@id":"https:\/\/eoc.cat\/ca\/trastorns-alimentaris-infantils\/#article","isPartOf":{"@id":"https:\/\/eoc.cat\/ca\/trastorns-alimentaris-infantils\/"},"author":{"name":"EOC","@id":"https:\/\/eoc.cat\/#\/schema\/person\/702649fa6e82a790042399ed7f67f79f"},"headline":"Trastorns alimentaris infantils. Qu\u00e8 he de saber?","datePublished":"2018-03-05T11:58:06+00:00","dateModified":"2022-02-17T09:52:17+00:00","mainEntityOfPage":{"@id":"https:\/\/eoc.cat\/ca\/trastorns-alimentaris-infantils\/"},"wordCount":1248,"commentCount":0,"publisher":{"@id":"https:\/\/eoc.cat\/#organization"},"image":{"@id":"https:\/\/eoc.cat\/ca\/trastorns-alimentaris-infantils\/#primaryimage"},"thumbnailUrl":"https:\/\/eoc.cat\/wp-content\/uploads\/2018\/03\/trastornos-alimenticios-infantiles.jpg","keywords":["educaci\u00f3 infantil","llar d'infants"],"articleSection":["Educaci\u00f3 infantil","Llar d'infants"],"inLanguage":"ca","potentialAction":[{"@type":"CommentAction","name":"Comment","target":["https:\/\/eoc.cat\/ca\/trastorns-alimentaris-infantils\/#respond"]}]},{"@type":"WebPage","@id":"https:\/\/eoc.cat\/ca\/trastorns-alimentaris-infantils\/","url":"https:\/\/eoc.cat\/ca\/trastorns-alimentaris-infantils\/","name":"Trastorns alimentaris infantils. Qu\u00e8 he de saber? | EOC","isPartOf":{"@id":"https:\/\/eoc.cat\/#website"},"primaryImageOfPage":{"@id":"https:\/\/eoc.cat\/ca\/trastorns-alimentaris-infantils\/#primaryimage"},"image":{"@id":"https:\/\/eoc.cat\/ca\/trastorns-alimentaris-infantils\/#primaryimage"},"thumbnailUrl":"https:\/\/eoc.cat\/wp-content\/uploads\/2018\/03\/trastornos-alimenticios-infantiles.jpg","datePublished":"2018-03-05T11:58:06+00:00","dateModified":"2022-02-17T09:52:17+00:00","description":"Definim part dels trastorns alimentaris infantils i en preadolescents. La bul\u00edmia o l'anor\u00e8xia s\u00f3n els m\u00e9s coneguts, per\u00f2 no els \u00fanics.","breadcrumb":{"@id":"https:\/\/eoc.cat\/ca\/trastorns-alimentaris-infantils\/#breadcrumb"},"inLanguage":"ca","potentialAction":[{"@type":"ReadAction","target":["https:\/\/eoc.cat\/ca\/trastorns-alimentaris-infantils\/"]}]},{"@type":"ImageObject","inLanguage":"ca","@id":"https:\/\/eoc.cat\/ca\/trastorns-alimentaris-infantils\/#primaryimage","url":"https:\/\/eoc.cat\/wp-content\/uploads\/2018\/03\/trastornos-alimenticios-infantiles.jpg","contentUrl":"https:\/\/eoc.cat\/wp-content\/uploads\/2018\/03\/trastornos-alimenticios-infantiles.jpg","width":810,"height":513},{"@type":"BreadcrumbList","@id":"https:\/\/eoc.cat\/ca\/trastorns-alimentaris-infantils\/#breadcrumb","itemListElement":[{"@type":"ListItem","position":1,"name":"Portada","item":"https:\/\/eoc.cat\/ca\/"},{"@type":"ListItem","position":2,"name":"Trastorns alimentaris infantils. Qu\u00e8 he de saber?"}]},{"@type":"WebSite","@id":"https:\/\/eoc.cat\/#website","url":"https:\/\/eoc.cat\/","name":"Escola d'Oficis Catalunya","description":"Escuela de formaci\u00f3n profesional para adultos y j\u00f3venes","publisher":{"@id":"https:\/\/eoc.cat\/#organization"},"alternateName":"EOC","potentialAction":[{"@type":"SearchAction","target":{"@type":"EntryPoint","urlTemplate":"https:\/\/eoc.cat\/?s={search_term_string}"},"query-input":{"@type":"PropertyValueSpecification","valueRequired":true,"valueName":"search_term_string"}}],"inLanguage":"ca"},{"@type":"Organization","@id":"https:\/\/eoc.cat\/#organization","name":"Escola d'Oficis Catalunya","alternateName":"EOC","url":"https:\/\/eoc.cat\/","logo":{"@type":"ImageObject","inLanguage":"ca","@id":"https:\/\/eoc.cat\/#\/schema\/logo\/image\/","url":"https:\/\/eoc.cat\/wp-content\/uploads\/2020\/12\/eoc-logotipo.png","contentUrl":"https:\/\/eoc.cat\/wp-content\/uploads\/2020\/12\/eoc-logotipo.png","width":274,"height":118,"caption":"Escola d'Oficis Catalunya"},"image":{"@id":"https:\/\/eoc.cat\/#\/schema\/logo\/image\/"},"sameAs":["https:\/\/www.facebook.com\/EscoladOficisCatalunya","https:\/\/x.com\/escoficat","https:\/\/www.instagram.com\/escoladoficiscatalunya\/","https:\/\/www.linkedin.com\/school\/escoladoficiscatalunya\/","https:\/\/www.youtube.com\/channel\/UC_HLShkY7t1pf1CrXPw-gRQ"]},{"@type":"Person","@id":"https:\/\/eoc.cat\/#\/schema\/person\/702649fa6e82a790042399ed7f67f79f","name":"EOC","image":{"@type":"ImageObject","inLanguage":"ca","@id":"https:\/\/secure.gravatar.com\/avatar\/db655658f91923a915562a010af881cf03bb56574b7e1241e9fa9ab684c7a9d0?s=96&r=g","url":"https:\/\/secure.gravatar.com\/avatar\/db655658f91923a915562a010af881cf03bb56574b7e1241e9fa9ab684c7a9d0?s=96&r=g","contentUrl":"https:\/\/secure.gravatar.com\/avatar\/db655658f91923a915562a010af881cf03bb56574b7e1241e9fa9ab684c7a9d0?s=96&r=g","caption":"EOC"},"url":"https:\/\/eoc.cat\/ca\/author\/e0c93k1lk3\/"}]}},"_links":{"self":[{"href":"https:\/\/eoc.cat\/ca\/wp-json\/wp\/v2\/posts\/10938","targetHints":{"allow":["GET"]}}],"collection":[{"href":"https:\/\/eoc.cat\/ca\/wp-json\/wp\/v2\/posts"}],"about":[{"href":"https:\/\/eoc.cat\/ca\/wp-json\/wp\/v2\/types\/post"}],"author":[{"embeddable":true,"href":"https:\/\/eoc.cat\/ca\/wp-json\/wp\/v2\/users\/7"}],"replies":[{"embeddable":true,"href":"https:\/\/eoc.cat\/ca\/wp-json\/wp\/v2\/comments?post=10938"}],"version-history":[{"count":2,"href":"https:\/\/eoc.cat\/ca\/wp-json\/wp\/v2\/posts\/10938\/revisions"}],"predecessor-version":[{"id":10941,"href":"https:\/\/eoc.cat\/ca\/wp-json\/wp\/v2\/posts\/10938\/revisions\/10941"}],"wp:featuredmedia":[{"embeddable":true,"href":"https:\/\/eoc.cat\/ca\/wp-json\/wp\/v2\/media\/10939"}],"wp:attachment":[{"href":"https:\/\/eoc.cat\/ca\/wp-json\/wp\/v2\/media?parent=10938"}],"wp:term":[{"taxonomy":"category","embeddable":true,"href":"https:\/\/eoc.cat\/ca\/wp-json\/wp\/v2\/categories?post=10938"},{"taxonomy":"post_tag","embeddable":true,"href":"https:\/\/eoc.cat\/ca\/wp-json\/wp\/v2\/tags?post=10938"}],"curies":[{"name":"wp","href":"https:\/\/api.w.org\/{rel}","templated":true}]}}