{"id":11074,"date":"2017-02-19T19:35:59","date_gmt":"2017-02-19T18:35:59","guid":{"rendered":"https:\/\/eoc.cat\/pacientes-dependientes-comunicacion\/"},"modified":"2022-02-17T10:52:13","modified_gmt":"2022-02-17T09:52:13","slug":"pacients-dependents-comunicacio","status":"publish","type":"post","link":"https:\/\/eoc.cat\/ca\/pacients-dependents-comunicacio\/","title":{"rendered":"Pacients dependents. Aplicar la psicologia i la comunicaci\u00f3."},"content":{"rendered":"<p>En aquest article parlarem de la import\u00e0ncia de la comunicaci\u00f3 i la psicologia com a treballadors de l&#8217;Atenci\u00f3 Sociosanit\u00e0ria a pacients dependents. Com a professionals de la salut immersos en una relaci\u00f3 d\u2019ajuda i atenci\u00f3 a persones dependents, haurem d\u2019atendre a determinades necessitats f\u00edsiques i cures especialitzades. Alhora incloure l&#8217;\u00e0rea psicol\u00f2gica, social i emocional de l&#8217;usuari, per a aix\u00f2 ser\u00e0 imprescindible una bona comunicaci\u00f3.<\/p>\n<h2>Habilitats comunicatives amb els pacients dependents.<\/h2>\n<p>Per aconseguir una bona comunicaci\u00f3 amb els pacients dependents haurem de fer servir unes caracter\u00edstiques i habilitats comunicacionals. Entre elles, les m\u00e9s destacades seran:<\/p>\n<ul>\n<li>Claredat: la informaci\u00f3 s&#8217;ha de transmetre de manera clara, concisa, directa i sense argumentacions excessives.<\/li>\n<li>Senzillesa: les frases emprades per transmetre el missatge han de ser curtes (per\u00f2 deixant clar el nucli del missatge). Adaptar el nostre vocabulari al nivell sociocultural dels pacients amb depend\u00e8ncia.<\/li>\n<li>Atenci\u00f3: ser\u00e0 b\u00e0sic tant per al receptor (per a una comprensi\u00f3 i retenci\u00f3 del missatge adequada), com per a l&#8217;emissor (per determinar si el missatge est\u00e0 sent rebut i compr\u00e8s adequadament).<\/li>\n<li>Empatia: capacitat per comprendre els pacients dependents en les seves preocupacions cognitives i emocionals. \u00c9s important ser capa\u00e7 de transmetre a l&#8217;altra persona aquesta comprensi\u00f3.<\/li>\n<li>Escolta activa: una s\u00e8rie de comportaments i actituds que preparen el receptor a escoltar, a concentrar-se en la persona que parla ia proporcionar respostes (feedback). Destacar l&#8217;escolta emp\u00e0tica, els silencis instrumentals, deixar parlar i la baixa reactivitat verbal.<\/li>\n<li>Assertivitat: un comportament comunicacional en qu\u00e8 la persona no agredeix ni se sotmet a la voluntat d&#8217;altres persones, sin\u00f3 que manifesta les seves conviccions i defensa els seus drets.<\/li>\n<li>Llenguatge no verbal: definida com qualsevol tipus de conducta humana, conscient i inconscient, que es pot interpretar com a portadora d&#8217;informaci\u00f3. Serveix de suport i complementa la comunicaci\u00f3 verbal.<\/li>\n<\/ul>\n<h2>Actituds del professional de l\u2019Atenci\u00f3 Sociosanit\u00e0ria a persones dependents.<\/h2>\n<p>Aix\u00ed mateix, altres caracter\u00edstiques fonamentals en el desenvolupament duna comunicaci\u00f3 efica\u00e7 seran les actituds mostrades pel professional. Aix\u00ed com el maneig de les verbalitzacions.<\/p>\n<p>Entre les actituds m\u00e9s importants podem destacar:<\/p>\n<ul>\n<li>Calidesa: \u00e9s una actitud que es manifesta mitjan\u00e7ant la proximitat, la postura, els gestos, els refor\u00e7os verbals i d&#8217;altres conductes indicadores d&#8217;acceptaci\u00f3. Implica, doncs, el llenguatge verbal i no verbal.<\/li>\n<li>Compet\u00e8ncia: l&#8217;usuari\/\u00e0ria dependent ha de rebre missatges que us assegurin que est\u00e0 sent tractat i at\u00e8s per un expert. Mantindrem un discurs marcat pel coneixement professional.<\/li>\n<li>Flexibilitat i toler\u00e0ncia: el cuidador sociosanitari ha de saber respondre davant de situacions imprevistes. Per exemple, davant d&#8217;un pacient que es descompensa emocionalment i insulti el cuidador.<\/li>\n<li>Honestedat i \u00e8tica professional: es tracta que el cuidador treballi sent coherent amb els principis, els valors, el model te\u00f2ric i pr\u00e0ctic i les normes deontol\u00f2giques que regulen la seva activitat professional.<\/li>\n<\/ul>\n<p>Pel que fa al maneig de les verbalitzacions podem classificar-les en dues:<\/p>\n<p>Estrat\u00e8gies per facilitar l\u2019activitat narrativa de l\u2019usuari i mantenir una comunicaci\u00f3 fluida. Com s\u00f3n la t\u00e8cnica especular, donar-li la paraula, comentaris confirmatoris, parafrasejar, recapitulaci\u00f3 i s\u00edntesi.<\/p>\n<p>Estrat\u00e8gies en la manera de fer preguntes: preguntes estructurades, semiestructures i tancades, aclaridores, etc.<\/p>\n<p>Totes les caracter\u00edstiques, habilitats i actituds anteriorment descrites ser\u00e0 imprescindible que s&#8217;adeq\u00fcin i s&#8217;adaptin a determinades variables de l&#8217;usuari-pacient. Parlem del nivell sociocultural, els trets personalitat o les habilitats cognitives dels pacients dependents.<\/p>\n<h2>Beneficis de bona comunicaci\u00f3 amb el pacient.<\/h2>\n<p>Podem afirmar que si mantenim una comunicaci\u00f3 adequada amb el pacient, seguint els par\u00e0metres anteriorment descrits, obtindrem una s\u00e8rie de beneficis:<\/p>\n<ul>\n<li>Propiciar una interacci\u00f3 relacional genu\u00efna, intensa i \u00fanica.<\/li>\n<li>Afavorir l&#8217;establiment d&#8217;un clima de treball emocionalment c\u00e0lid, relaxat i dist\u00e8s.<\/li>\n<li>Facilita que el pacient parli amb confian\u00e7a i amb la seguretat de ser respectat, compr\u00e8s i acceptat. Aix\u00f2 ajudar\u00e0 enormement que ens verbalitzi les seves necessitats, tant f\u00edsiques, emocionals com de qualsevol altre \u00edndole.<\/li>\n<li>Que aconseguim con\u00e8ixer millor els nostres pacients. I, amb aix\u00f2, ser m\u00e9s sensibles i receptius a les vostres necessitats, fins i tot arribant a poder anticipar-les i millorar aix\u00ed les nostres cures.<\/li>\n<li>Aconseguir donar un suport adequat a l&#8217;\u00e0mbit socioemocional, cognitiu i f\u00edsic. Estarem en condicions d&#8217;oferir unes cures integrals i de qualitat.<\/li>\n<\/ul>\n<p>Escrit per: Manuel Arturo Rodr\u00edguez Rey, \u00e9s Llicenciat en psicologia cl\u00ednica per la UNED i Postgraduat en Psicologia Cl\u00ednica per la U.B. Col\u00b7labora com a ponent a les xerrades als alumnes del <a href=\"http:\/\/eoc.cat\/atencion-sociosanitaria\/\">Certificat de Professionalitat en Atenci\u00f3 Sociosanit\u00e0ria a Persones Dependents en Institucions Socials.<\/a><\/p>\n","protected":false},"excerpt":{"rendered":"<p>En aquest article parlarem de la import\u00e0ncia de la comunicaci\u00f3 i la psicologia com a treballadors de l&#8217;Atenci\u00f3 Sociosanit\u00e0ria a pacients dependents. Com a professionals de la salut immersos en una relaci\u00f3 d\u2019ajuda i atenci\u00f3 a persones dependents, haurem d\u2019atendre a determinades necessitats f\u00edsiques i cures especialitzades. Alhora incloure l&#8217;\u00e0rea psicol\u00f2gica, social i emocional de [&hellip;]<\/p>\n","protected":false},"author":7,"featured_media":11075,"comment_status":"open","ping_status":"open","sticky":false,"template":"","format":"standard","meta":{"_et_pb_use_builder":"","_et_pb_old_content":"","_et_gb_content_width":"","footnotes":""},"categories":[83],"tags":[118],"class_list":["post-11074","post","type-post","status-publish","format-standard","has-post-thumbnail","hentry","category-atencio-sociosanitaria","tag-formacio-professional"],"yoast_head":"<!-- This site is optimized with the Yoast SEO plugin v27.5 - https:\/\/yoast.com\/product\/yoast-seo-wordpress\/ -->\n<title>Pacients dependents. Aplicar la psicologia i la comunicaci\u00f3.<\/title>\n<meta name=\"description\" content=\"Aplicar la psicologia i la comunicaci\u00f3 amb pacients dependents \u00e9s b\u00e0sic per a un cuidador o professional de l&#039;atenci\u00f3 sociosanit\u00e0ria.\" \/>\n<meta name=\"robots\" content=\"index, follow, max-snippet:-1, max-image-preview:large, max-video-preview:-1\" \/>\n<link rel=\"canonical\" href=\"https:\/\/eoc.cat\/ca\/pacients-dependents-comunicacio\/\" \/>\n<meta property=\"og:locale\" content=\"ca_ES\" \/>\n<meta property=\"og:type\" content=\"article\" \/>\n<meta property=\"og:title\" content=\"Pacients dependents. Aplicar la psicologia i la comunicaci\u00f3.\" \/>\n<meta property=\"og:description\" content=\"Aplicar la psicologia i la comunicaci\u00f3 amb pacients dependents \u00e9s b\u00e0sic per a un cuidador o professional de l&#039;atenci\u00f3 sociosanit\u00e0ria.\" \/>\n<meta property=\"og:url\" content=\"https:\/\/eoc.cat\/ca\/pacients-dependents-comunicacio\/\" \/>\n<meta property=\"og:site_name\" content=\"Escola d&#039;Oficis Catalunya\" \/>\n<meta property=\"article:publisher\" content=\"https:\/\/www.facebook.com\/EscoladOficisCatalunya\" \/>\n<meta property=\"article:published_time\" content=\"2017-02-19T18:35:59+00:00\" \/>\n<meta property=\"article:modified_time\" content=\"2022-02-17T09:52:13+00:00\" \/>\n<meta property=\"og:image\" content=\"https:\/\/eoc.cat\/wp-content\/uploads\/2017\/02\/pacientes-dependientes.jpg\" \/>\n\t<meta property=\"og:image:width\" content=\"810\" \/>\n\t<meta property=\"og:image:height\" content=\"540\" \/>\n\t<meta property=\"og:image:type\" content=\"image\/jpeg\" \/>\n<meta name=\"author\" content=\"EOC\" \/>\n<meta name=\"twitter:card\" content=\"summary_large_image\" \/>\n<meta name=\"twitter:title\" content=\"Pacients dependents. Aplicar la psicologia i la comunicaci\u00f3.\" \/>\n<meta name=\"twitter:description\" content=\"Aplicar la psicologia i la comunicaci\u00f3 amb pacients dependents \u00e9s b\u00e0sic per a un cuidador o professional de l&#039;atenci\u00f3 sociosanit\u00e0ria.\" \/>\n<meta name=\"twitter:image\" content=\"https:\/\/eoc.cat\/wp-content\/uploads\/2017\/02\/pacientes-dependientes.jpg\" \/>\n<meta name=\"twitter:creator\" content=\"@escoficat\" \/>\n<meta name=\"twitter:site\" content=\"@escoficat\" \/>\n<script type=\"application\/ld+json\" class=\"yoast-schema-graph\">{\"@context\":\"https:\\\/\\\/schema.org\",\"@graph\":[{\"@type\":\"Article\",\"@id\":\"https:\\\/\\\/eoc.cat\\\/ca\\\/pacients-dependents-comunicacio\\\/#article\",\"isPartOf\":{\"@id\":\"https:\\\/\\\/eoc.cat\\\/ca\\\/pacients-dependents-comunicacio\\\/\"},\"author\":{\"name\":\"EOC\",\"@id\":\"https:\\\/\\\/eoc.cat\\\/#\\\/schema\\\/person\\\/702649fa6e82a790042399ed7f67f79f\"},\"headline\":\"Pacients dependents. Aplicar la psicologia i la comunicaci\u00f3.\",\"datePublished\":\"2017-02-19T18:35:59+00:00\",\"dateModified\":\"2022-02-17T09:52:13+00:00\",\"mainEntityOfPage\":{\"@id\":\"https:\\\/\\\/eoc.cat\\\/ca\\\/pacients-dependents-comunicacio\\\/\"},\"wordCount\":789,\"commentCount\":0,\"publisher\":{\"@id\":\"https:\\\/\\\/eoc.cat\\\/#organization\"},\"image\":{\"@id\":\"https:\\\/\\\/eoc.cat\\\/ca\\\/pacients-dependents-comunicacio\\\/#primaryimage\"},\"thumbnailUrl\":\"https:\\\/\\\/eoc.cat\\\/wp-content\\\/uploads\\\/2017\\\/02\\\/pacientes-dependientes.jpg\",\"keywords\":[\"formaci\u00f3 professional\"],\"articleSection\":[\"Atenci\u00f3 sociosanit\u00e0ria\"],\"inLanguage\":\"ca\",\"potentialAction\":[{\"@type\":\"CommentAction\",\"name\":\"Comment\",\"target\":[\"https:\\\/\\\/eoc.cat\\\/ca\\\/pacients-dependents-comunicacio\\\/#respond\"]}]},{\"@type\":\"WebPage\",\"@id\":\"https:\\\/\\\/eoc.cat\\\/ca\\\/pacients-dependents-comunicacio\\\/\",\"url\":\"https:\\\/\\\/eoc.cat\\\/ca\\\/pacients-dependents-comunicacio\\\/\",\"name\":\"Pacients dependents. Aplicar la psicologia i la comunicaci\u00f3.\",\"isPartOf\":{\"@id\":\"https:\\\/\\\/eoc.cat\\\/#website\"},\"primaryImageOfPage\":{\"@id\":\"https:\\\/\\\/eoc.cat\\\/ca\\\/pacients-dependents-comunicacio\\\/#primaryimage\"},\"image\":{\"@id\":\"https:\\\/\\\/eoc.cat\\\/ca\\\/pacients-dependents-comunicacio\\\/#primaryimage\"},\"thumbnailUrl\":\"https:\\\/\\\/eoc.cat\\\/wp-content\\\/uploads\\\/2017\\\/02\\\/pacientes-dependientes.jpg\",\"datePublished\":\"2017-02-19T18:35:59+00:00\",\"dateModified\":\"2022-02-17T09:52:13+00:00\",\"description\":\"Aplicar la psicologia i la comunicaci\u00f3 amb pacients dependents \u00e9s b\u00e0sic per a un cuidador o professional de l'atenci\u00f3 sociosanit\u00e0ria.\",\"breadcrumb\":{\"@id\":\"https:\\\/\\\/eoc.cat\\\/ca\\\/pacients-dependents-comunicacio\\\/#breadcrumb\"},\"inLanguage\":\"ca\",\"potentialAction\":[{\"@type\":\"ReadAction\",\"target\":[\"https:\\\/\\\/eoc.cat\\\/ca\\\/pacients-dependents-comunicacio\\\/\"]}]},{\"@type\":\"ImageObject\",\"inLanguage\":\"ca\",\"@id\":\"https:\\\/\\\/eoc.cat\\\/ca\\\/pacients-dependents-comunicacio\\\/#primaryimage\",\"url\":\"https:\\\/\\\/eoc.cat\\\/wp-content\\\/uploads\\\/2017\\\/02\\\/pacientes-dependientes.jpg\",\"contentUrl\":\"https:\\\/\\\/eoc.cat\\\/wp-content\\\/uploads\\\/2017\\\/02\\\/pacientes-dependientes.jpg\",\"width\":810,\"height\":540},{\"@type\":\"BreadcrumbList\",\"@id\":\"https:\\\/\\\/eoc.cat\\\/ca\\\/pacients-dependents-comunicacio\\\/#breadcrumb\",\"itemListElement\":[{\"@type\":\"ListItem\",\"position\":1,\"name\":\"Portada\",\"item\":\"https:\\\/\\\/eoc.cat\\\/ca\\\/\"},{\"@type\":\"ListItem\",\"position\":2,\"name\":\"Pacients dependents. Aplicar la psicologia i la comunicaci\u00f3.\"}]},{\"@type\":\"WebSite\",\"@id\":\"https:\\\/\\\/eoc.cat\\\/#website\",\"url\":\"https:\\\/\\\/eoc.cat\\\/\",\"name\":\"Escola d'Oficis Catalunya\",\"description\":\"Escuela de formaci\u00f3n profesional para adultos y j\u00f3venes\",\"publisher\":{\"@id\":\"https:\\\/\\\/eoc.cat\\\/#organization\"},\"alternateName\":\"EOC\",\"potentialAction\":[{\"@type\":\"SearchAction\",\"target\":{\"@type\":\"EntryPoint\",\"urlTemplate\":\"https:\\\/\\\/eoc.cat\\\/?s={search_term_string}\"},\"query-input\":{\"@type\":\"PropertyValueSpecification\",\"valueRequired\":true,\"valueName\":\"search_term_string\"}}],\"inLanguage\":\"ca\"},{\"@type\":\"Organization\",\"@id\":\"https:\\\/\\\/eoc.cat\\\/#organization\",\"name\":\"Escola d'Oficis Catalunya\",\"alternateName\":\"EOC\",\"url\":\"https:\\\/\\\/eoc.cat\\\/\",\"logo\":{\"@type\":\"ImageObject\",\"inLanguage\":\"ca\",\"@id\":\"https:\\\/\\\/eoc.cat\\\/#\\\/schema\\\/logo\\\/image\\\/\",\"url\":\"https:\\\/\\\/eoc.cat\\\/wp-content\\\/uploads\\\/2020\\\/12\\\/eoc-logotipo.png\",\"contentUrl\":\"https:\\\/\\\/eoc.cat\\\/wp-content\\\/uploads\\\/2020\\\/12\\\/eoc-logotipo.png\",\"width\":274,\"height\":118,\"caption\":\"Escola d'Oficis Catalunya\"},\"image\":{\"@id\":\"https:\\\/\\\/eoc.cat\\\/#\\\/schema\\\/logo\\\/image\\\/\"},\"sameAs\":[\"https:\\\/\\\/www.facebook.com\\\/EscoladOficisCatalunya\",\"https:\\\/\\\/x.com\\\/escoficat\",\"https:\\\/\\\/www.instagram.com\\\/escoladoficiscatalunya\\\/\",\"https:\\\/\\\/www.linkedin.com\\\/school\\\/escoladoficiscatalunya\\\/\",\"https:\\\/\\\/www.youtube.com\\\/channel\\\/UC_HLShkY7t1pf1CrXPw-gRQ\"]},{\"@type\":\"Person\",\"@id\":\"https:\\\/\\\/eoc.cat\\\/#\\\/schema\\\/person\\\/702649fa6e82a790042399ed7f67f79f\",\"name\":\"EOC\",\"image\":{\"@type\":\"ImageObject\",\"inLanguage\":\"ca\",\"@id\":\"https:\\\/\\\/secure.gravatar.com\\\/avatar\\\/db655658f91923a915562a010af881cf03bb56574b7e1241e9fa9ab684c7a9d0?s=96&r=g\",\"url\":\"https:\\\/\\\/secure.gravatar.com\\\/avatar\\\/db655658f91923a915562a010af881cf03bb56574b7e1241e9fa9ab684c7a9d0?s=96&r=g\",\"contentUrl\":\"https:\\\/\\\/secure.gravatar.com\\\/avatar\\\/db655658f91923a915562a010af881cf03bb56574b7e1241e9fa9ab684c7a9d0?s=96&r=g\",\"caption\":\"EOC\"},\"url\":\"https:\\\/\\\/eoc.cat\\\/ca\\\/author\\\/e0c93k1lk3\\\/\"}]}<\/script>\n<!-- \/ Yoast SEO plugin. -->","yoast_head_json":{"title":"Pacients dependents. Aplicar la psicologia i la comunicaci\u00f3.","description":"Aplicar la psicologia i la comunicaci\u00f3 amb pacients dependents \u00e9s b\u00e0sic per a un cuidador o professional de l'atenci\u00f3 sociosanit\u00e0ria.","robots":{"index":"index","follow":"follow","max-snippet":"max-snippet:-1","max-image-preview":"max-image-preview:large","max-video-preview":"max-video-preview:-1"},"canonical":"https:\/\/eoc.cat\/ca\/pacients-dependents-comunicacio\/","og_locale":"ca_ES","og_type":"article","og_title":"Pacients dependents. Aplicar la psicologia i la comunicaci\u00f3.","og_description":"Aplicar la psicologia i la comunicaci\u00f3 amb pacients dependents \u00e9s b\u00e0sic per a un cuidador o professional de l'atenci\u00f3 sociosanit\u00e0ria.","og_url":"https:\/\/eoc.cat\/ca\/pacients-dependents-comunicacio\/","og_site_name":"Escola d&#039;Oficis Catalunya","article_publisher":"https:\/\/www.facebook.com\/EscoladOficisCatalunya","article_published_time":"2017-02-19T18:35:59+00:00","article_modified_time":"2022-02-17T09:52:13+00:00","og_image":[{"width":810,"height":540,"url":"https:\/\/eoc.cat\/wp-content\/uploads\/2017\/02\/pacientes-dependientes.jpg","type":"image\/jpeg"}],"author":"EOC","twitter_card":"summary_large_image","twitter_title":"Pacients dependents. Aplicar la psicologia i la comunicaci\u00f3.","twitter_description":"Aplicar la psicologia i la comunicaci\u00f3 amb pacients dependents \u00e9s b\u00e0sic per a un cuidador o professional de l'atenci\u00f3 sociosanit\u00e0ria.","twitter_image":"https:\/\/eoc.cat\/wp-content\/uploads\/2017\/02\/pacientes-dependientes.jpg","twitter_creator":"@escoficat","twitter_site":"@escoficat","schema":{"@context":"https:\/\/schema.org","@graph":[{"@type":"Article","@id":"https:\/\/eoc.cat\/ca\/pacients-dependents-comunicacio\/#article","isPartOf":{"@id":"https:\/\/eoc.cat\/ca\/pacients-dependents-comunicacio\/"},"author":{"name":"EOC","@id":"https:\/\/eoc.cat\/#\/schema\/person\/702649fa6e82a790042399ed7f67f79f"},"headline":"Pacients dependents. Aplicar la psicologia i la comunicaci\u00f3.","datePublished":"2017-02-19T18:35:59+00:00","dateModified":"2022-02-17T09:52:13+00:00","mainEntityOfPage":{"@id":"https:\/\/eoc.cat\/ca\/pacients-dependents-comunicacio\/"},"wordCount":789,"commentCount":0,"publisher":{"@id":"https:\/\/eoc.cat\/#organization"},"image":{"@id":"https:\/\/eoc.cat\/ca\/pacients-dependents-comunicacio\/#primaryimage"},"thumbnailUrl":"https:\/\/eoc.cat\/wp-content\/uploads\/2017\/02\/pacientes-dependientes.jpg","keywords":["formaci\u00f3 professional"],"articleSection":["Atenci\u00f3 sociosanit\u00e0ria"],"inLanguage":"ca","potentialAction":[{"@type":"CommentAction","name":"Comment","target":["https:\/\/eoc.cat\/ca\/pacients-dependents-comunicacio\/#respond"]}]},{"@type":"WebPage","@id":"https:\/\/eoc.cat\/ca\/pacients-dependents-comunicacio\/","url":"https:\/\/eoc.cat\/ca\/pacients-dependents-comunicacio\/","name":"Pacients dependents. Aplicar la psicologia i la comunicaci\u00f3.","isPartOf":{"@id":"https:\/\/eoc.cat\/#website"},"primaryImageOfPage":{"@id":"https:\/\/eoc.cat\/ca\/pacients-dependents-comunicacio\/#primaryimage"},"image":{"@id":"https:\/\/eoc.cat\/ca\/pacients-dependents-comunicacio\/#primaryimage"},"thumbnailUrl":"https:\/\/eoc.cat\/wp-content\/uploads\/2017\/02\/pacientes-dependientes.jpg","datePublished":"2017-02-19T18:35:59+00:00","dateModified":"2022-02-17T09:52:13+00:00","description":"Aplicar la psicologia i la comunicaci\u00f3 amb pacients dependents \u00e9s b\u00e0sic per a un cuidador o professional de l'atenci\u00f3 sociosanit\u00e0ria.","breadcrumb":{"@id":"https:\/\/eoc.cat\/ca\/pacients-dependents-comunicacio\/#breadcrumb"},"inLanguage":"ca","potentialAction":[{"@type":"ReadAction","target":["https:\/\/eoc.cat\/ca\/pacients-dependents-comunicacio\/"]}]},{"@type":"ImageObject","inLanguage":"ca","@id":"https:\/\/eoc.cat\/ca\/pacients-dependents-comunicacio\/#primaryimage","url":"https:\/\/eoc.cat\/wp-content\/uploads\/2017\/02\/pacientes-dependientes.jpg","contentUrl":"https:\/\/eoc.cat\/wp-content\/uploads\/2017\/02\/pacientes-dependientes.jpg","width":810,"height":540},{"@type":"BreadcrumbList","@id":"https:\/\/eoc.cat\/ca\/pacients-dependents-comunicacio\/#breadcrumb","itemListElement":[{"@type":"ListItem","position":1,"name":"Portada","item":"https:\/\/eoc.cat\/ca\/"},{"@type":"ListItem","position":2,"name":"Pacients dependents. Aplicar la psicologia i la comunicaci\u00f3."}]},{"@type":"WebSite","@id":"https:\/\/eoc.cat\/#website","url":"https:\/\/eoc.cat\/","name":"Escola d'Oficis Catalunya","description":"Escuela de formaci\u00f3n profesional para adultos y j\u00f3venes","publisher":{"@id":"https:\/\/eoc.cat\/#organization"},"alternateName":"EOC","potentialAction":[{"@type":"SearchAction","target":{"@type":"EntryPoint","urlTemplate":"https:\/\/eoc.cat\/?s={search_term_string}"},"query-input":{"@type":"PropertyValueSpecification","valueRequired":true,"valueName":"search_term_string"}}],"inLanguage":"ca"},{"@type":"Organization","@id":"https:\/\/eoc.cat\/#organization","name":"Escola d'Oficis Catalunya","alternateName":"EOC","url":"https:\/\/eoc.cat\/","logo":{"@type":"ImageObject","inLanguage":"ca","@id":"https:\/\/eoc.cat\/#\/schema\/logo\/image\/","url":"https:\/\/eoc.cat\/wp-content\/uploads\/2020\/12\/eoc-logotipo.png","contentUrl":"https:\/\/eoc.cat\/wp-content\/uploads\/2020\/12\/eoc-logotipo.png","width":274,"height":118,"caption":"Escola d'Oficis Catalunya"},"image":{"@id":"https:\/\/eoc.cat\/#\/schema\/logo\/image\/"},"sameAs":["https:\/\/www.facebook.com\/EscoladOficisCatalunya","https:\/\/x.com\/escoficat","https:\/\/www.instagram.com\/escoladoficiscatalunya\/","https:\/\/www.linkedin.com\/school\/escoladoficiscatalunya\/","https:\/\/www.youtube.com\/channel\/UC_HLShkY7t1pf1CrXPw-gRQ"]},{"@type":"Person","@id":"https:\/\/eoc.cat\/#\/schema\/person\/702649fa6e82a790042399ed7f67f79f","name":"EOC","image":{"@type":"ImageObject","inLanguage":"ca","@id":"https:\/\/secure.gravatar.com\/avatar\/db655658f91923a915562a010af881cf03bb56574b7e1241e9fa9ab684c7a9d0?s=96&r=g","url":"https:\/\/secure.gravatar.com\/avatar\/db655658f91923a915562a010af881cf03bb56574b7e1241e9fa9ab684c7a9d0?s=96&r=g","contentUrl":"https:\/\/secure.gravatar.com\/avatar\/db655658f91923a915562a010af881cf03bb56574b7e1241e9fa9ab684c7a9d0?s=96&r=g","caption":"EOC"},"url":"https:\/\/eoc.cat\/ca\/author\/e0c93k1lk3\/"}]}},"_links":{"self":[{"href":"https:\/\/eoc.cat\/ca\/wp-json\/wp\/v2\/posts\/11074","targetHints":{"allow":["GET"]}}],"collection":[{"href":"https:\/\/eoc.cat\/ca\/wp-json\/wp\/v2\/posts"}],"about":[{"href":"https:\/\/eoc.cat\/ca\/wp-json\/wp\/v2\/types\/post"}],"author":[{"embeddable":true,"href":"https:\/\/eoc.cat\/ca\/wp-json\/wp\/v2\/users\/7"}],"replies":[{"embeddable":true,"href":"https:\/\/eoc.cat\/ca\/wp-json\/wp\/v2\/comments?post=11074"}],"version-history":[{"count":2,"href":"https:\/\/eoc.cat\/ca\/wp-json\/wp\/v2\/posts\/11074\/revisions"}],"predecessor-version":[{"id":11077,"href":"https:\/\/eoc.cat\/ca\/wp-json\/wp\/v2\/posts\/11074\/revisions\/11077"}],"wp:featuredmedia":[{"embeddable":true,"href":"https:\/\/eoc.cat\/ca\/wp-json\/wp\/v2\/media\/11075"}],"wp:attachment":[{"href":"https:\/\/eoc.cat\/ca\/wp-json\/wp\/v2\/media?parent=11074"}],"wp:term":[{"taxonomy":"category","embeddable":true,"href":"https:\/\/eoc.cat\/ca\/wp-json\/wp\/v2\/categories?post=11074"},{"taxonomy":"post_tag","embeddable":true,"href":"https:\/\/eoc.cat\/ca\/wp-json\/wp\/v2\/tags?post=11074"}],"curies":[{"name":"wp","href":"https:\/\/api.w.org\/{rel}","templated":true}]}}