{"id":11079,"date":"2017-02-15T22:27:54","date_gmt":"2017-02-15T21:27:54","guid":{"rendered":"https:\/\/eoc.cat\/actividades-para-bebes-aptitudes-linguisticas\/"},"modified":"2022-02-17T10:52:12","modified_gmt":"2022-02-17T09:52:12","slug":"actividades-para-bebes-aptitudes-linguisticas","status":"publish","type":"post","link":"https:\/\/eoc.cat\/ca\/actividades-para-bebes-aptitudes-linguisticas\/","title":{"rendered":"Activitats per a nadons que estimulen les seves aptituds ling\u00fc\u00edstiques"},"content":{"rendered":"<p>Com se sol dir, els nadons s\u00f3n aut\u00e8ntiques \u201cesponges\u201d i en els seus primers mesos de vida es troben en ple desenvolupament cognitiu. Exploren el m\u00f3n que els envolta amb una curiositat i unes capacitats incre\u00efbles. Per\u00f2 mai no ve malament una mica d&#8217;ajuda no? Aix\u00ed que donar-los una petita empenta en la seva fase d&#8217;aprenentatge inicial mitjan\u00e7ant activitats per a nadons els ajudar\u00e0 a desenvolupar al m\u00e0xim una capacitat ja innata en ells.<\/p>\n<h2>Per qu\u00e8 \u00e9s important l\u2019estimulaci\u00f3 del nad\u00f3?<\/h2>\n<p>La primera inf\u00e0ncia \u00e9s una \u00e8poca sorprenent, tant per als nens com per als seus pares. Ser\u00e0 la base del desenvolupament cognitiu, socioafectiu, psicomotor i ling\u00fc\u00edstic. Durant aquesta etapa ampliaran les seves capacitats i aptituds de manera constant i gradual.<\/p>\n<p>Des del naixement, el nad\u00f3 mostra inter\u00e8s per tot all\u00f2 que l&#8217;envolta: toca, explora, descobreix&#8230; Els nadons miren fixament els objectes que s\u00f3n al seu camp de visi\u00f3. Assaboreixen tot el que s&#8217;introdueixen a la boca. Agafen objectes petits que cauen a les mans, etc. Als 6 mesos, faran tot el possible per assolir qualsevol objecte que els cridi l&#8217;atenci\u00f3. Al voltant de l&#8217;any ja es despla\u00e7aran per tota la casa explorant tots aquells espais on abans no podien arribar.<\/p>\n<p>Aquest fet \u00e9s fant\u00e0stic perqu\u00e8 vol dir que aprenen activament a partir de les experi\u00e8ncies. Utilitzen totes les seves habilitats per ampliar la comprensi\u00f3 sobre l&#8217;entorn que els envolta. I, amb l&#8217;estimulaci\u00f3 adequada, els pares, les mares i els educadors potenciaran el desenvolupament del nad\u00f3.<\/p>\n<h2>Aptituds ling\u00fc\u00edstiques del nad\u00f3 \u00a0de 0 a 12 mesos<\/h2>\n<p>Durant les primeres setmanes de vida (sis aproximadament), els nadons no podran emetre cap so identificable. Per\u00f2 s\u00ed que es podran comunicar a trav\u00e9s del plor i del llenguatge gestual: moviments de bra\u00e7os i cames, somriures, contacte visual, etc. Aix\u00ed expressaran les vostres necessitats: alimentaci\u00f3, son, higiene, dolor, etc.<\/p>\n<p>Cap als dos mesos el beb\u00e8 reacciona als sons i comen\u00e7a a vocalitzar, encara que no t\u00e9 significat.<\/p>\n<p>Cap als cinc mesos, gr\u00e0cies al fet que les seves cordes vocals, els m\u00fasculs de fonaci\u00f3 i la respiraci\u00f3 han madurat, el nad\u00f3 podr\u00e0 emetre una gamma de sons. L&#8217;emissi\u00f3 d&#8217;aquests sons de manera aleat\u00f2ria que el nad\u00f3 produir\u00e0 quan rebi les atencions d&#8217;un adult es coneix com a balboteig. Durant els mesos seg\u00fcents, el balboteig ser\u00e0 m\u00e9s controlat de manera que tindrem la sensaci\u00f3 que el nad\u00f3 participa de la conversa.<\/p>\n<p>Al voltant de l&#8217;any alguns nens i nenes ja han pronunciat la seva primera paraula de manera clara. En acabar l&#8217;any, el beb\u00e8 articular\u00e0 sons simulant una conversa.<\/p>\n<p><img loading=\"lazy\" decoding=\"async\" class=\"aligncenter wp-image-11080 size-full\" title=\"activitats per a nadons\" src=\"https:\/\/eoc.cat\/wp-content\/uploads\/2017\/02\/capacidades-linguisticas.jpg\" alt=\"activitats per a nadons\" width=\"810\" height=\"522\" srcset=\"https:\/\/eoc.cat\/wp-content\/uploads\/2017\/02\/capacidades-linguisticas.jpg 810w, https:\/\/eoc.cat\/wp-content\/uploads\/2017\/02\/capacidades-linguisticas-300x193.jpg 300w, https:\/\/eoc.cat\/wp-content\/uploads\/2017\/02\/capacidades-linguisticas-768x495.jpg 768w\" sizes=\"(max-width: 810px) 100vw, 810px\" \/><\/p>\n<h2>Activitats per a nadons per estimular les seves aptituds ling\u00fc\u00edstiques:<\/h2>\n<p>La millor manera d&#8217;estimular les aptituds ling\u00fc\u00edstiques del nad\u00f3 \u00e9s xerrar-hi. Sobre qu\u00e8? Doncs sobretot el que se&#8217;ns acudeixi mentre realitzem les rutines di\u00e0ries: banyar-lo, alimentar-lo, etc.<\/p>\n<p>Deixa el nad\u00f3 al bressol i dona-li un parell de joguines. Quan estigui entretingut, parla-li suaument.<\/p>\n<p>Seu a la teva falda, d&#8217;esquena a tu, i ajuda&#8217;l a subjectar les nanses d&#8217;un mirall. Aixeca el mirall perqu\u00e8 el nad\u00f3 vegi el seu propi reflex i despr\u00e9s mou-lo perqu\u00e8 apareguis tu tamb\u00e9 a la imatge. Somriu-lo, es posar\u00e0 content.<\/p>\n<p>Parla amb el beb\u00e8, fes una pausa de tant en tant a prop\u00f2sit (simulant els torns de paraula en una conversa). El nad\u00f3 sincronitzar\u00e0 el balboteig amb la xerrada.<\/p>\n<p>Mentre el nad\u00f3 juga, fes soroll des de diferents parts de l&#8217;habitaci\u00f3, espera que es giri, somriu-li i fes-li manyagues quan ho aconsegueixi. Aquesta activitat estimula la capacitat d&#8217;escoltar i de prestar atenci\u00f3, habilitats essencials per al desenvolupament del llenguatge i la parla.<\/p>\n<p>Llegeix-li contes (adequats a la seva edat) modulant la veu mentre narres per captar l&#8217;inter\u00e8s del nad\u00f3. \u00c9s una de les activitats per a nadons que potencien m\u00e9s les seves capacitats ling\u00fc\u00edstiques i que molts utilitzem de manera espont\u00e0nia.<\/p>\n<p>Seu amb el nad\u00f3 a terra, subjecta&#8217;l per les mans i mou-les endavant i enrere alhora que balbuceges un so (&#8220;bababa&#8221;). T&#8217;observar\u00e0 i imitar\u00e0.<\/p>\n<p>Esperem que posis aquestes activitats per a nadons en pr\u00e0ctica i ajudis al teu petit\/a en el seu continu aprenentatge.<\/p>\n<p>Escrit per: Susana Seoane, professora de <a href=\"http:\/\/eoc.cat\/auxiliar-de-jardin-de-infancia\/\">Llar d\u2019Infants<\/a> a l&#8217;Escola d&#8217;Oficis Catalunya. \u00c9s Diplomada en Logop\u00e8dia per la Universitat Ramon Llull.<\/p>\n","protected":false},"excerpt":{"rendered":"<p>Com se sol dir, els nadons s\u00f3n aut\u00e8ntiques \u201cesponges\u201d i en els seus primers mesos de vida es troben en ple desenvolupament cognitiu. Exploren el m\u00f3n que els envolta amb una curiositat i unes capacitats incre\u00efbles. Per\u00f2 mai no ve malament una mica d&#8217;ajuda no? Aix\u00ed que donar-los una petita empenta en la seva fase [&hellip;]<\/p>\n","protected":false},"author":7,"featured_media":11081,"comment_status":"open","ping_status":"open","sticky":false,"template":"","format":"standard","meta":{"_et_pb_use_builder":"","_et_pb_old_content":"","_et_gb_content_width":"","footnotes":""},"categories":[85],"tags":[116,86,87],"class_list":["post-11079","post","type-post","status-publish","format-standard","has-post-thumbnail","hentry","category-llar-infants","tag-activitats-infantils","tag-educacio-infantil","tag-llar-infants"],"yoast_head":"<!-- This site is optimized with the Yoast SEO plugin v27.4 - https:\/\/yoast.com\/product\/yoast-seo-wordpress\/ -->\n<title>Activitats per a nadons i les seves aptituds ling\u00fc\u00edstiques<\/title>\n<meta name=\"description\" content=\"En aquest article de Susana Seoane repassem algunes activitats per a nadons de 0 a 12 mesos que estimulen les seves aptituds ling\u00fc\u00edstiques.\" \/>\n<meta name=\"robots\" content=\"index, follow, max-snippet:-1, max-image-preview:large, max-video-preview:-1\" \/>\n<link rel=\"canonical\" href=\"https:\/\/eoc.cat\/ca\/actividades-para-bebes-aptitudes-linguisticas\/\" \/>\n<meta property=\"og:locale\" content=\"ca_ES\" \/>\n<meta property=\"og:type\" content=\"article\" \/>\n<meta property=\"og:title\" content=\"Activitats per a nadons i les seves aptituds ling\u00fc\u00edstiques\" \/>\n<meta property=\"og:description\" content=\"En aquest article de Susana Seoane repassem algunes activitats per a nadons de 0 a 12 mesos que estimulen les seves aptituds ling\u00fc\u00edstiques.\" \/>\n<meta property=\"og:url\" content=\"https:\/\/eoc.cat\/ca\/actividades-para-bebes-aptitudes-linguisticas\/\" \/>\n<meta property=\"og:site_name\" content=\"Escola d&#039;Oficis Catalunya\" \/>\n<meta property=\"article:publisher\" content=\"https:\/\/www.facebook.com\/EscoladOficisCatalunya\" \/>\n<meta property=\"article:published_time\" content=\"2017-02-15T21:27:54+00:00\" \/>\n<meta property=\"article:modified_time\" content=\"2022-02-17T09:52:12+00:00\" \/>\n<meta property=\"og:image\" content=\"https:\/\/eoc.cat\/wp-content\/uploads\/2017\/02\/actividades-para-bebes.jpg\" \/>\n\t<meta property=\"og:image:width\" content=\"810\" \/>\n\t<meta property=\"og:image:height\" content=\"540\" \/>\n\t<meta property=\"og:image:type\" content=\"image\/jpeg\" \/>\n<meta name=\"author\" content=\"EOC\" \/>\n<meta name=\"twitter:card\" content=\"summary_large_image\" \/>\n<meta name=\"twitter:title\" content=\"Activitats per a nadons i les seves aptituds ling\u00fc\u00edstiques\" \/>\n<meta name=\"twitter:description\" content=\"En aquest article de Susana Seoane repassem algunes activitats per a nadons de 0 a 12 mesos que estimulen les seves aptituds ling\u00fc\u00edstiques.\" \/>\n<meta name=\"twitter:image\" content=\"https:\/\/eoc.cat\/wp-content\/uploads\/2017\/02\/actividades-para-bebes.jpg\" \/>\n<meta name=\"twitter:creator\" content=\"@escoficat\" \/>\n<meta name=\"twitter:site\" content=\"@escoficat\" \/>\n<script type=\"application\/ld+json\" class=\"yoast-schema-graph\">{\"@context\":\"https:\\\/\\\/schema.org\",\"@graph\":[{\"@type\":\"Article\",\"@id\":\"https:\\\/\\\/eoc.cat\\\/ca\\\/actividades-para-bebes-aptitudes-linguisticas\\\/#article\",\"isPartOf\":{\"@id\":\"https:\\\/\\\/eoc.cat\\\/ca\\\/actividades-para-bebes-aptitudes-linguisticas\\\/\"},\"author\":{\"name\":\"EOC\",\"@id\":\"https:\\\/\\\/eoc.cat\\\/#\\\/schema\\\/person\\\/702649fa6e82a790042399ed7f67f79f\"},\"headline\":\"Activitats per a nadons que estimulen les seves aptituds ling\u00fc\u00edstiques\",\"datePublished\":\"2017-02-15T21:27:54+00:00\",\"dateModified\":\"2022-02-17T09:52:12+00:00\",\"mainEntityOfPage\":{\"@id\":\"https:\\\/\\\/eoc.cat\\\/ca\\\/actividades-para-bebes-aptitudes-linguisticas\\\/\"},\"wordCount\":761,\"commentCount\":0,\"publisher\":{\"@id\":\"https:\\\/\\\/eoc.cat\\\/#organization\"},\"image\":{\"@id\":\"https:\\\/\\\/eoc.cat\\\/ca\\\/actividades-para-bebes-aptitudes-linguisticas\\\/#primaryimage\"},\"thumbnailUrl\":\"https:\\\/\\\/eoc.cat\\\/wp-content\\\/uploads\\\/2017\\\/02\\\/actividades-para-bebes.jpg\",\"keywords\":[\"activitats infantils\",\"educaci\u00f3 infantil\",\"llar d'infants\"],\"articleSection\":[\"Llar d'infants\"],\"inLanguage\":\"ca\",\"potentialAction\":[{\"@type\":\"CommentAction\",\"name\":\"Comment\",\"target\":[\"https:\\\/\\\/eoc.cat\\\/ca\\\/actividades-para-bebes-aptitudes-linguisticas\\\/#respond\"]}]},{\"@type\":\"WebPage\",\"@id\":\"https:\\\/\\\/eoc.cat\\\/ca\\\/actividades-para-bebes-aptitudes-linguisticas\\\/\",\"url\":\"https:\\\/\\\/eoc.cat\\\/ca\\\/actividades-para-bebes-aptitudes-linguisticas\\\/\",\"name\":\"Activitats per a nadons i les seves aptituds ling\u00fc\u00edstiques\",\"isPartOf\":{\"@id\":\"https:\\\/\\\/eoc.cat\\\/#website\"},\"primaryImageOfPage\":{\"@id\":\"https:\\\/\\\/eoc.cat\\\/ca\\\/actividades-para-bebes-aptitudes-linguisticas\\\/#primaryimage\"},\"image\":{\"@id\":\"https:\\\/\\\/eoc.cat\\\/ca\\\/actividades-para-bebes-aptitudes-linguisticas\\\/#primaryimage\"},\"thumbnailUrl\":\"https:\\\/\\\/eoc.cat\\\/wp-content\\\/uploads\\\/2017\\\/02\\\/actividades-para-bebes.jpg\",\"datePublished\":\"2017-02-15T21:27:54+00:00\",\"dateModified\":\"2022-02-17T09:52:12+00:00\",\"description\":\"En aquest article de Susana Seoane repassem algunes activitats per a nadons de 0 a 12 mesos que estimulen les seves aptituds ling\u00fc\u00edstiques.\",\"breadcrumb\":{\"@id\":\"https:\\\/\\\/eoc.cat\\\/ca\\\/actividades-para-bebes-aptitudes-linguisticas\\\/#breadcrumb\"},\"inLanguage\":\"ca\",\"potentialAction\":[{\"@type\":\"ReadAction\",\"target\":[\"https:\\\/\\\/eoc.cat\\\/ca\\\/actividades-para-bebes-aptitudes-linguisticas\\\/\"]}]},{\"@type\":\"ImageObject\",\"inLanguage\":\"ca\",\"@id\":\"https:\\\/\\\/eoc.cat\\\/ca\\\/actividades-para-bebes-aptitudes-linguisticas\\\/#primaryimage\",\"url\":\"https:\\\/\\\/eoc.cat\\\/wp-content\\\/uploads\\\/2017\\\/02\\\/actividades-para-bebes.jpg\",\"contentUrl\":\"https:\\\/\\\/eoc.cat\\\/wp-content\\\/uploads\\\/2017\\\/02\\\/actividades-para-bebes.jpg\",\"width\":810,\"height\":540},{\"@type\":\"BreadcrumbList\",\"@id\":\"https:\\\/\\\/eoc.cat\\\/ca\\\/actividades-para-bebes-aptitudes-linguisticas\\\/#breadcrumb\",\"itemListElement\":[{\"@type\":\"ListItem\",\"position\":1,\"name\":\"Portada\",\"item\":\"https:\\\/\\\/eoc.cat\\\/ca\\\/\"},{\"@type\":\"ListItem\",\"position\":2,\"name\":\"Activitats per a nadons que estimulen les seves aptituds ling\u00fc\u00edstiques\"}]},{\"@type\":\"WebSite\",\"@id\":\"https:\\\/\\\/eoc.cat\\\/#website\",\"url\":\"https:\\\/\\\/eoc.cat\\\/\",\"name\":\"Escola d'Oficis Catalunya\",\"description\":\"Escuela de formaci\u00f3n profesional para adultos y j\u00f3venes\",\"publisher\":{\"@id\":\"https:\\\/\\\/eoc.cat\\\/#organization\"},\"alternateName\":\"EOC\",\"potentialAction\":[{\"@type\":\"SearchAction\",\"target\":{\"@type\":\"EntryPoint\",\"urlTemplate\":\"https:\\\/\\\/eoc.cat\\\/?s={search_term_string}\"},\"query-input\":{\"@type\":\"PropertyValueSpecification\",\"valueRequired\":true,\"valueName\":\"search_term_string\"}}],\"inLanguage\":\"ca\"},{\"@type\":\"Organization\",\"@id\":\"https:\\\/\\\/eoc.cat\\\/#organization\",\"name\":\"Escola d'Oficis Catalunya\",\"alternateName\":\"EOC\",\"url\":\"https:\\\/\\\/eoc.cat\\\/\",\"logo\":{\"@type\":\"ImageObject\",\"inLanguage\":\"ca\",\"@id\":\"https:\\\/\\\/eoc.cat\\\/#\\\/schema\\\/logo\\\/image\\\/\",\"url\":\"https:\\\/\\\/eoc.cat\\\/wp-content\\\/uploads\\\/2020\\\/12\\\/eoc-logotipo.png\",\"contentUrl\":\"https:\\\/\\\/eoc.cat\\\/wp-content\\\/uploads\\\/2020\\\/12\\\/eoc-logotipo.png\",\"width\":274,\"height\":118,\"caption\":\"Escola d'Oficis Catalunya\"},\"image\":{\"@id\":\"https:\\\/\\\/eoc.cat\\\/#\\\/schema\\\/logo\\\/image\\\/\"},\"sameAs\":[\"https:\\\/\\\/www.facebook.com\\\/EscoladOficisCatalunya\",\"https:\\\/\\\/x.com\\\/escoficat\",\"https:\\\/\\\/www.instagram.com\\\/escoladoficiscatalunya\\\/\",\"https:\\\/\\\/www.linkedin.com\\\/school\\\/escoladoficiscatalunya\\\/\",\"https:\\\/\\\/www.youtube.com\\\/channel\\\/UC_HLShkY7t1pf1CrXPw-gRQ\"]},{\"@type\":\"Person\",\"@id\":\"https:\\\/\\\/eoc.cat\\\/#\\\/schema\\\/person\\\/702649fa6e82a790042399ed7f67f79f\",\"name\":\"EOC\",\"image\":{\"@type\":\"ImageObject\",\"inLanguage\":\"ca\",\"@id\":\"https:\\\/\\\/secure.gravatar.com\\\/avatar\\\/db655658f91923a915562a010af881cf03bb56574b7e1241e9fa9ab684c7a9d0?s=96&r=g\",\"url\":\"https:\\\/\\\/secure.gravatar.com\\\/avatar\\\/db655658f91923a915562a010af881cf03bb56574b7e1241e9fa9ab684c7a9d0?s=96&r=g\",\"contentUrl\":\"https:\\\/\\\/secure.gravatar.com\\\/avatar\\\/db655658f91923a915562a010af881cf03bb56574b7e1241e9fa9ab684c7a9d0?s=96&r=g\",\"caption\":\"EOC\"},\"url\":\"https:\\\/\\\/eoc.cat\\\/ca\\\/author\\\/e0c93k1lk3\\\/\"}]}<\/script>\n<!-- \/ Yoast SEO plugin. -->","yoast_head_json":{"title":"Activitats per a nadons i les seves aptituds ling\u00fc\u00edstiques","description":"En aquest article de Susana Seoane repassem algunes activitats per a nadons de 0 a 12 mesos que estimulen les seves aptituds ling\u00fc\u00edstiques.","robots":{"index":"index","follow":"follow","max-snippet":"max-snippet:-1","max-image-preview":"max-image-preview:large","max-video-preview":"max-video-preview:-1"},"canonical":"https:\/\/eoc.cat\/ca\/actividades-para-bebes-aptitudes-linguisticas\/","og_locale":"ca_ES","og_type":"article","og_title":"Activitats per a nadons i les seves aptituds ling\u00fc\u00edstiques","og_description":"En aquest article de Susana Seoane repassem algunes activitats per a nadons de 0 a 12 mesos que estimulen les seves aptituds ling\u00fc\u00edstiques.","og_url":"https:\/\/eoc.cat\/ca\/actividades-para-bebes-aptitudes-linguisticas\/","og_site_name":"Escola d&#039;Oficis Catalunya","article_publisher":"https:\/\/www.facebook.com\/EscoladOficisCatalunya","article_published_time":"2017-02-15T21:27:54+00:00","article_modified_time":"2022-02-17T09:52:12+00:00","og_image":[{"width":810,"height":540,"url":"https:\/\/eoc.cat\/wp-content\/uploads\/2017\/02\/actividades-para-bebes.jpg","type":"image\/jpeg"}],"author":"EOC","twitter_card":"summary_large_image","twitter_title":"Activitats per a nadons i les seves aptituds ling\u00fc\u00edstiques","twitter_description":"En aquest article de Susana Seoane repassem algunes activitats per a nadons de 0 a 12 mesos que estimulen les seves aptituds ling\u00fc\u00edstiques.","twitter_image":"https:\/\/eoc.cat\/wp-content\/uploads\/2017\/02\/actividades-para-bebes.jpg","twitter_creator":"@escoficat","twitter_site":"@escoficat","schema":{"@context":"https:\/\/schema.org","@graph":[{"@type":"Article","@id":"https:\/\/eoc.cat\/ca\/actividades-para-bebes-aptitudes-linguisticas\/#article","isPartOf":{"@id":"https:\/\/eoc.cat\/ca\/actividades-para-bebes-aptitudes-linguisticas\/"},"author":{"name":"EOC","@id":"https:\/\/eoc.cat\/#\/schema\/person\/702649fa6e82a790042399ed7f67f79f"},"headline":"Activitats per a nadons que estimulen les seves aptituds ling\u00fc\u00edstiques","datePublished":"2017-02-15T21:27:54+00:00","dateModified":"2022-02-17T09:52:12+00:00","mainEntityOfPage":{"@id":"https:\/\/eoc.cat\/ca\/actividades-para-bebes-aptitudes-linguisticas\/"},"wordCount":761,"commentCount":0,"publisher":{"@id":"https:\/\/eoc.cat\/#organization"},"image":{"@id":"https:\/\/eoc.cat\/ca\/actividades-para-bebes-aptitudes-linguisticas\/#primaryimage"},"thumbnailUrl":"https:\/\/eoc.cat\/wp-content\/uploads\/2017\/02\/actividades-para-bebes.jpg","keywords":["activitats infantils","educaci\u00f3 infantil","llar d'infants"],"articleSection":["Llar d'infants"],"inLanguage":"ca","potentialAction":[{"@type":"CommentAction","name":"Comment","target":["https:\/\/eoc.cat\/ca\/actividades-para-bebes-aptitudes-linguisticas\/#respond"]}]},{"@type":"WebPage","@id":"https:\/\/eoc.cat\/ca\/actividades-para-bebes-aptitudes-linguisticas\/","url":"https:\/\/eoc.cat\/ca\/actividades-para-bebes-aptitudes-linguisticas\/","name":"Activitats per a nadons i les seves aptituds ling\u00fc\u00edstiques","isPartOf":{"@id":"https:\/\/eoc.cat\/#website"},"primaryImageOfPage":{"@id":"https:\/\/eoc.cat\/ca\/actividades-para-bebes-aptitudes-linguisticas\/#primaryimage"},"image":{"@id":"https:\/\/eoc.cat\/ca\/actividades-para-bebes-aptitudes-linguisticas\/#primaryimage"},"thumbnailUrl":"https:\/\/eoc.cat\/wp-content\/uploads\/2017\/02\/actividades-para-bebes.jpg","datePublished":"2017-02-15T21:27:54+00:00","dateModified":"2022-02-17T09:52:12+00:00","description":"En aquest article de Susana Seoane repassem algunes activitats per a nadons de 0 a 12 mesos que estimulen les seves aptituds ling\u00fc\u00edstiques.","breadcrumb":{"@id":"https:\/\/eoc.cat\/ca\/actividades-para-bebes-aptitudes-linguisticas\/#breadcrumb"},"inLanguage":"ca","potentialAction":[{"@type":"ReadAction","target":["https:\/\/eoc.cat\/ca\/actividades-para-bebes-aptitudes-linguisticas\/"]}]},{"@type":"ImageObject","inLanguage":"ca","@id":"https:\/\/eoc.cat\/ca\/actividades-para-bebes-aptitudes-linguisticas\/#primaryimage","url":"https:\/\/eoc.cat\/wp-content\/uploads\/2017\/02\/actividades-para-bebes.jpg","contentUrl":"https:\/\/eoc.cat\/wp-content\/uploads\/2017\/02\/actividades-para-bebes.jpg","width":810,"height":540},{"@type":"BreadcrumbList","@id":"https:\/\/eoc.cat\/ca\/actividades-para-bebes-aptitudes-linguisticas\/#breadcrumb","itemListElement":[{"@type":"ListItem","position":1,"name":"Portada","item":"https:\/\/eoc.cat\/ca\/"},{"@type":"ListItem","position":2,"name":"Activitats per a nadons que estimulen les seves aptituds ling\u00fc\u00edstiques"}]},{"@type":"WebSite","@id":"https:\/\/eoc.cat\/#website","url":"https:\/\/eoc.cat\/","name":"Escola d'Oficis Catalunya","description":"Escuela de formaci\u00f3n profesional para adultos y j\u00f3venes","publisher":{"@id":"https:\/\/eoc.cat\/#organization"},"alternateName":"EOC","potentialAction":[{"@type":"SearchAction","target":{"@type":"EntryPoint","urlTemplate":"https:\/\/eoc.cat\/?s={search_term_string}"},"query-input":{"@type":"PropertyValueSpecification","valueRequired":true,"valueName":"search_term_string"}}],"inLanguage":"ca"},{"@type":"Organization","@id":"https:\/\/eoc.cat\/#organization","name":"Escola d'Oficis Catalunya","alternateName":"EOC","url":"https:\/\/eoc.cat\/","logo":{"@type":"ImageObject","inLanguage":"ca","@id":"https:\/\/eoc.cat\/#\/schema\/logo\/image\/","url":"https:\/\/eoc.cat\/wp-content\/uploads\/2020\/12\/eoc-logotipo.png","contentUrl":"https:\/\/eoc.cat\/wp-content\/uploads\/2020\/12\/eoc-logotipo.png","width":274,"height":118,"caption":"Escola d'Oficis Catalunya"},"image":{"@id":"https:\/\/eoc.cat\/#\/schema\/logo\/image\/"},"sameAs":["https:\/\/www.facebook.com\/EscoladOficisCatalunya","https:\/\/x.com\/escoficat","https:\/\/www.instagram.com\/escoladoficiscatalunya\/","https:\/\/www.linkedin.com\/school\/escoladoficiscatalunya\/","https:\/\/www.youtube.com\/channel\/UC_HLShkY7t1pf1CrXPw-gRQ"]},{"@type":"Person","@id":"https:\/\/eoc.cat\/#\/schema\/person\/702649fa6e82a790042399ed7f67f79f","name":"EOC","image":{"@type":"ImageObject","inLanguage":"ca","@id":"https:\/\/secure.gravatar.com\/avatar\/db655658f91923a915562a010af881cf03bb56574b7e1241e9fa9ab684c7a9d0?s=96&r=g","url":"https:\/\/secure.gravatar.com\/avatar\/db655658f91923a915562a010af881cf03bb56574b7e1241e9fa9ab684c7a9d0?s=96&r=g","contentUrl":"https:\/\/secure.gravatar.com\/avatar\/db655658f91923a915562a010af881cf03bb56574b7e1241e9fa9ab684c7a9d0?s=96&r=g","caption":"EOC"},"url":"https:\/\/eoc.cat\/ca\/author\/e0c93k1lk3\/"}]}},"_links":{"self":[{"href":"https:\/\/eoc.cat\/ca\/wp-json\/wp\/v2\/posts\/11079","targetHints":{"allow":["GET"]}}],"collection":[{"href":"https:\/\/eoc.cat\/ca\/wp-json\/wp\/v2\/posts"}],"about":[{"href":"https:\/\/eoc.cat\/ca\/wp-json\/wp\/v2\/types\/post"}],"author":[{"embeddable":true,"href":"https:\/\/eoc.cat\/ca\/wp-json\/wp\/v2\/users\/7"}],"replies":[{"embeddable":true,"href":"https:\/\/eoc.cat\/ca\/wp-json\/wp\/v2\/comments?post=11079"}],"version-history":[{"count":3,"href":"https:\/\/eoc.cat\/ca\/wp-json\/wp\/v2\/posts\/11079\/revisions"}],"predecessor-version":[{"id":11084,"href":"https:\/\/eoc.cat\/ca\/wp-json\/wp\/v2\/posts\/11079\/revisions\/11084"}],"wp:featuredmedia":[{"embeddable":true,"href":"https:\/\/eoc.cat\/ca\/wp-json\/wp\/v2\/media\/11081"}],"wp:attachment":[{"href":"https:\/\/eoc.cat\/ca\/wp-json\/wp\/v2\/media?parent=11079"}],"wp:term":[{"taxonomy":"category","embeddable":true,"href":"https:\/\/eoc.cat\/ca\/wp-json\/wp\/v2\/categories?post=11079"},{"taxonomy":"post_tag","embeddable":true,"href":"https:\/\/eoc.cat\/ca\/wp-json\/wp\/v2\/tags?post=11079"}],"curies":[{"name":"wp","href":"https:\/\/api.w.org\/{rel}","templated":true}]}}