{"id":11343,"date":"2022-04-04T09:02:04","date_gmt":"2022-04-04T07:02:04","guid":{"rendered":"https:\/\/eoc.cat\/?p=11343"},"modified":"2022-04-04T09:03:57","modified_gmt":"2022-04-04T07:03:57","slug":"teoria-piaget","status":"publish","type":"post","link":"https:\/\/eoc.cat\/ca\/teoria-piaget\/","title":{"rendered":"Teoria de Piaget, parlem del desenvolupament cognitiu infantil"},"content":{"rendered":"<p>La <strong>teoria de Piaget<\/strong> explica de quina manera construeixen els nens el seu model mental del m\u00f3n. D&#8217;entrada, <a href=\"https:\/\/ca.wikipedia.org\/wiki\/Jean_Piaget\">Jean Piaget<\/a>, psic\u00f2leg su\u00eds, no estava d&#8217;acord que la intel\u00b7lig\u00e8ncia fos un tret fix. Considerava <strong>el desenvolupament cognitiu com un proc\u00e9s progressiu<\/strong>, derivat de la maduresa biol\u00f2gica i de la influ\u00e8ncia de l&#8217;entorn.<\/p>\n<p>Ara b\u00e9, de qu\u00e8 et serveix con\u00e8ixer els seus preceptes i consideracions? Fonamentalment, per a <strong>realitzar un seguiment positiu del desenvolupament cognitiu de cada nen<\/strong>. Com pots saber si est\u00e0 desenvolupant les seves habilitats d&#8217;acord amb l&#8217;edat que t\u00e9?<\/p>\n<p>Si alguna cosa va aportar el pensament d&#8217;aquest psic\u00f2leg, que va viure entre 1896 i 1980, s\u00f3n <strong>les etapes de l&#8217;aprenentatge infantil<\/strong>. Per aix\u00f2, hauries de con\u00e8ixer la teoria de Piaget si estudies qualsevol <a href=\"https:\/\/eoc.cat\/ca\/curs-auxiliar-llar-infants\/\">formaci\u00f3 de llar d&#8217;infants<\/a> o educaci\u00f3 infantil.<\/p>\n<h2>L&#8217;ess\u00e8ncia de la teoria de Piaget<\/h2>\n<p>Fonamentalment, segons les seves tesis, <strong>els nens van interpretant el m\u00f3n de diferent manera segons la seva edat<\/strong>. En realitat, neixen amb un mapa mental esc\u00e0s sobre l&#8217;entorn, absolutament b\u00e0sic. No obstant aix\u00f2, l&#8217;aprenentatge i el contacte amb la realitat els permet anar actualitzant-lo.<\/p>\n<p>&#8220;Com adquireixen el coneixement els nens?&#8221;, es preguntava Piaget una vegada i una altra. Va posar la seva obstinaci\u00f3 a investigar-lo i, gr\u00e0cies a aix\u00f2, va aconseguir presentar aquesta teoria. No ho dubtis, va anar absolutament innovadora. Va treballar fins a aconseguir-ho, observant a nens, tant en el col\u00b7legi com en la seva vida quotidiana. I, finalment, va interpretar les claus de el <strong>desenvolupament cognitiu infantil<\/strong>.<\/p>\n<h2>Els 4 estadis del desenvolupament cognitiu<\/h2>\n<p>En opini\u00f3 de Piaget, els nens aprenen a trav\u00e9s de quatre grans etapes. En cadascuna d&#8217;elles, es produeixen <strong>significatius canvis en la seva manera d&#8217;entendre i concebre el m\u00f3n<\/strong>. Saps que, en certa manera, els considerava com a petits cient\u00edfics? Segons el seu criteri, es dediquen a explorar l&#8217;entorn de manera molt activa, perqu\u00e8 volen entendre el seu sentit.<\/p>\n<p>Vols descobrir quines s\u00f3n aquestes quatre etapes principals del desenvolupament del coneixement en els nens? Continua llegint.<\/p>\n<h3>1. Etapa sensori-motora<\/h3>\n<p>Compr\u00e8n <strong>des del naixement fins als 2 anys<\/strong>, aproximadament. \u00c9s un per\u00edode d&#8217;adquisici\u00f3 de coneixements mitjan\u00e7ant les experi\u00e8ncies sensorials i la manipulaci\u00f3. Cada vegada que el teu beb\u00e8 ho agafa tot i se l&#8217;emporta a la boca, est\u00e0 explorant el m\u00f3n. Tamb\u00e9 quan gateja.<\/p>\n<p>En aquest moment, la seva intel\u00b7lig\u00e8ncia \u00e9s b\u00e0sica. Se sustenta en aquestes <strong>exploracions del moviment i els sentits<\/strong>. En opini\u00f3 d&#8217;aquest expert, saber que els objectes continuen existint encara que no es veuen \u00e9s el principal aprenentatge. Gr\u00e0cies a aix\u00f2, en considerar-los independents i diferents, poden comen\u00e7ar a relacionar-los amb els seus noms.<\/p>\n<h3>2. Etapa preoperacional<\/h3>\n<p>Es desenvolupa <strong>entre els 2 i els 7 anys<\/strong>, normalment. Tens nens d&#8217;aquestes edats al teu voltant? Si \u00e9s aix\u00ed, segur que t&#8217;has fixat en qu\u00e8 <strong>aprenen a trav\u00e9s del joc i de la imitaci\u00f3<\/strong>. No obstant aix\u00f2, tenen una concepci\u00f3, encara, bastant egoc\u00e8ntrica. Els costa entendre el punt de vista dels altres. Encara que han apr\u00e8s a parlar, encara no comprenen la l\u00f2gica concreta.<\/p>\n<p>Encara que la seva evoluci\u00f3 intel\u00b7lectual avan\u00e7a de la m\u00e0 de el <strong>pensament m\u00e0gic<\/strong>, no s\u00f3n capa\u00e7os de fer operacions. En un primer per\u00edode, comencen a comprendre, representar, evocar i imaginar objectes allunyats i no visibles. Despr\u00e9s, passen a preguntar &#8220;per qu\u00e8?&#8221; i volen entendre-ho tot.<\/p>\n<p><img loading=\"lazy\" decoding=\"async\" class=\"aligncenter wp-image-11379 size-full\" title=\"desenvolupament cognitiu infantil\" src=\"https:\/\/eoc.cat\/wp-content\/uploads\/2022\/03\/d-cog-infantil.jpg\" alt=\"desenvolupament cognitiu infantil\" width=\"1080\" height=\"720\" srcset=\"https:\/\/eoc.cat\/wp-content\/uploads\/2022\/03\/d-cog-infantil.jpg 1080w, https:\/\/eoc.cat\/wp-content\/uploads\/2022\/03\/d-cog-infantil-980x653.jpg 980w, https:\/\/eoc.cat\/wp-content\/uploads\/2022\/03\/d-cog-infantil-480x320.jpg 480w\" sizes=\"(min-width: 0px) and (max-width: 480px) 480px, (min-width: 481px) and (max-width: 980px) 980px, (min-width: 981px) 1080px, 100vw\" \/><\/p>\n<h3>3. Etapa de les operacions concretes<\/h3>\n<p>Es dona, aproximadament, <strong>entre els 7 i els 11 anys<\/strong>. La l\u00f2gica comen\u00e7a a formar part del seu pensament, encara que aquest continua sent r\u00edgid. A m\u00e9s, comencen a posar-se en el lloc dels altres, i pensen i senten com ells. No obstant aix\u00f2, els conceptes hipot\u00e8tics i abstractes encara els resulten poc accessibles.<\/p>\n<p>De manera addicional, <strong>comprenen que els seus pensaments s\u00f3n exclusivament seus<\/strong>. \u00c9s a dir, que no tots els altres pensen i senten com ells. Si parles amb nens amb aquestes edats, ho notar\u00e0s de seguida.<\/p>\n<h3>4. Etapa de les operacions formals<\/h3>\n<p>Comen\u00e7a en l&#8217;adolesc\u00e8ncia, <strong>a partir dels 11 anys<\/strong>, i dura fins a l&#8217;edat adulta. El <strong>desenvolupament cognitiu infantil<\/strong> conclou en aquest per\u00edode en el qual la l\u00f2gica augmenta. Els nens, de fet, aprenen a<strong> comprendre els conceptes abstractes<\/strong> i a fer servir el raonament deductiu.<\/p>\n<p>Aix\u00ed, s\u00f3n capa\u00e7os de desenvolupar diferents solucions potencials per als problemes als quals s&#8217;enfronten. Addicionalment, si et fixes en ells, notar\u00e0s que <strong>reflexionen d&#8217;una manera molt m\u00e9s cient\u00edfica<\/strong> sobre quant els afecta.<\/p>\n<h2>Algunes aplicacions de la teoria de Piaget per a l&#8217;educaci\u00f3<\/h2>\n<p>En la pr\u00e0ctica, <strong>les conclusions pedag\u00f2giques de la teoria de Piaget ajuden a educar millor a la inf\u00e0ncia<\/strong>. De fet, els petits aprenen abans amb la pr\u00e0ctica i l&#8217;exploraci\u00f3 activa. \u00c9s a dir, conv\u00e9 impulsar l&#8217;aprenentatge per descobriment.<\/p>\n<p>Entre les idees valuoses a aplicar figuren els <strong>plans d&#8217;estudi flexibles<\/strong> i la individualitzaci\u00f3 de l&#8217;aprenentatge. Tamb\u00e9 has de considerar la import\u00e0ncia del joc i la necessitat de comprovar l&#8217;avan\u00e7 infantil. Finalment, cada nen ha d&#8217;estar preparat abans de rebre determinats coneixements o ensenyaments.<\/p>\n<p>Com pots veure, la teoria de Piaget obre les portes a <strong>un desenvolupament cognitiu molt m\u00e9s adequat i productiu<\/strong>. Si b\u00e9 cada petit evoluciona de forma personalitzada, con\u00e8ixer aquesta realitat ajuda a l&#8217;evoluci\u00f3 del coneixement en els nens. Oi que ara tens una mica m\u00e9s clar com estimular-los de manera productiva?<\/p>\n","protected":false},"excerpt":{"rendered":"<p>La teoria de Piaget explica de quina manera construeixen els nens el seu model mental del m\u00f3n. D&#8217;entrada, Jean Piaget, psic\u00f2leg su\u00eds, no estava d&#8217;acord que la intel\u00b7lig\u00e8ncia fos un tret fix. Considerava el desenvolupament cognitiu com un proc\u00e9s progressiu, derivat de la maduresa biol\u00f2gica i de la influ\u00e8ncia de l&#8217;entorn. Ara b\u00e9, de qu\u00e8 [&hellip;]<\/p>\n","protected":false},"author":7,"featured_media":11348,"comment_status":"open","ping_status":"open","sticky":false,"template":"","format":"standard","meta":{"_et_pb_use_builder":"","_et_pb_old_content":"","_et_gb_content_width":"","footnotes":""},"categories":[112,85],"tags":[86,87],"class_list":["post-11343","post","type-post","status-publish","format-standard","has-post-thumbnail","hentry","category-educacio-infantil","category-llar-infants","tag-educacio-infantil","tag-llar-infants"],"yoast_head":"<!-- This site is optimized with the Yoast SEO plugin v27.5 - https:\/\/yoast.com\/product\/yoast-seo-wordpress\/ -->\n<title>Teoria de Piaget, parlem del desenvolupament cognitiu infantil | EOC<\/title>\n<meta name=\"description\" content=\"La teoria de Piaget explica la forma com els nens construeixen el seu model mental del m\u00f3n. Parlem del desenvolupament cognitiu infantil.\" \/>\n<meta name=\"robots\" content=\"index, follow, max-snippet:-1, max-image-preview:large, max-video-preview:-1\" \/>\n<link rel=\"canonical\" href=\"https:\/\/eoc.cat\/ca\/teoria-piaget\/\" \/>\n<meta property=\"og:locale\" content=\"ca_ES\" \/>\n<meta property=\"og:type\" content=\"article\" \/>\n<meta property=\"og:title\" content=\"Teoria de Piaget, parlem del desenvolupament cognitiu infantil | EOC\" \/>\n<meta property=\"og:description\" content=\"La teoria de Piaget explica la forma com els nens construeixen el seu model mental del m\u00f3n. Parlem del desenvolupament cognitiu infantil.\" \/>\n<meta property=\"og:url\" content=\"https:\/\/eoc.cat\/ca\/teoria-piaget\/\" \/>\n<meta property=\"og:site_name\" content=\"Escola d&#039;Oficis Catalunya\" \/>\n<meta property=\"article:publisher\" content=\"https:\/\/www.facebook.com\/EscoladOficisCatalunya\" \/>\n<meta property=\"article:published_time\" content=\"2022-04-04T07:02:04+00:00\" \/>\n<meta property=\"article:modified_time\" content=\"2022-04-04T07:03:57+00:00\" \/>\n<meta property=\"og:image\" content=\"https:\/\/eoc.cat\/wp-content\/uploads\/2022\/03\/teoria-piaget.jpg\" \/>\n\t<meta property=\"og:image:width\" content=\"1080\" \/>\n\t<meta property=\"og:image:height\" content=\"720\" \/>\n\t<meta property=\"og:image:type\" content=\"image\/jpeg\" \/>\n<meta name=\"author\" content=\"EOC\" \/>\n<meta name=\"twitter:card\" content=\"summary_large_image\" \/>\n<meta name=\"twitter:title\" content=\"Teoria de Piaget, parlem del desenvolupament cognitiu infantil | EOC\" \/>\n<meta name=\"twitter:description\" content=\"La teoria de Piaget explica la forma com els nens construeixen el seu model mental del m\u00f3n. Parlem del desenvolupament cognitiu infantil.\" \/>\n<meta name=\"twitter:image\" content=\"https:\/\/eoc.cat\/wp-content\/uploads\/2022\/03\/teoria-piaget.jpg\" \/>\n<meta name=\"twitter:creator\" content=\"@escoficat\" \/>\n<meta name=\"twitter:site\" content=\"@escoficat\" \/>\n<script type=\"application\/ld+json\" class=\"yoast-schema-graph\">{\"@context\":\"https:\\\/\\\/schema.org\",\"@graph\":[{\"@type\":\"Article\",\"@id\":\"https:\\\/\\\/eoc.cat\\\/ca\\\/teoria-piaget\\\/#article\",\"isPartOf\":{\"@id\":\"https:\\\/\\\/eoc.cat\\\/ca\\\/teoria-piaget\\\/\"},\"author\":{\"name\":\"EOC\",\"@id\":\"https:\\\/\\\/eoc.cat\\\/#\\\/schema\\\/person\\\/702649fa6e82a790042399ed7f67f79f\"},\"headline\":\"Teoria de Piaget, parlem del desenvolupament cognitiu infantil\",\"datePublished\":\"2022-04-04T07:02:04+00:00\",\"dateModified\":\"2022-04-04T07:03:57+00:00\",\"mainEntityOfPage\":{\"@id\":\"https:\\\/\\\/eoc.cat\\\/ca\\\/teoria-piaget\\\/\"},\"wordCount\":957,\"commentCount\":0,\"publisher\":{\"@id\":\"https:\\\/\\\/eoc.cat\\\/#organization\"},\"image\":{\"@id\":\"https:\\\/\\\/eoc.cat\\\/ca\\\/teoria-piaget\\\/#primaryimage\"},\"thumbnailUrl\":\"https:\\\/\\\/eoc.cat\\\/wp-content\\\/uploads\\\/2022\\\/03\\\/teoria-piaget.jpg\",\"keywords\":[\"educaci\u00f3 infantil\",\"llar d'infants\"],\"articleSection\":[\"Educaci\u00f3 infantil\",\"Llar d'infants\"],\"inLanguage\":\"ca\",\"potentialAction\":[{\"@type\":\"CommentAction\",\"name\":\"Comment\",\"target\":[\"https:\\\/\\\/eoc.cat\\\/ca\\\/teoria-piaget\\\/#respond\"]}]},{\"@type\":\"WebPage\",\"@id\":\"https:\\\/\\\/eoc.cat\\\/ca\\\/teoria-piaget\\\/\",\"url\":\"https:\\\/\\\/eoc.cat\\\/ca\\\/teoria-piaget\\\/\",\"name\":\"Teoria de Piaget, parlem del desenvolupament cognitiu infantil | EOC\",\"isPartOf\":{\"@id\":\"https:\\\/\\\/eoc.cat\\\/#website\"},\"primaryImageOfPage\":{\"@id\":\"https:\\\/\\\/eoc.cat\\\/ca\\\/teoria-piaget\\\/#primaryimage\"},\"image\":{\"@id\":\"https:\\\/\\\/eoc.cat\\\/ca\\\/teoria-piaget\\\/#primaryimage\"},\"thumbnailUrl\":\"https:\\\/\\\/eoc.cat\\\/wp-content\\\/uploads\\\/2022\\\/03\\\/teoria-piaget.jpg\",\"datePublished\":\"2022-04-04T07:02:04+00:00\",\"dateModified\":\"2022-04-04T07:03:57+00:00\",\"description\":\"La teoria de Piaget explica la forma com els nens construeixen el seu model mental del m\u00f3n. Parlem del desenvolupament cognitiu infantil.\",\"breadcrumb\":{\"@id\":\"https:\\\/\\\/eoc.cat\\\/ca\\\/teoria-piaget\\\/#breadcrumb\"},\"inLanguage\":\"ca\",\"potentialAction\":[{\"@type\":\"ReadAction\",\"target\":[\"https:\\\/\\\/eoc.cat\\\/ca\\\/teoria-piaget\\\/\"]}]},{\"@type\":\"ImageObject\",\"inLanguage\":\"ca\",\"@id\":\"https:\\\/\\\/eoc.cat\\\/ca\\\/teoria-piaget\\\/#primaryimage\",\"url\":\"https:\\\/\\\/eoc.cat\\\/wp-content\\\/uploads\\\/2022\\\/03\\\/teoria-piaget.jpg\",\"contentUrl\":\"https:\\\/\\\/eoc.cat\\\/wp-content\\\/uploads\\\/2022\\\/03\\\/teoria-piaget.jpg\",\"width\":1080,\"height\":720,\"caption\":\"teor\u00eda piaget\"},{\"@type\":\"BreadcrumbList\",\"@id\":\"https:\\\/\\\/eoc.cat\\\/ca\\\/teoria-piaget\\\/#breadcrumb\",\"itemListElement\":[{\"@type\":\"ListItem\",\"position\":1,\"name\":\"Portada\",\"item\":\"https:\\\/\\\/eoc.cat\\\/ca\\\/\"},{\"@type\":\"ListItem\",\"position\":2,\"name\":\"Teoria de Piaget, parlem del desenvolupament cognitiu infantil\"}]},{\"@type\":\"WebSite\",\"@id\":\"https:\\\/\\\/eoc.cat\\\/#website\",\"url\":\"https:\\\/\\\/eoc.cat\\\/\",\"name\":\"Escola d'Oficis Catalunya\",\"description\":\"Escuela de formaci\u00f3n profesional para adultos y j\u00f3venes\",\"publisher\":{\"@id\":\"https:\\\/\\\/eoc.cat\\\/#organization\"},\"alternateName\":\"EOC\",\"potentialAction\":[{\"@type\":\"SearchAction\",\"target\":{\"@type\":\"EntryPoint\",\"urlTemplate\":\"https:\\\/\\\/eoc.cat\\\/?s={search_term_string}\"},\"query-input\":{\"@type\":\"PropertyValueSpecification\",\"valueRequired\":true,\"valueName\":\"search_term_string\"}}],\"inLanguage\":\"ca\"},{\"@type\":\"Organization\",\"@id\":\"https:\\\/\\\/eoc.cat\\\/#organization\",\"name\":\"Escola d'Oficis Catalunya\",\"alternateName\":\"EOC\",\"url\":\"https:\\\/\\\/eoc.cat\\\/\",\"logo\":{\"@type\":\"ImageObject\",\"inLanguage\":\"ca\",\"@id\":\"https:\\\/\\\/eoc.cat\\\/#\\\/schema\\\/logo\\\/image\\\/\",\"url\":\"https:\\\/\\\/eoc.cat\\\/wp-content\\\/uploads\\\/2020\\\/12\\\/eoc-logotipo.png\",\"contentUrl\":\"https:\\\/\\\/eoc.cat\\\/wp-content\\\/uploads\\\/2020\\\/12\\\/eoc-logotipo.png\",\"width\":274,\"height\":118,\"caption\":\"Escola d'Oficis Catalunya\"},\"image\":{\"@id\":\"https:\\\/\\\/eoc.cat\\\/#\\\/schema\\\/logo\\\/image\\\/\"},\"sameAs\":[\"https:\\\/\\\/www.facebook.com\\\/EscoladOficisCatalunya\",\"https:\\\/\\\/x.com\\\/escoficat\",\"https:\\\/\\\/www.instagram.com\\\/escoladoficiscatalunya\\\/\",\"https:\\\/\\\/www.linkedin.com\\\/school\\\/escoladoficiscatalunya\\\/\",\"https:\\\/\\\/www.youtube.com\\\/channel\\\/UC_HLShkY7t1pf1CrXPw-gRQ\"]},{\"@type\":\"Person\",\"@id\":\"https:\\\/\\\/eoc.cat\\\/#\\\/schema\\\/person\\\/702649fa6e82a790042399ed7f67f79f\",\"name\":\"EOC\",\"image\":{\"@type\":\"ImageObject\",\"inLanguage\":\"ca\",\"@id\":\"https:\\\/\\\/secure.gravatar.com\\\/avatar\\\/db655658f91923a915562a010af881cf03bb56574b7e1241e9fa9ab684c7a9d0?s=96&r=g\",\"url\":\"https:\\\/\\\/secure.gravatar.com\\\/avatar\\\/db655658f91923a915562a010af881cf03bb56574b7e1241e9fa9ab684c7a9d0?s=96&r=g\",\"contentUrl\":\"https:\\\/\\\/secure.gravatar.com\\\/avatar\\\/db655658f91923a915562a010af881cf03bb56574b7e1241e9fa9ab684c7a9d0?s=96&r=g\",\"caption\":\"EOC\"},\"url\":\"https:\\\/\\\/eoc.cat\\\/ca\\\/author\\\/e0c93k1lk3\\\/\"}]}<\/script>\n<!-- \/ Yoast SEO plugin. -->","yoast_head_json":{"title":"Teoria de Piaget, parlem del desenvolupament cognitiu infantil | EOC","description":"La teoria de Piaget explica la forma com els nens construeixen el seu model mental del m\u00f3n. Parlem del desenvolupament cognitiu infantil.","robots":{"index":"index","follow":"follow","max-snippet":"max-snippet:-1","max-image-preview":"max-image-preview:large","max-video-preview":"max-video-preview:-1"},"canonical":"https:\/\/eoc.cat\/ca\/teoria-piaget\/","og_locale":"ca_ES","og_type":"article","og_title":"Teoria de Piaget, parlem del desenvolupament cognitiu infantil | EOC","og_description":"La teoria de Piaget explica la forma com els nens construeixen el seu model mental del m\u00f3n. Parlem del desenvolupament cognitiu infantil.","og_url":"https:\/\/eoc.cat\/ca\/teoria-piaget\/","og_site_name":"Escola d&#039;Oficis Catalunya","article_publisher":"https:\/\/www.facebook.com\/EscoladOficisCatalunya","article_published_time":"2022-04-04T07:02:04+00:00","article_modified_time":"2022-04-04T07:03:57+00:00","og_image":[{"width":1080,"height":720,"url":"https:\/\/eoc.cat\/wp-content\/uploads\/2022\/03\/teoria-piaget.jpg","type":"image\/jpeg"}],"author":"EOC","twitter_card":"summary_large_image","twitter_title":"Teoria de Piaget, parlem del desenvolupament cognitiu infantil | EOC","twitter_description":"La teoria de Piaget explica la forma com els nens construeixen el seu model mental del m\u00f3n. Parlem del desenvolupament cognitiu infantil.","twitter_image":"https:\/\/eoc.cat\/wp-content\/uploads\/2022\/03\/teoria-piaget.jpg","twitter_creator":"@escoficat","twitter_site":"@escoficat","schema":{"@context":"https:\/\/schema.org","@graph":[{"@type":"Article","@id":"https:\/\/eoc.cat\/ca\/teoria-piaget\/#article","isPartOf":{"@id":"https:\/\/eoc.cat\/ca\/teoria-piaget\/"},"author":{"name":"EOC","@id":"https:\/\/eoc.cat\/#\/schema\/person\/702649fa6e82a790042399ed7f67f79f"},"headline":"Teoria de Piaget, parlem del desenvolupament cognitiu infantil","datePublished":"2022-04-04T07:02:04+00:00","dateModified":"2022-04-04T07:03:57+00:00","mainEntityOfPage":{"@id":"https:\/\/eoc.cat\/ca\/teoria-piaget\/"},"wordCount":957,"commentCount":0,"publisher":{"@id":"https:\/\/eoc.cat\/#organization"},"image":{"@id":"https:\/\/eoc.cat\/ca\/teoria-piaget\/#primaryimage"},"thumbnailUrl":"https:\/\/eoc.cat\/wp-content\/uploads\/2022\/03\/teoria-piaget.jpg","keywords":["educaci\u00f3 infantil","llar d'infants"],"articleSection":["Educaci\u00f3 infantil","Llar d'infants"],"inLanguage":"ca","potentialAction":[{"@type":"CommentAction","name":"Comment","target":["https:\/\/eoc.cat\/ca\/teoria-piaget\/#respond"]}]},{"@type":"WebPage","@id":"https:\/\/eoc.cat\/ca\/teoria-piaget\/","url":"https:\/\/eoc.cat\/ca\/teoria-piaget\/","name":"Teoria de Piaget, parlem del desenvolupament cognitiu infantil | EOC","isPartOf":{"@id":"https:\/\/eoc.cat\/#website"},"primaryImageOfPage":{"@id":"https:\/\/eoc.cat\/ca\/teoria-piaget\/#primaryimage"},"image":{"@id":"https:\/\/eoc.cat\/ca\/teoria-piaget\/#primaryimage"},"thumbnailUrl":"https:\/\/eoc.cat\/wp-content\/uploads\/2022\/03\/teoria-piaget.jpg","datePublished":"2022-04-04T07:02:04+00:00","dateModified":"2022-04-04T07:03:57+00:00","description":"La teoria de Piaget explica la forma com els nens construeixen el seu model mental del m\u00f3n. Parlem del desenvolupament cognitiu infantil.","breadcrumb":{"@id":"https:\/\/eoc.cat\/ca\/teoria-piaget\/#breadcrumb"},"inLanguage":"ca","potentialAction":[{"@type":"ReadAction","target":["https:\/\/eoc.cat\/ca\/teoria-piaget\/"]}]},{"@type":"ImageObject","inLanguage":"ca","@id":"https:\/\/eoc.cat\/ca\/teoria-piaget\/#primaryimage","url":"https:\/\/eoc.cat\/wp-content\/uploads\/2022\/03\/teoria-piaget.jpg","contentUrl":"https:\/\/eoc.cat\/wp-content\/uploads\/2022\/03\/teoria-piaget.jpg","width":1080,"height":720,"caption":"teor\u00eda piaget"},{"@type":"BreadcrumbList","@id":"https:\/\/eoc.cat\/ca\/teoria-piaget\/#breadcrumb","itemListElement":[{"@type":"ListItem","position":1,"name":"Portada","item":"https:\/\/eoc.cat\/ca\/"},{"@type":"ListItem","position":2,"name":"Teoria de Piaget, parlem del desenvolupament cognitiu infantil"}]},{"@type":"WebSite","@id":"https:\/\/eoc.cat\/#website","url":"https:\/\/eoc.cat\/","name":"Escola d'Oficis Catalunya","description":"Escuela de formaci\u00f3n profesional para adultos y j\u00f3venes","publisher":{"@id":"https:\/\/eoc.cat\/#organization"},"alternateName":"EOC","potentialAction":[{"@type":"SearchAction","target":{"@type":"EntryPoint","urlTemplate":"https:\/\/eoc.cat\/?s={search_term_string}"},"query-input":{"@type":"PropertyValueSpecification","valueRequired":true,"valueName":"search_term_string"}}],"inLanguage":"ca"},{"@type":"Organization","@id":"https:\/\/eoc.cat\/#organization","name":"Escola d'Oficis Catalunya","alternateName":"EOC","url":"https:\/\/eoc.cat\/","logo":{"@type":"ImageObject","inLanguage":"ca","@id":"https:\/\/eoc.cat\/#\/schema\/logo\/image\/","url":"https:\/\/eoc.cat\/wp-content\/uploads\/2020\/12\/eoc-logotipo.png","contentUrl":"https:\/\/eoc.cat\/wp-content\/uploads\/2020\/12\/eoc-logotipo.png","width":274,"height":118,"caption":"Escola d'Oficis Catalunya"},"image":{"@id":"https:\/\/eoc.cat\/#\/schema\/logo\/image\/"},"sameAs":["https:\/\/www.facebook.com\/EscoladOficisCatalunya","https:\/\/x.com\/escoficat","https:\/\/www.instagram.com\/escoladoficiscatalunya\/","https:\/\/www.linkedin.com\/school\/escoladoficiscatalunya\/","https:\/\/www.youtube.com\/channel\/UC_HLShkY7t1pf1CrXPw-gRQ"]},{"@type":"Person","@id":"https:\/\/eoc.cat\/#\/schema\/person\/702649fa6e82a790042399ed7f67f79f","name":"EOC","image":{"@type":"ImageObject","inLanguage":"ca","@id":"https:\/\/secure.gravatar.com\/avatar\/db655658f91923a915562a010af881cf03bb56574b7e1241e9fa9ab684c7a9d0?s=96&r=g","url":"https:\/\/secure.gravatar.com\/avatar\/db655658f91923a915562a010af881cf03bb56574b7e1241e9fa9ab684c7a9d0?s=96&r=g","contentUrl":"https:\/\/secure.gravatar.com\/avatar\/db655658f91923a915562a010af881cf03bb56574b7e1241e9fa9ab684c7a9d0?s=96&r=g","caption":"EOC"},"url":"https:\/\/eoc.cat\/ca\/author\/e0c93k1lk3\/"}]}},"_links":{"self":[{"href":"https:\/\/eoc.cat\/ca\/wp-json\/wp\/v2\/posts\/11343","targetHints":{"allow":["GET"]}}],"collection":[{"href":"https:\/\/eoc.cat\/ca\/wp-json\/wp\/v2\/posts"}],"about":[{"href":"https:\/\/eoc.cat\/ca\/wp-json\/wp\/v2\/types\/post"}],"author":[{"embeddable":true,"href":"https:\/\/eoc.cat\/ca\/wp-json\/wp\/v2\/users\/7"}],"replies":[{"embeddable":true,"href":"https:\/\/eoc.cat\/ca\/wp-json\/wp\/v2\/comments?post=11343"}],"version-history":[{"count":4,"href":"https:\/\/eoc.cat\/ca\/wp-json\/wp\/v2\/posts\/11343\/revisions"}],"predecessor-version":[{"id":11387,"href":"https:\/\/eoc.cat\/ca\/wp-json\/wp\/v2\/posts\/11343\/revisions\/11387"}],"wp:featuredmedia":[{"embeddable":true,"href":"https:\/\/eoc.cat\/ca\/wp-json\/wp\/v2\/media\/11348"}],"wp:attachment":[{"href":"https:\/\/eoc.cat\/ca\/wp-json\/wp\/v2\/media?parent=11343"}],"wp:term":[{"taxonomy":"category","embeddable":true,"href":"https:\/\/eoc.cat\/ca\/wp-json\/wp\/v2\/categories?post=11343"},{"taxonomy":"post_tag","embeddable":true,"href":"https:\/\/eoc.cat\/ca\/wp-json\/wp\/v2\/tags?post=11343"}],"curies":[{"name":"wp","href":"https:\/\/api.w.org\/{rel}","templated":true}]}}