{"id":12608,"date":"2023-09-14T15:05:00","date_gmt":"2023-09-14T13:05:00","guid":{"rendered":"https:\/\/eoc.cat\/?p=12608"},"modified":"2023-09-14T15:11:07","modified_gmt":"2023-09-14T13:11:07","slug":"expressio-plastica-nens-fins-6-anys","status":"publish","type":"post","link":"https:\/\/eoc.cat\/ca\/expressio-plastica-nens-fins-6-anys\/","title":{"rendered":"Evoluci\u00f3 de l&#8217;expressi\u00f3 pl\u00e0stica en els nens fins als 6 anys"},"content":{"rendered":"<p>Per mitj\u00e0 de l&#8217;<strong>expressi\u00f3 pl\u00e0stica<\/strong> pots acostar-te a l&#8217;interior dels petits, ja que \u00e9s una manera de comunicaci\u00f3. En el cas de l&#8217;<a href=\"https:\/\/eoc.cat\/ca\/curs-auxiliar-llar-infants\/\">educaci\u00f3 infantil<\/a>, un dibuix creat per diferents nens ens mostra un missatge diferent. Con\u00e8ixer l&#8217;evoluci\u00f3 d&#8217;aquesta expressi\u00f3 et permetr\u00e0 analitzar el seu correcte desenvolupament i fomentar la seva creaci\u00f3 art\u00edstica.<\/p>\n<h2>L&#8217;evoluci\u00f3 de l&#8217;expressi\u00f3 pl\u00e0stica i les etapes en qu\u00e8 es divideix<\/h2>\n<p>L&#8217;evoluci\u00f3 de l&#8217;<strong>expressi\u00f3 pl\u00e0stica en els nens menors de 6 anys<\/strong> es pot dividir en dues etapes: l&#8217;<strong>etapa del gargot<\/strong> (2-4 anys) i l&#8217;<strong>etapa esquem\u00e0tica<\/strong> (4-6 anys).<\/p>\n<p>En l&#8217;etapa del gargot, pots observar al menor dibuixant <strong>tra\u00e7os sense control motriu ni precisi\u00f3<\/strong>, encara que, amb el temps, comen\u00e7a a dibuixar de manera m\u00e9s controlada.<\/p>\n<p>D&#8217;altra banda, en l&#8217;etapa esquem\u00e0tica, el nen comen\u00e7a a dibuixar formes m\u00e9s definides, com el <strong>ninot<\/strong>, i a utilitzar el <strong>simbolisme descriptiu<\/strong> per a representar objectes i situacions.<\/p>\n<h3>Etapa del gargot (2-4 anys)<\/h3>\n<p>En aquesta etapa, els nens comencen a explorar l&#8217;acte de dibuixar i a desenvolupar <strong>habilitats motores fines<\/strong>. Els tra\u00e7os s\u00f3n desordenats i sense control motriu, per\u00f2 a mesura que practiquen, comencen a dibuixar de manera m\u00e9s controlada.<\/p>\n<p>El <strong>gargot<\/strong> \u00e9s una forma d&#8217;expressi\u00f3 lliure i espont\u00e0nia, on els nens experimenten amb diferents moviments i gestos. Encara que els dibuixos en aquesta etapa poden semblar ca\u00f2tics, s\u00f3n una forma important d&#8217;exploraci\u00f3 i desenvolupament d&#8217;habilitats visuals i motores.<\/p>\n<h3>Etapa esquem\u00e0tica (4-6 anys)<\/h3>\n<p>En aquesta etapa, els nens comencen a dibuixar <strong>formes m\u00e9s definides i recognoscibles<\/strong>, com el <strong>ninot<\/strong>. Utilitzen el <strong>simbolisme descriptiu<\/strong> per a representar objectes i situacions. Per exemple, dibuixen un cercle amb dos pals per a representar una persona.<\/p>\n<p>Els <strong>elements b\u00e0sics del llenguatge pl\u00e0stic<\/strong> en aquesta etapa s\u00f3n el color, la forma, la l\u00ednia i el volum. Els nens comencen a experimentar amb diferents t\u00e8cniques i materials, com a pintura, plastilina i dibuix de formes b\u00e0siques. A mesura que desenvolupen habilitats cognitives i perceptives, els seus dibuixos es tornen m\u00e9s detallats i complexos.<\/p>\n<h3>An\u00e0lisi del ninot en nens menors de 6 anys<\/h3>\n<p>En <strong>nens menors de 6 anys<\/strong>, el ninot \u00e9s un dibuix simplificat d&#8217;una persona, generalment representat amb un cercle com a cap i pals com a extremitats. \u00c9s una forma b\u00e0sica de representar la figura humana.<\/p>\n<p>A m\u00e9s, \u00e9s una expressi\u00f3 de la capacitat del nen per a recon\u00e8ixer i representar objectes i persones en el seu entorn. Aquesta forma d&#8217;<strong>expressi\u00f3 pl\u00e0stica<\/strong> permet als nens explorar i experimentar amb el <strong>simbolisme descriptiu<\/strong>.<\/p>\n<p>A trav\u00e9s del <strong>dibuix de ninots<\/strong>, els nens poden comunicar idees, emocions i situacions de manera visual. A mesura que els menors avancen en el seu desenvolupament, els ninots poden tornar-se m\u00e9s detallats i complexos.<\/p>\n<p>Amb el desenvolupament dels seus petits dibuixants, van incorporant caracter\u00edstiques com a ulls, boca, cabell i roba. \u00c9s important destacar que el dibuix de <strong>ninots dels nens menors de 6 anys<\/strong> no es tracta d&#8217;aconseguir una representaci\u00f3 realista.<\/p>\n<p>Per conseg\u00fcent, el ninot representa un foment de <strong>la creativitat, la imaginaci\u00f3 i la comunicaci\u00f3 visual<\/strong>. Has de veure aquest dibuix com una forma d&#8217;expressi\u00f3 lliure i espont\u00e0nia que els permet explorar i desenvolupar les seves habilitats art\u00edstiques.<\/p>\n<h2><img loading=\"lazy\" decoding=\"async\" class=\"aligncenter wp-image-12612 size-full\" title=\"gargot expressi\u00f3 infantil\" src=\"https:\/\/eoc.cat\/wp-content\/uploads\/2023\/09\/garabato.jpg\" alt=\"gargot expressi\u00f3 infantil \" width=\"1080\" height=\"720\" srcset=\"https:\/\/eoc.cat\/wp-content\/uploads\/2023\/09\/garabato.jpg 1080w, https:\/\/eoc.cat\/wp-content\/uploads\/2023\/09\/garabato-980x653.jpg 980w, https:\/\/eoc.cat\/wp-content\/uploads\/2023\/09\/garabato-480x320.jpg 480w\" sizes=\"(min-width: 0px) and (max-width: 480px) 480px, (min-width: 481px) and (max-width: 980px) 980px, (min-width: 981px) 1080px, 100vw\" \/><\/h2>\n<h2>Algunes activitats que afavoreixen el desenvolupament creatiu infantil<\/h2>\n<p>Amb la finalitat de fer-los desenvolupar la seva compet\u00e8ncia art\u00edstica, haur\u00e0s d&#8217;adequar-los exercicis que estiguin al seu nivell. La teva missi\u00f3 \u00e9s que es familiaritzin amb les <strong>t\u00e8cniques d&#8217;expressi\u00f3 pl\u00e0stica<\/strong> des de la primera inf\u00e0ncia.<\/p>\n<p>Per a comen\u00e7ar, pots <strong>animar-los al gargotejo<\/strong>. Amb proporcionar-los paper i llapis de colors \u00e9s suficient. Despr\u00e9s est\u00e0 la t\u00e8cnica de la <strong>pintura amb els dits<\/strong>. \u00c9s crucial que els facilitis pintura no t\u00f2xica. Aix\u00f2 els permetr\u00e0 experimentar amb diferents colors i textures.<\/p>\n<p>Una altra activitat que no pot faltar \u00e9s el <strong>modelatge amb plastilina<\/strong>. Veur\u00e0s amb quina facilitat poden crear m\u00faltiples formes i figures. Tampoc pot faltar el <strong>dibuix de formes b\u00e0siques<\/strong>, com a cercles, quadrats i triangles.<\/p>\n<p>Per al foment del simbolisme descriptiu has d&#8217;incitar-los a <strong>dibuixar objectes i situacions<\/strong>. Aix\u00f2 els permet desenvolupar habilitats cognitives i perceptives. Un exemple de situacions pot ser la platja, el parc i l&#8217;escola, entre altres contextos on es moguin els menors.<\/p>\n<p>Hem de destacar que l&#8217;expressi\u00f3 pl\u00e0stica no sols t\u00e9 valor com a <strong>llenguatge expressiu<\/strong>. Tamb\u00e9 \u00e9s el llit per a l&#8217;expressi\u00f3 de continguts mentals d&#8217;<strong>\u00edndole est\u00e8tica i emocional<\/strong>. Per descomptat que \u00e9s una manera d&#8217;expressar continguts cognitius sobre configuracions visuals i espaials.<\/p>\n<p>A l&#8217;anterior, cal afegir una altra caracter\u00edstica de l&#8217;expressi\u00f3 pl\u00e0stica. Sens dubte, aquesta contribueix a la formaci\u00f3 i al desenvolupament de la pr\u00f2pia motricitat, afectivitat i cognici\u00f3 del nen.<\/p>\n<p>Poder analitzar l&#8217;avan\u00e7 de l&#8217;expressi\u00f3 pl\u00e0stica en els menors de 6 anys t&#8217;ajudar\u00e0 a controlar la seva adequada evoluci\u00f3. Que fomentis diverses activitats et servir\u00e0 per a comprovar una major destresa en el gargotejo i en la realitzaci\u00f3 dels ninots. Aquests seran el resultat d&#8217;un correcte desenvolupament cognitiu i motriu en el nen.<\/p>\n","protected":false},"excerpt":{"rendered":"<p>Per mitj\u00e0 de l&#8217;expressi\u00f3 pl\u00e0stica pots acostar-te a l&#8217;interior dels petits, ja que \u00e9s una manera de comunicaci\u00f3. En el cas de l&#8217;educaci\u00f3 infantil, un dibuix creat per diferents nens ens mostra un missatge diferent. Con\u00e8ixer l&#8217;evoluci\u00f3 d&#8217;aquesta expressi\u00f3 et permetr\u00e0 analitzar el seu correcte desenvolupament i fomentar la seva creaci\u00f3 art\u00edstica. L&#8217;evoluci\u00f3 de l&#8217;expressi\u00f3 [&hellip;]<\/p>\n","protected":false},"author":7,"featured_media":12611,"comment_status":"open","ping_status":"open","sticky":false,"template":"","format":"standard","meta":{"_et_pb_use_builder":"","_et_pb_old_content":"","_et_gb_content_width":"","footnotes":""},"categories":[112,85],"tags":[116,86,87],"class_list":["post-12608","post","type-post","status-publish","format-standard","has-post-thumbnail","hentry","category-educacio-infantil","category-llar-infants","tag-activitats-infantils","tag-educacio-infantil","tag-llar-infants"],"yoast_head":"<!-- This site is optimized with the Yoast SEO plugin v27.5 - https:\/\/yoast.com\/product\/yoast-seo-wordpress\/ -->\n<title>Evoluci\u00f3 de l&#039;expressi\u00f3 pl\u00e0stica en els nens fins als 6 anys<\/title>\n<meta name=\"description\" content=\"Et parlem de l&#039;evoluci\u00f3 de l&#039;expressi\u00f3 pl\u00e0stica en nens de fins als 6 anys. Saps el que diferencia un ninot d&#039;un gargot?\" \/>\n<meta name=\"robots\" content=\"index, follow, max-snippet:-1, max-image-preview:large, max-video-preview:-1\" \/>\n<link rel=\"canonical\" href=\"https:\/\/eoc.cat\/ca\/expressio-plastica-nens-fins-6-anys\/\" \/>\n<meta property=\"og:locale\" content=\"ca_ES\" \/>\n<meta property=\"og:type\" content=\"article\" \/>\n<meta property=\"og:title\" content=\"Evoluci\u00f3 de l&#039;expressi\u00f3 pl\u00e0stica en els nens fins als 6 anys\" \/>\n<meta property=\"og:description\" content=\"Et parlem de l&#039;evoluci\u00f3 de l&#039;expressi\u00f3 pl\u00e0stica en nens de fins als 6 anys. Saps el que diferencia un ninot d&#039;un gargot?\" \/>\n<meta property=\"og:url\" content=\"https:\/\/eoc.cat\/ca\/expressio-plastica-nens-fins-6-anys\/\" \/>\n<meta property=\"og:site_name\" content=\"Escola d&#039;Oficis Catalunya\" \/>\n<meta property=\"article:publisher\" content=\"https:\/\/www.facebook.com\/EscoladOficisCatalunya\" \/>\n<meta property=\"article:published_time\" content=\"2023-09-14T13:05:00+00:00\" \/>\n<meta property=\"article:modified_time\" content=\"2023-09-14T13:11:07+00:00\" \/>\n<meta property=\"og:image\" content=\"https:\/\/eoc.cat\/wp-content\/uploads\/2023\/09\/expresion-plastica-6.jpg\" \/>\n\t<meta property=\"og:image:width\" content=\"1080\" \/>\n\t<meta property=\"og:image:height\" content=\"720\" \/>\n\t<meta property=\"og:image:type\" content=\"image\/jpeg\" \/>\n<meta name=\"author\" content=\"EOC\" \/>\n<meta name=\"twitter:card\" content=\"summary_large_image\" \/>\n<meta name=\"twitter:title\" content=\"Evoluci\u00f3 de l&#039;expressi\u00f3 pl\u00e0stica en els nens fins als 6 anys\" \/>\n<meta name=\"twitter:description\" content=\"Et parlem de l&#039;evoluci\u00f3 de l&#039;expressi\u00f3 pl\u00e0stica en nens de fins als 6 anys. Saps el que diferencia un ninot d&#039;un gargot?\" \/>\n<meta name=\"twitter:image\" content=\"https:\/\/eoc.cat\/wp-content\/uploads\/2023\/09\/expresion-plastica-6.jpg\" \/>\n<meta name=\"twitter:creator\" content=\"@escoficat\" \/>\n<meta name=\"twitter:site\" content=\"@escoficat\" \/>\n<script type=\"application\/ld+json\" class=\"yoast-schema-graph\">{\"@context\":\"https:\\\/\\\/schema.org\",\"@graph\":[{\"@type\":\"Article\",\"@id\":\"https:\\\/\\\/eoc.cat\\\/ca\\\/expressio-plastica-nens-fins-6-anys\\\/#article\",\"isPartOf\":{\"@id\":\"https:\\\/\\\/eoc.cat\\\/ca\\\/expressio-plastica-nens-fins-6-anys\\\/\"},\"author\":{\"name\":\"EOC\",\"@id\":\"https:\\\/\\\/eoc.cat\\\/#\\\/schema\\\/person\\\/702649fa6e82a790042399ed7f67f79f\"},\"headline\":\"Evoluci\u00f3 de l&#8217;expressi\u00f3 pl\u00e0stica en els nens fins als 6 anys\",\"datePublished\":\"2023-09-14T13:05:00+00:00\",\"dateModified\":\"2023-09-14T13:11:07+00:00\",\"mainEntityOfPage\":{\"@id\":\"https:\\\/\\\/eoc.cat\\\/ca\\\/expressio-plastica-nens-fins-6-anys\\\/\"},\"wordCount\":903,\"commentCount\":0,\"publisher\":{\"@id\":\"https:\\\/\\\/eoc.cat\\\/#organization\"},\"image\":{\"@id\":\"https:\\\/\\\/eoc.cat\\\/ca\\\/expressio-plastica-nens-fins-6-anys\\\/#primaryimage\"},\"thumbnailUrl\":\"https:\\\/\\\/eoc.cat\\\/wp-content\\\/uploads\\\/2023\\\/09\\\/expresion-plastica-6.jpg\",\"keywords\":[\"activitats infantils\",\"educaci\u00f3 infantil\",\"llar d'infants\"],\"articleSection\":[\"Educaci\u00f3 infantil\",\"Llar d'infants\"],\"inLanguage\":\"ca\",\"potentialAction\":[{\"@type\":\"CommentAction\",\"name\":\"Comment\",\"target\":[\"https:\\\/\\\/eoc.cat\\\/ca\\\/expressio-plastica-nens-fins-6-anys\\\/#respond\"]}]},{\"@type\":\"WebPage\",\"@id\":\"https:\\\/\\\/eoc.cat\\\/ca\\\/expressio-plastica-nens-fins-6-anys\\\/\",\"url\":\"https:\\\/\\\/eoc.cat\\\/ca\\\/expressio-plastica-nens-fins-6-anys\\\/\",\"name\":\"Evoluci\u00f3 de l'expressi\u00f3 pl\u00e0stica en els nens fins als 6 anys\",\"isPartOf\":{\"@id\":\"https:\\\/\\\/eoc.cat\\\/#website\"},\"primaryImageOfPage\":{\"@id\":\"https:\\\/\\\/eoc.cat\\\/ca\\\/expressio-plastica-nens-fins-6-anys\\\/#primaryimage\"},\"image\":{\"@id\":\"https:\\\/\\\/eoc.cat\\\/ca\\\/expressio-plastica-nens-fins-6-anys\\\/#primaryimage\"},\"thumbnailUrl\":\"https:\\\/\\\/eoc.cat\\\/wp-content\\\/uploads\\\/2023\\\/09\\\/expresion-plastica-6.jpg\",\"datePublished\":\"2023-09-14T13:05:00+00:00\",\"dateModified\":\"2023-09-14T13:11:07+00:00\",\"description\":\"Et parlem de l'evoluci\u00f3 de l'expressi\u00f3 pl\u00e0stica en nens de fins als 6 anys. Saps el que diferencia un ninot d'un gargot?\",\"breadcrumb\":{\"@id\":\"https:\\\/\\\/eoc.cat\\\/ca\\\/expressio-plastica-nens-fins-6-anys\\\/#breadcrumb\"},\"inLanguage\":\"ca\",\"potentialAction\":[{\"@type\":\"ReadAction\",\"target\":[\"https:\\\/\\\/eoc.cat\\\/ca\\\/expressio-plastica-nens-fins-6-anys\\\/\"]}]},{\"@type\":\"ImageObject\",\"inLanguage\":\"ca\",\"@id\":\"https:\\\/\\\/eoc.cat\\\/ca\\\/expressio-plastica-nens-fins-6-anys\\\/#primaryimage\",\"url\":\"https:\\\/\\\/eoc.cat\\\/wp-content\\\/uploads\\\/2023\\\/09\\\/expresion-plastica-6.jpg\",\"contentUrl\":\"https:\\\/\\\/eoc.cat\\\/wp-content\\\/uploads\\\/2023\\\/09\\\/expresion-plastica-6.jpg\",\"width\":1080,\"height\":720,\"caption\":\"expresi\u00f3n pl\u00e1stica en los ni\u00f1os hasta los 6 a\u00f1os\"},{\"@type\":\"BreadcrumbList\",\"@id\":\"https:\\\/\\\/eoc.cat\\\/ca\\\/expressio-plastica-nens-fins-6-anys\\\/#breadcrumb\",\"itemListElement\":[{\"@type\":\"ListItem\",\"position\":1,\"name\":\"Portada\",\"item\":\"https:\\\/\\\/eoc.cat\\\/ca\\\/\"},{\"@type\":\"ListItem\",\"position\":2,\"name\":\"Evoluci\u00f3 de l&#8217;expressi\u00f3 pl\u00e0stica en els nens fins als 6 anys\"}]},{\"@type\":\"WebSite\",\"@id\":\"https:\\\/\\\/eoc.cat\\\/#website\",\"url\":\"https:\\\/\\\/eoc.cat\\\/\",\"name\":\"Escola d'Oficis Catalunya\",\"description\":\"Escuela de formaci\u00f3n profesional para adultos y j\u00f3venes\",\"publisher\":{\"@id\":\"https:\\\/\\\/eoc.cat\\\/#organization\"},\"alternateName\":\"EOC\",\"potentialAction\":[{\"@type\":\"SearchAction\",\"target\":{\"@type\":\"EntryPoint\",\"urlTemplate\":\"https:\\\/\\\/eoc.cat\\\/?s={search_term_string}\"},\"query-input\":{\"@type\":\"PropertyValueSpecification\",\"valueRequired\":true,\"valueName\":\"search_term_string\"}}],\"inLanguage\":\"ca\"},{\"@type\":\"Organization\",\"@id\":\"https:\\\/\\\/eoc.cat\\\/#organization\",\"name\":\"Escola d'Oficis Catalunya\",\"alternateName\":\"EOC\",\"url\":\"https:\\\/\\\/eoc.cat\\\/\",\"logo\":{\"@type\":\"ImageObject\",\"inLanguage\":\"ca\",\"@id\":\"https:\\\/\\\/eoc.cat\\\/#\\\/schema\\\/logo\\\/image\\\/\",\"url\":\"https:\\\/\\\/eoc.cat\\\/wp-content\\\/uploads\\\/2020\\\/12\\\/eoc-logotipo.png\",\"contentUrl\":\"https:\\\/\\\/eoc.cat\\\/wp-content\\\/uploads\\\/2020\\\/12\\\/eoc-logotipo.png\",\"width\":274,\"height\":118,\"caption\":\"Escola d'Oficis Catalunya\"},\"image\":{\"@id\":\"https:\\\/\\\/eoc.cat\\\/#\\\/schema\\\/logo\\\/image\\\/\"},\"sameAs\":[\"https:\\\/\\\/www.facebook.com\\\/EscoladOficisCatalunya\",\"https:\\\/\\\/x.com\\\/escoficat\",\"https:\\\/\\\/www.instagram.com\\\/escoladoficiscatalunya\\\/\",\"https:\\\/\\\/www.linkedin.com\\\/school\\\/escoladoficiscatalunya\\\/\",\"https:\\\/\\\/www.youtube.com\\\/channel\\\/UC_HLShkY7t1pf1CrXPw-gRQ\"]},{\"@type\":\"Person\",\"@id\":\"https:\\\/\\\/eoc.cat\\\/#\\\/schema\\\/person\\\/702649fa6e82a790042399ed7f67f79f\",\"name\":\"EOC\",\"image\":{\"@type\":\"ImageObject\",\"inLanguage\":\"ca\",\"@id\":\"https:\\\/\\\/secure.gravatar.com\\\/avatar\\\/db655658f91923a915562a010af881cf03bb56574b7e1241e9fa9ab684c7a9d0?s=96&r=g\",\"url\":\"https:\\\/\\\/secure.gravatar.com\\\/avatar\\\/db655658f91923a915562a010af881cf03bb56574b7e1241e9fa9ab684c7a9d0?s=96&r=g\",\"contentUrl\":\"https:\\\/\\\/secure.gravatar.com\\\/avatar\\\/db655658f91923a915562a010af881cf03bb56574b7e1241e9fa9ab684c7a9d0?s=96&r=g\",\"caption\":\"EOC\"},\"url\":\"https:\\\/\\\/eoc.cat\\\/ca\\\/author\\\/e0c93k1lk3\\\/\"}]}<\/script>\n<!-- \/ Yoast SEO plugin. -->","yoast_head_json":{"title":"Evoluci\u00f3 de l'expressi\u00f3 pl\u00e0stica en els nens fins als 6 anys","description":"Et parlem de l'evoluci\u00f3 de l'expressi\u00f3 pl\u00e0stica en nens de fins als 6 anys. Saps el que diferencia un ninot d'un gargot?","robots":{"index":"index","follow":"follow","max-snippet":"max-snippet:-1","max-image-preview":"max-image-preview:large","max-video-preview":"max-video-preview:-1"},"canonical":"https:\/\/eoc.cat\/ca\/expressio-plastica-nens-fins-6-anys\/","og_locale":"ca_ES","og_type":"article","og_title":"Evoluci\u00f3 de l'expressi\u00f3 pl\u00e0stica en els nens fins als 6 anys","og_description":"Et parlem de l'evoluci\u00f3 de l'expressi\u00f3 pl\u00e0stica en nens de fins als 6 anys. Saps el que diferencia un ninot d'un gargot?","og_url":"https:\/\/eoc.cat\/ca\/expressio-plastica-nens-fins-6-anys\/","og_site_name":"Escola d&#039;Oficis Catalunya","article_publisher":"https:\/\/www.facebook.com\/EscoladOficisCatalunya","article_published_time":"2023-09-14T13:05:00+00:00","article_modified_time":"2023-09-14T13:11:07+00:00","og_image":[{"width":1080,"height":720,"url":"https:\/\/eoc.cat\/wp-content\/uploads\/2023\/09\/expresion-plastica-6.jpg","type":"image\/jpeg"}],"author":"EOC","twitter_card":"summary_large_image","twitter_title":"Evoluci\u00f3 de l'expressi\u00f3 pl\u00e0stica en els nens fins als 6 anys","twitter_description":"Et parlem de l'evoluci\u00f3 de l'expressi\u00f3 pl\u00e0stica en nens de fins als 6 anys. Saps el que diferencia un ninot d'un gargot?","twitter_image":"https:\/\/eoc.cat\/wp-content\/uploads\/2023\/09\/expresion-plastica-6.jpg","twitter_creator":"@escoficat","twitter_site":"@escoficat","schema":{"@context":"https:\/\/schema.org","@graph":[{"@type":"Article","@id":"https:\/\/eoc.cat\/ca\/expressio-plastica-nens-fins-6-anys\/#article","isPartOf":{"@id":"https:\/\/eoc.cat\/ca\/expressio-plastica-nens-fins-6-anys\/"},"author":{"name":"EOC","@id":"https:\/\/eoc.cat\/#\/schema\/person\/702649fa6e82a790042399ed7f67f79f"},"headline":"Evoluci\u00f3 de l&#8217;expressi\u00f3 pl\u00e0stica en els nens fins als 6 anys","datePublished":"2023-09-14T13:05:00+00:00","dateModified":"2023-09-14T13:11:07+00:00","mainEntityOfPage":{"@id":"https:\/\/eoc.cat\/ca\/expressio-plastica-nens-fins-6-anys\/"},"wordCount":903,"commentCount":0,"publisher":{"@id":"https:\/\/eoc.cat\/#organization"},"image":{"@id":"https:\/\/eoc.cat\/ca\/expressio-plastica-nens-fins-6-anys\/#primaryimage"},"thumbnailUrl":"https:\/\/eoc.cat\/wp-content\/uploads\/2023\/09\/expresion-plastica-6.jpg","keywords":["activitats infantils","educaci\u00f3 infantil","llar d'infants"],"articleSection":["Educaci\u00f3 infantil","Llar d'infants"],"inLanguage":"ca","potentialAction":[{"@type":"CommentAction","name":"Comment","target":["https:\/\/eoc.cat\/ca\/expressio-plastica-nens-fins-6-anys\/#respond"]}]},{"@type":"WebPage","@id":"https:\/\/eoc.cat\/ca\/expressio-plastica-nens-fins-6-anys\/","url":"https:\/\/eoc.cat\/ca\/expressio-plastica-nens-fins-6-anys\/","name":"Evoluci\u00f3 de l'expressi\u00f3 pl\u00e0stica en els nens fins als 6 anys","isPartOf":{"@id":"https:\/\/eoc.cat\/#website"},"primaryImageOfPage":{"@id":"https:\/\/eoc.cat\/ca\/expressio-plastica-nens-fins-6-anys\/#primaryimage"},"image":{"@id":"https:\/\/eoc.cat\/ca\/expressio-plastica-nens-fins-6-anys\/#primaryimage"},"thumbnailUrl":"https:\/\/eoc.cat\/wp-content\/uploads\/2023\/09\/expresion-plastica-6.jpg","datePublished":"2023-09-14T13:05:00+00:00","dateModified":"2023-09-14T13:11:07+00:00","description":"Et parlem de l'evoluci\u00f3 de l'expressi\u00f3 pl\u00e0stica en nens de fins als 6 anys. Saps el que diferencia un ninot d'un gargot?","breadcrumb":{"@id":"https:\/\/eoc.cat\/ca\/expressio-plastica-nens-fins-6-anys\/#breadcrumb"},"inLanguage":"ca","potentialAction":[{"@type":"ReadAction","target":["https:\/\/eoc.cat\/ca\/expressio-plastica-nens-fins-6-anys\/"]}]},{"@type":"ImageObject","inLanguage":"ca","@id":"https:\/\/eoc.cat\/ca\/expressio-plastica-nens-fins-6-anys\/#primaryimage","url":"https:\/\/eoc.cat\/wp-content\/uploads\/2023\/09\/expresion-plastica-6.jpg","contentUrl":"https:\/\/eoc.cat\/wp-content\/uploads\/2023\/09\/expresion-plastica-6.jpg","width":1080,"height":720,"caption":"expresi\u00f3n pl\u00e1stica en los ni\u00f1os hasta los 6 a\u00f1os"},{"@type":"BreadcrumbList","@id":"https:\/\/eoc.cat\/ca\/expressio-plastica-nens-fins-6-anys\/#breadcrumb","itemListElement":[{"@type":"ListItem","position":1,"name":"Portada","item":"https:\/\/eoc.cat\/ca\/"},{"@type":"ListItem","position":2,"name":"Evoluci\u00f3 de l&#8217;expressi\u00f3 pl\u00e0stica en els nens fins als 6 anys"}]},{"@type":"WebSite","@id":"https:\/\/eoc.cat\/#website","url":"https:\/\/eoc.cat\/","name":"Escola d'Oficis Catalunya","description":"Escuela de formaci\u00f3n profesional para adultos y j\u00f3venes","publisher":{"@id":"https:\/\/eoc.cat\/#organization"},"alternateName":"EOC","potentialAction":[{"@type":"SearchAction","target":{"@type":"EntryPoint","urlTemplate":"https:\/\/eoc.cat\/?s={search_term_string}"},"query-input":{"@type":"PropertyValueSpecification","valueRequired":true,"valueName":"search_term_string"}}],"inLanguage":"ca"},{"@type":"Organization","@id":"https:\/\/eoc.cat\/#organization","name":"Escola d'Oficis Catalunya","alternateName":"EOC","url":"https:\/\/eoc.cat\/","logo":{"@type":"ImageObject","inLanguage":"ca","@id":"https:\/\/eoc.cat\/#\/schema\/logo\/image\/","url":"https:\/\/eoc.cat\/wp-content\/uploads\/2020\/12\/eoc-logotipo.png","contentUrl":"https:\/\/eoc.cat\/wp-content\/uploads\/2020\/12\/eoc-logotipo.png","width":274,"height":118,"caption":"Escola d'Oficis Catalunya"},"image":{"@id":"https:\/\/eoc.cat\/#\/schema\/logo\/image\/"},"sameAs":["https:\/\/www.facebook.com\/EscoladOficisCatalunya","https:\/\/x.com\/escoficat","https:\/\/www.instagram.com\/escoladoficiscatalunya\/","https:\/\/www.linkedin.com\/school\/escoladoficiscatalunya\/","https:\/\/www.youtube.com\/channel\/UC_HLShkY7t1pf1CrXPw-gRQ"]},{"@type":"Person","@id":"https:\/\/eoc.cat\/#\/schema\/person\/702649fa6e82a790042399ed7f67f79f","name":"EOC","image":{"@type":"ImageObject","inLanguage":"ca","@id":"https:\/\/secure.gravatar.com\/avatar\/db655658f91923a915562a010af881cf03bb56574b7e1241e9fa9ab684c7a9d0?s=96&r=g","url":"https:\/\/secure.gravatar.com\/avatar\/db655658f91923a915562a010af881cf03bb56574b7e1241e9fa9ab684c7a9d0?s=96&r=g","contentUrl":"https:\/\/secure.gravatar.com\/avatar\/db655658f91923a915562a010af881cf03bb56574b7e1241e9fa9ab684c7a9d0?s=96&r=g","caption":"EOC"},"url":"https:\/\/eoc.cat\/ca\/author\/e0c93k1lk3\/"}]}},"_links":{"self":[{"href":"https:\/\/eoc.cat\/ca\/wp-json\/wp\/v2\/posts\/12608","targetHints":{"allow":["GET"]}}],"collection":[{"href":"https:\/\/eoc.cat\/ca\/wp-json\/wp\/v2\/posts"}],"about":[{"href":"https:\/\/eoc.cat\/ca\/wp-json\/wp\/v2\/types\/post"}],"author":[{"embeddable":true,"href":"https:\/\/eoc.cat\/ca\/wp-json\/wp\/v2\/users\/7"}],"replies":[{"embeddable":true,"href":"https:\/\/eoc.cat\/ca\/wp-json\/wp\/v2\/comments?post=12608"}],"version-history":[{"count":4,"href":"https:\/\/eoc.cat\/ca\/wp-json\/wp\/v2\/posts\/12608\/revisions"}],"predecessor-version":[{"id":12619,"href":"https:\/\/eoc.cat\/ca\/wp-json\/wp\/v2\/posts\/12608\/revisions\/12619"}],"wp:featuredmedia":[{"embeddable":true,"href":"https:\/\/eoc.cat\/ca\/wp-json\/wp\/v2\/media\/12611"}],"wp:attachment":[{"href":"https:\/\/eoc.cat\/ca\/wp-json\/wp\/v2\/media?parent=12608"}],"wp:term":[{"taxonomy":"category","embeddable":true,"href":"https:\/\/eoc.cat\/ca\/wp-json\/wp\/v2\/categories?post=12608"},{"taxonomy":"post_tag","embeddable":true,"href":"https:\/\/eoc.cat\/ca\/wp-json\/wp\/v2\/tags?post=12608"}],"curies":[{"name":"wp","href":"https:\/\/api.w.org\/{rel}","templated":true}]}}