{"id":14461,"date":"2025-03-10T11:50:36","date_gmt":"2025-03-10T10:50:36","guid":{"rendered":"https:\/\/eoc.cat\/?p=14461"},"modified":"2025-03-10T11:50:49","modified_gmt":"2025-03-10T10:50:49","slug":"anatomia-del-coll","status":"publish","type":"post","link":"https:\/\/eoc.cat\/ca\/anatomia-del-coll\/","title":{"rendered":"L&#8217;anatomia del coll"},"content":{"rendered":"<p>L&#8217;<strong>anatomia del coll<\/strong> est\u00e0 composta per algunes de les estructures m\u00e9s sorprenents del cos hum\u00e0. Com <strong>TCAE<\/strong> (<a href=\"https:\/\/eoc.cat\/ca\/cfgm-auxiliar-infermeria\/\">T\u00e8cnic en Cures Auxiliars d&#8217;Infermeria<\/a>), \u00e9s fonamental que coneguis totes les regions que ho componen, aix\u00ed com la musculatura i la resta dels teixits que el componen. I sobretot aix\u00f2 et parlarem al llarg d&#8217;aquest text.<\/p>\n<h2>Com es divideix l&#8217;anatomia del coll exactament?<\/h2>\n<p>A l&#8217;hora d&#8217;estudiar-ho, hem de tenir en consideraci\u00f3 el que es coneixen com a<strong> triangles del coll<\/strong>. I \u00e9s que, per a delimitar les seves parts fonamentals, podem formar dos triangles prenent com a refer\u00e8ncia la musculatura que ho envolta. Per\u00f2 ho veurem de forma m\u00e9s detallada.<\/p>\n<p>En primer lloc, tenim el <strong>triangle anterior<\/strong>. I es forma tenint en compte la vora anterior de l&#8217;esternoclidomastoidal, la zona inferior de la mand\u00edbula i la l\u00ednia mitjana del coll. Alguns dels teixits m\u00e9s significatius d&#8217;aquest triangle s\u00f3n la laringe, la gl\u00e0ndula tiroide i alguns vasos sanguinis principals, com l&#8217;art\u00e8ria car\u00f2tide o la vena jugular.<\/p>\n<p>El <strong>triangle posterior<\/strong>, al contrari, presa com a refer\u00e8ncia la vora posterior de l&#8217;esternoclidomastoidal, l&#8217;anterior del trapezi i el ter\u00e7 mitj\u00e0 de la clav\u00edcula. Aqu\u00ed trobem el plexe braquial i tamb\u00e9 la vena subcl\u00e0via.<\/p>\n<p>Al seu torn, per a obtenir una major precisi\u00f3, <strong>cadascun dels triangles se subdivideix en uns altres m\u00e9s petits<\/strong>.<\/p>\n<h3>La musculatura del coll<\/h3>\n<p>La majoria de l&#8217;espai en el coll est\u00e0 ocupada per <strong>m\u00fasculs<\/strong>, les funcions dels quals s\u00f3n molt variades. En anatomia, segons la seva situaci\u00f3 en cadascun dels triangles principals se&#8217;ls atorga un grup.<\/p>\n<p>Aix\u00ed, els que es troben en el triangle posterior es diuen <strong>m\u00fasculs del triangle posterior<\/strong>. Addicionalment, se subdivideix l&#8217;espai de l&#8217;anterior en dos grups, en funci\u00f3 de la seva situaci\u00f3 respecte a l&#8217;os hioide.<\/p>\n<p>Els <strong>supra hioides<\/strong> (el dig\u00e0stric, el estilohioideo, el milohioideo i el geniohioideo) s&#8217;encarreguen de la degluci\u00f3. Els <strong>infrahioides<\/strong> (esternohioide, omohioide, esternotiroideoi tirohioide) ajuden a estabilitzar el hioide i tamb\u00e9 col\u00b7laboren en la fonaci\u00f3.<\/p>\n<p>Tamb\u00e9 hi ha alguns <strong>m\u00fasculs superficials<\/strong>, com \u00e9s el cas del platisma, que permet realitzar nombroses expressions facials i l&#8217;esternoclidomastoidal, la funci\u00f3 del qual \u00e9s doble. D&#8217;una banda, permet flexionar el cap, per\u00f2 quan es contreu en conjunci\u00f3 amb el m\u00fascul contra lateral, tamb\u00e9 la flexiona.<\/p>\n<p>Finalment, estan els <strong>m\u00fasculs prevertebrals<\/strong>, fonamentals per a moure el cap i el coll i entre els quals trobem el recte anterior del cap, l&#8217;anterior del coll, el llarg del cap i el llarg del coll.<\/p>\n<p><img loading=\"lazy\" decoding=\"async\" class=\"aligncenter wp-image-14466 size-full\" title=\"m\u00fasculs del coll\" src=\"https:\/\/eoc.cat\/wp-content\/uploads\/2025\/03\/musculos-cuello.jpg\" alt=\"m\u00fasculs del coll\" width=\"1080\" height=\"720\" srcset=\"https:\/\/eoc.cat\/wp-content\/uploads\/2025\/03\/musculos-cuello.jpg 1080w, https:\/\/eoc.cat\/wp-content\/uploads\/2025\/03\/musculos-cuello-980x653.jpg 980w, https:\/\/eoc.cat\/wp-content\/uploads\/2025\/03\/musculos-cuello-480x320.jpg 480w\" sizes=\"(min-width: 0px) and (max-width: 480px) 480px, (min-width: 481px) and (max-width: 980px) 980px, (min-width: 981px) 1080px, 100vw\" \/><\/p>\n<h3>Laringe<\/h3>\n<p>La <strong>laringe<\/strong> \u00e9s un \u00f2rgan cartilagin\u00f3s que compleix amb diverses funcions clau. Se&#8217;l coneix, sobretot, perqu\u00e8 gr\u00e0cies a ell \u00e9s possible <strong>la fonaci\u00f3<\/strong>. Per\u00f2 tamb\u00e9 \u00e9s crucial per a la respiraci\u00f3 i, gr\u00e0cies a un dels seus cart\u00edlags, tamb\u00e9 protegeix la via a\u00e8ria de l&#8217;entrada de cossos estranys. Veurem quines s\u00f3n les seves estructures principals:<\/p>\n<ul>\n<li><strong>Cart\u00edlag tiroide<\/strong>, el m\u00e9s gran i visible externament.<\/li>\n<li><strong>Cart\u00edlag cricoide<\/strong>, que forma un anell complet.<\/li>\n<li><strong>Cart\u00edlags aritenoides<\/strong>, fonamentals per a la mobilitat de les cordes vocals.<\/li>\n<li><strong>Epiglotis<\/strong>, que impedeix el pas d&#8217;aliments cap a la tr\u00e0quea durant la degluci\u00f3.<\/li>\n<li><strong>Gl\u00e0ndula tiroide<\/strong>.<\/li>\n<\/ul>\n<p>La gl\u00e0ndula tiroide \u00e9s una petita gl\u00e0ndula t\u00e9 una gran rellev\u00e0ncia a nivell endocr\u00ed. Se situa en la part anterior del coll, just davant de la tr\u00e0quea, i produeix les <strong>hormones tiroidals T3 i T4<\/strong>. Aquestes s\u00f3n les responsables de <strong>regular el metabolisme<\/strong>, i per aix\u00f2 quan no es produeixen en nivells suficients o ho fan de manera excessiva es produeixen problemes d&#8217;augments de pes o de p\u00e8rdues de pes sobtades.<\/p>\n<p>Per\u00f2 no sempre els problemes es deuen a un mal funcionament de la gl\u00e0ndula. Aquesta es regula amb la <strong>TSH<\/strong>, l&#8217;hormona estimulant de la tiroide produ\u00efda en la hip\u00f2fisi.<\/p>\n<h3>Os hioide<\/h3>\n<p>El <strong>hioide<\/strong>, al costat del manubri de l&#8217;est\u00e8rnum i les v\u00e8rtebres de la columna, \u00e9s un dels pocs ossos presents en el coll. T\u00e9 forma de \u201cO\u201d i est\u00e0 situat en la base de la llengua, just damunt de la laringe. Per\u00f2 hi ha alguna cosa que ho converteix en singular en el cos hum\u00e0, i \u00e9s que no est\u00e0 articulat amb cap altre os.<\/p>\n<p>A m\u00e9s, a pesar que els humans no som els \u00fanics que tenim aquest os, ja que existeix en la majoria de les esp\u00e8cies de vertebrats, s\u00ed que t\u00e9 una funci\u00f3 \u00fanica. I \u00e9s que gr\u00e0cies a ell es pot modular el so en parlar. Tamb\u00e9 juga un paper important en la degluci\u00f3, ja que serveix d&#8217;ancoratge per a alguns m\u00fasculs de la llengua i el coll, com hem vist pr\u00e8viament.<\/p>\n<p>L&#8217;anatomia del coll, com has pogut comprovar, est\u00e0 formada per algunes estructures molt interessants. I com auxiliar d&#8217;infermeria has de con\u00e8ixer-la a la perfecci\u00f3, ja que a l&#8217;hora de mobilitzar pacients o monitorar els seus signes vitals, pot ser que hagis de tenir en compte on es troba cada teixit.<\/p>\n","protected":false},"excerpt":{"rendered":"<p>L&#8217;anatomia del coll est\u00e0 composta per algunes de les estructures m\u00e9s sorprenents del cos hum\u00e0. Com TCAE (T\u00e8cnic en Cures Auxiliars d&#8217;Infermeria), \u00e9s fonamental que coneguis totes les regions que ho componen, aix\u00ed com la musculatura i la resta dels teixits que el componen. I sobretot aix\u00f2 et parlarem al llarg d&#8217;aquest text. Com es [&hellip;]<\/p>\n","protected":false},"author":7,"featured_media":14465,"comment_status":"open","ping_status":"open","sticky":false,"template":"","format":"standard","meta":{"_et_pb_use_builder":"","_et_pb_old_content":"","_et_gb_content_width":"","footnotes":""},"categories":[88,91],"tags":[89],"class_list":["post-14461","post","type-post","status-publish","format-standard","has-post-thumbnail","hentry","category-auxiliar-infermeria","category-auxiliar-quirofan","tag-auxiliar-infermeria"],"yoast_head":"<!-- This site is optimized with the Yoast SEO plugin v27.5 - https:\/\/yoast.com\/product\/yoast-seo-wordpress\/ -->\n<title>L&#039;anatomia del coll | EOC formaci\u00f3 professional sanit\u00e0ria<\/title>\n<meta name=\"description\" content=\"L&#039;anatomia del coll est\u00e0 composta per algunes de les estructures m\u00e9s sorprenents del cos hum\u00e0. Apr\u00e8n sobre aquest tema.\" \/>\n<meta name=\"robots\" content=\"index, follow, max-snippet:-1, max-image-preview:large, max-video-preview:-1\" \/>\n<link rel=\"canonical\" href=\"https:\/\/eoc.cat\/ca\/anatomia-del-coll\/\" \/>\n<meta property=\"og:locale\" content=\"ca_ES\" \/>\n<meta property=\"og:type\" content=\"article\" \/>\n<meta property=\"og:title\" content=\"L&#039;anatomia del coll | EOC formaci\u00f3 professional sanit\u00e0ria\" \/>\n<meta property=\"og:description\" content=\"L&#039;anatomia del coll est\u00e0 composta per algunes de les estructures m\u00e9s sorprenents del cos hum\u00e0. Apr\u00e8n sobre aquest tema.\" \/>\n<meta property=\"og:url\" content=\"https:\/\/eoc.cat\/ca\/anatomia-del-coll\/\" \/>\n<meta property=\"og:site_name\" content=\"Escola d&#039;Oficis Catalunya\" \/>\n<meta property=\"article:publisher\" content=\"https:\/\/www.facebook.com\/EscoladOficisCatalunya\" \/>\n<meta property=\"article:published_time\" content=\"2025-03-10T10:50:36+00:00\" \/>\n<meta property=\"article:modified_time\" content=\"2025-03-10T10:50:49+00:00\" \/>\n<meta property=\"og:image\" content=\"https:\/\/eoc.cat\/wp-content\/uploads\/2025\/03\/anatomia-cuello.jpg\" \/>\n\t<meta property=\"og:image:width\" content=\"1080\" \/>\n\t<meta property=\"og:image:height\" content=\"720\" \/>\n\t<meta property=\"og:image:type\" content=\"image\/jpeg\" \/>\n<meta name=\"author\" content=\"EOC\" \/>\n<meta name=\"twitter:card\" content=\"summary_large_image\" \/>\n<meta name=\"twitter:title\" content=\"L&#039;anatomia del coll | EOC formaci\u00f3 professional sanit\u00e0ria\" \/>\n<meta name=\"twitter:description\" content=\"L&#039;anatomia del coll est\u00e0 composta per algunes de les estructures m\u00e9s sorprenents del cos hum\u00e0. Apr\u00e8n sobre aquest tema.\" \/>\n<meta name=\"twitter:image\" content=\"https:\/\/eoc.cat\/wp-content\/uploads\/2025\/03\/anatomia-cuello.jpg\" \/>\n<meta name=\"twitter:creator\" content=\"@escoficat\" \/>\n<meta name=\"twitter:site\" content=\"@escoficat\" \/>\n<script type=\"application\/ld+json\" class=\"yoast-schema-graph\">{\"@context\":\"https:\\\/\\\/schema.org\",\"@graph\":[{\"@type\":\"Article\",\"@id\":\"https:\\\/\\\/eoc.cat\\\/ca\\\/anatomia-del-coll\\\/#article\",\"isPartOf\":{\"@id\":\"https:\\\/\\\/eoc.cat\\\/ca\\\/anatomia-del-coll\\\/\"},\"author\":{\"name\":\"EOC\",\"@id\":\"https:\\\/\\\/eoc.cat\\\/#\\\/schema\\\/person\\\/702649fa6e82a790042399ed7f67f79f\"},\"headline\":\"L&#8217;anatomia del coll\",\"datePublished\":\"2025-03-10T10:50:36+00:00\",\"dateModified\":\"2025-03-10T10:50:49+00:00\",\"mainEntityOfPage\":{\"@id\":\"https:\\\/\\\/eoc.cat\\\/ca\\\/anatomia-del-coll\\\/\"},\"wordCount\":872,\"commentCount\":0,\"publisher\":{\"@id\":\"https:\\\/\\\/eoc.cat\\\/#organization\"},\"image\":{\"@id\":\"https:\\\/\\\/eoc.cat\\\/ca\\\/anatomia-del-coll\\\/#primaryimage\"},\"thumbnailUrl\":\"https:\\\/\\\/eoc.cat\\\/wp-content\\\/uploads\\\/2025\\\/03\\\/anatomia-cuello.jpg\",\"keywords\":[\"auxiliar d'infermeria\"],\"articleSection\":[\"Auxiliar d'infermeria\",\"Auxiliar de quir\u00f2fan\"],\"inLanguage\":\"ca\",\"potentialAction\":[{\"@type\":\"CommentAction\",\"name\":\"Comment\",\"target\":[\"https:\\\/\\\/eoc.cat\\\/ca\\\/anatomia-del-coll\\\/#respond\"]}]},{\"@type\":\"WebPage\",\"@id\":\"https:\\\/\\\/eoc.cat\\\/ca\\\/anatomia-del-coll\\\/\",\"url\":\"https:\\\/\\\/eoc.cat\\\/ca\\\/anatomia-del-coll\\\/\",\"name\":\"L'anatomia del coll | EOC formaci\u00f3 professional sanit\u00e0ria\",\"isPartOf\":{\"@id\":\"https:\\\/\\\/eoc.cat\\\/#website\"},\"primaryImageOfPage\":{\"@id\":\"https:\\\/\\\/eoc.cat\\\/ca\\\/anatomia-del-coll\\\/#primaryimage\"},\"image\":{\"@id\":\"https:\\\/\\\/eoc.cat\\\/ca\\\/anatomia-del-coll\\\/#primaryimage\"},\"thumbnailUrl\":\"https:\\\/\\\/eoc.cat\\\/wp-content\\\/uploads\\\/2025\\\/03\\\/anatomia-cuello.jpg\",\"datePublished\":\"2025-03-10T10:50:36+00:00\",\"dateModified\":\"2025-03-10T10:50:49+00:00\",\"description\":\"L'anatomia del coll est\u00e0 composta per algunes de les estructures m\u00e9s sorprenents del cos hum\u00e0. Apr\u00e8n sobre aquest tema.\",\"breadcrumb\":{\"@id\":\"https:\\\/\\\/eoc.cat\\\/ca\\\/anatomia-del-coll\\\/#breadcrumb\"},\"inLanguage\":\"ca\",\"potentialAction\":[{\"@type\":\"ReadAction\",\"target\":[\"https:\\\/\\\/eoc.cat\\\/ca\\\/anatomia-del-coll\\\/\"]}]},{\"@type\":\"ImageObject\",\"inLanguage\":\"ca\",\"@id\":\"https:\\\/\\\/eoc.cat\\\/ca\\\/anatomia-del-coll\\\/#primaryimage\",\"url\":\"https:\\\/\\\/eoc.cat\\\/wp-content\\\/uploads\\\/2025\\\/03\\\/anatomia-cuello.jpg\",\"contentUrl\":\"https:\\\/\\\/eoc.cat\\\/wp-content\\\/uploads\\\/2025\\\/03\\\/anatomia-cuello.jpg\",\"width\":1080,\"height\":720,\"caption\":\"anatom\u00eda del cuello\"},{\"@type\":\"BreadcrumbList\",\"@id\":\"https:\\\/\\\/eoc.cat\\\/ca\\\/anatomia-del-coll\\\/#breadcrumb\",\"itemListElement\":[{\"@type\":\"ListItem\",\"position\":1,\"name\":\"Portada\",\"item\":\"https:\\\/\\\/eoc.cat\\\/ca\\\/\"},{\"@type\":\"ListItem\",\"position\":2,\"name\":\"L&#8217;anatomia del coll\"}]},{\"@type\":\"WebSite\",\"@id\":\"https:\\\/\\\/eoc.cat\\\/#website\",\"url\":\"https:\\\/\\\/eoc.cat\\\/\",\"name\":\"Escola d'Oficis Catalunya\",\"description\":\"Escuela de formaci\u00f3n profesional para adultos y j\u00f3venes\",\"publisher\":{\"@id\":\"https:\\\/\\\/eoc.cat\\\/#organization\"},\"alternateName\":\"EOC\",\"potentialAction\":[{\"@type\":\"SearchAction\",\"target\":{\"@type\":\"EntryPoint\",\"urlTemplate\":\"https:\\\/\\\/eoc.cat\\\/?s={search_term_string}\"},\"query-input\":{\"@type\":\"PropertyValueSpecification\",\"valueRequired\":true,\"valueName\":\"search_term_string\"}}],\"inLanguage\":\"ca\"},{\"@type\":\"Organization\",\"@id\":\"https:\\\/\\\/eoc.cat\\\/#organization\",\"name\":\"Escola d'Oficis Catalunya\",\"alternateName\":\"EOC\",\"url\":\"https:\\\/\\\/eoc.cat\\\/\",\"logo\":{\"@type\":\"ImageObject\",\"inLanguage\":\"ca\",\"@id\":\"https:\\\/\\\/eoc.cat\\\/#\\\/schema\\\/logo\\\/image\\\/\",\"url\":\"https:\\\/\\\/eoc.cat\\\/wp-content\\\/uploads\\\/2020\\\/12\\\/eoc-logotipo.png\",\"contentUrl\":\"https:\\\/\\\/eoc.cat\\\/wp-content\\\/uploads\\\/2020\\\/12\\\/eoc-logotipo.png\",\"width\":274,\"height\":118,\"caption\":\"Escola d'Oficis Catalunya\"},\"image\":{\"@id\":\"https:\\\/\\\/eoc.cat\\\/#\\\/schema\\\/logo\\\/image\\\/\"},\"sameAs\":[\"https:\\\/\\\/www.facebook.com\\\/EscoladOficisCatalunya\",\"https:\\\/\\\/x.com\\\/escoficat\",\"https:\\\/\\\/www.instagram.com\\\/escoladoficiscatalunya\\\/\",\"https:\\\/\\\/www.linkedin.com\\\/school\\\/escoladoficiscatalunya\\\/\",\"https:\\\/\\\/www.youtube.com\\\/channel\\\/UC_HLShkY7t1pf1CrXPw-gRQ\"]},{\"@type\":\"Person\",\"@id\":\"https:\\\/\\\/eoc.cat\\\/#\\\/schema\\\/person\\\/702649fa6e82a790042399ed7f67f79f\",\"name\":\"EOC\",\"image\":{\"@type\":\"ImageObject\",\"inLanguage\":\"ca\",\"@id\":\"https:\\\/\\\/secure.gravatar.com\\\/avatar\\\/db655658f91923a915562a010af881cf03bb56574b7e1241e9fa9ab684c7a9d0?s=96&r=g\",\"url\":\"https:\\\/\\\/secure.gravatar.com\\\/avatar\\\/db655658f91923a915562a010af881cf03bb56574b7e1241e9fa9ab684c7a9d0?s=96&r=g\",\"contentUrl\":\"https:\\\/\\\/secure.gravatar.com\\\/avatar\\\/db655658f91923a915562a010af881cf03bb56574b7e1241e9fa9ab684c7a9d0?s=96&r=g\",\"caption\":\"EOC\"},\"url\":\"https:\\\/\\\/eoc.cat\\\/ca\\\/author\\\/e0c93k1lk3\\\/\"}]}<\/script>\n<!-- \/ Yoast SEO plugin. -->","yoast_head_json":{"title":"L'anatomia del coll | EOC formaci\u00f3 professional sanit\u00e0ria","description":"L'anatomia del coll est\u00e0 composta per algunes de les estructures m\u00e9s sorprenents del cos hum\u00e0. Apr\u00e8n sobre aquest tema.","robots":{"index":"index","follow":"follow","max-snippet":"max-snippet:-1","max-image-preview":"max-image-preview:large","max-video-preview":"max-video-preview:-1"},"canonical":"https:\/\/eoc.cat\/ca\/anatomia-del-coll\/","og_locale":"ca_ES","og_type":"article","og_title":"L'anatomia del coll | EOC formaci\u00f3 professional sanit\u00e0ria","og_description":"L'anatomia del coll est\u00e0 composta per algunes de les estructures m\u00e9s sorprenents del cos hum\u00e0. Apr\u00e8n sobre aquest tema.","og_url":"https:\/\/eoc.cat\/ca\/anatomia-del-coll\/","og_site_name":"Escola d&#039;Oficis Catalunya","article_publisher":"https:\/\/www.facebook.com\/EscoladOficisCatalunya","article_published_time":"2025-03-10T10:50:36+00:00","article_modified_time":"2025-03-10T10:50:49+00:00","og_image":[{"width":1080,"height":720,"url":"https:\/\/eoc.cat\/wp-content\/uploads\/2025\/03\/anatomia-cuello.jpg","type":"image\/jpeg"}],"author":"EOC","twitter_card":"summary_large_image","twitter_title":"L'anatomia del coll | EOC formaci\u00f3 professional sanit\u00e0ria","twitter_description":"L'anatomia del coll est\u00e0 composta per algunes de les estructures m\u00e9s sorprenents del cos hum\u00e0. Apr\u00e8n sobre aquest tema.","twitter_image":"https:\/\/eoc.cat\/wp-content\/uploads\/2025\/03\/anatomia-cuello.jpg","twitter_creator":"@escoficat","twitter_site":"@escoficat","schema":{"@context":"https:\/\/schema.org","@graph":[{"@type":"Article","@id":"https:\/\/eoc.cat\/ca\/anatomia-del-coll\/#article","isPartOf":{"@id":"https:\/\/eoc.cat\/ca\/anatomia-del-coll\/"},"author":{"name":"EOC","@id":"https:\/\/eoc.cat\/#\/schema\/person\/702649fa6e82a790042399ed7f67f79f"},"headline":"L&#8217;anatomia del coll","datePublished":"2025-03-10T10:50:36+00:00","dateModified":"2025-03-10T10:50:49+00:00","mainEntityOfPage":{"@id":"https:\/\/eoc.cat\/ca\/anatomia-del-coll\/"},"wordCount":872,"commentCount":0,"publisher":{"@id":"https:\/\/eoc.cat\/#organization"},"image":{"@id":"https:\/\/eoc.cat\/ca\/anatomia-del-coll\/#primaryimage"},"thumbnailUrl":"https:\/\/eoc.cat\/wp-content\/uploads\/2025\/03\/anatomia-cuello.jpg","keywords":["auxiliar d'infermeria"],"articleSection":["Auxiliar d'infermeria","Auxiliar de quir\u00f2fan"],"inLanguage":"ca","potentialAction":[{"@type":"CommentAction","name":"Comment","target":["https:\/\/eoc.cat\/ca\/anatomia-del-coll\/#respond"]}]},{"@type":"WebPage","@id":"https:\/\/eoc.cat\/ca\/anatomia-del-coll\/","url":"https:\/\/eoc.cat\/ca\/anatomia-del-coll\/","name":"L'anatomia del coll | EOC formaci\u00f3 professional sanit\u00e0ria","isPartOf":{"@id":"https:\/\/eoc.cat\/#website"},"primaryImageOfPage":{"@id":"https:\/\/eoc.cat\/ca\/anatomia-del-coll\/#primaryimage"},"image":{"@id":"https:\/\/eoc.cat\/ca\/anatomia-del-coll\/#primaryimage"},"thumbnailUrl":"https:\/\/eoc.cat\/wp-content\/uploads\/2025\/03\/anatomia-cuello.jpg","datePublished":"2025-03-10T10:50:36+00:00","dateModified":"2025-03-10T10:50:49+00:00","description":"L'anatomia del coll est\u00e0 composta per algunes de les estructures m\u00e9s sorprenents del cos hum\u00e0. Apr\u00e8n sobre aquest tema.","breadcrumb":{"@id":"https:\/\/eoc.cat\/ca\/anatomia-del-coll\/#breadcrumb"},"inLanguage":"ca","potentialAction":[{"@type":"ReadAction","target":["https:\/\/eoc.cat\/ca\/anatomia-del-coll\/"]}]},{"@type":"ImageObject","inLanguage":"ca","@id":"https:\/\/eoc.cat\/ca\/anatomia-del-coll\/#primaryimage","url":"https:\/\/eoc.cat\/wp-content\/uploads\/2025\/03\/anatomia-cuello.jpg","contentUrl":"https:\/\/eoc.cat\/wp-content\/uploads\/2025\/03\/anatomia-cuello.jpg","width":1080,"height":720,"caption":"anatom\u00eda del cuello"},{"@type":"BreadcrumbList","@id":"https:\/\/eoc.cat\/ca\/anatomia-del-coll\/#breadcrumb","itemListElement":[{"@type":"ListItem","position":1,"name":"Portada","item":"https:\/\/eoc.cat\/ca\/"},{"@type":"ListItem","position":2,"name":"L&#8217;anatomia del coll"}]},{"@type":"WebSite","@id":"https:\/\/eoc.cat\/#website","url":"https:\/\/eoc.cat\/","name":"Escola d'Oficis Catalunya","description":"Escuela de formaci\u00f3n profesional para adultos y j\u00f3venes","publisher":{"@id":"https:\/\/eoc.cat\/#organization"},"alternateName":"EOC","potentialAction":[{"@type":"SearchAction","target":{"@type":"EntryPoint","urlTemplate":"https:\/\/eoc.cat\/?s={search_term_string}"},"query-input":{"@type":"PropertyValueSpecification","valueRequired":true,"valueName":"search_term_string"}}],"inLanguage":"ca"},{"@type":"Organization","@id":"https:\/\/eoc.cat\/#organization","name":"Escola d'Oficis Catalunya","alternateName":"EOC","url":"https:\/\/eoc.cat\/","logo":{"@type":"ImageObject","inLanguage":"ca","@id":"https:\/\/eoc.cat\/#\/schema\/logo\/image\/","url":"https:\/\/eoc.cat\/wp-content\/uploads\/2020\/12\/eoc-logotipo.png","contentUrl":"https:\/\/eoc.cat\/wp-content\/uploads\/2020\/12\/eoc-logotipo.png","width":274,"height":118,"caption":"Escola d'Oficis Catalunya"},"image":{"@id":"https:\/\/eoc.cat\/#\/schema\/logo\/image\/"},"sameAs":["https:\/\/www.facebook.com\/EscoladOficisCatalunya","https:\/\/x.com\/escoficat","https:\/\/www.instagram.com\/escoladoficiscatalunya\/","https:\/\/www.linkedin.com\/school\/escoladoficiscatalunya\/","https:\/\/www.youtube.com\/channel\/UC_HLShkY7t1pf1CrXPw-gRQ"]},{"@type":"Person","@id":"https:\/\/eoc.cat\/#\/schema\/person\/702649fa6e82a790042399ed7f67f79f","name":"EOC","image":{"@type":"ImageObject","inLanguage":"ca","@id":"https:\/\/secure.gravatar.com\/avatar\/db655658f91923a915562a010af881cf03bb56574b7e1241e9fa9ab684c7a9d0?s=96&r=g","url":"https:\/\/secure.gravatar.com\/avatar\/db655658f91923a915562a010af881cf03bb56574b7e1241e9fa9ab684c7a9d0?s=96&r=g","contentUrl":"https:\/\/secure.gravatar.com\/avatar\/db655658f91923a915562a010af881cf03bb56574b7e1241e9fa9ab684c7a9d0?s=96&r=g","caption":"EOC"},"url":"https:\/\/eoc.cat\/ca\/author\/e0c93k1lk3\/"}]}},"_links":{"self":[{"href":"https:\/\/eoc.cat\/ca\/wp-json\/wp\/v2\/posts\/14461","targetHints":{"allow":["GET"]}}],"collection":[{"href":"https:\/\/eoc.cat\/ca\/wp-json\/wp\/v2\/posts"}],"about":[{"href":"https:\/\/eoc.cat\/ca\/wp-json\/wp\/v2\/types\/post"}],"author":[{"embeddable":true,"href":"https:\/\/eoc.cat\/ca\/wp-json\/wp\/v2\/users\/7"}],"replies":[{"embeddable":true,"href":"https:\/\/eoc.cat\/ca\/wp-json\/wp\/v2\/comments?post=14461"}],"version-history":[{"count":4,"href":"https:\/\/eoc.cat\/ca\/wp-json\/wp\/v2\/posts\/14461\/revisions"}],"predecessor-version":[{"id":14472,"href":"https:\/\/eoc.cat\/ca\/wp-json\/wp\/v2\/posts\/14461\/revisions\/14472"}],"wp:featuredmedia":[{"embeddable":true,"href":"https:\/\/eoc.cat\/ca\/wp-json\/wp\/v2\/media\/14465"}],"wp:attachment":[{"href":"https:\/\/eoc.cat\/ca\/wp-json\/wp\/v2\/media?parent=14461"}],"wp:term":[{"taxonomy":"category","embeddable":true,"href":"https:\/\/eoc.cat\/ca\/wp-json\/wp\/v2\/categories?post=14461"},{"taxonomy":"post_tag","embeddable":true,"href":"https:\/\/eoc.cat\/ca\/wp-json\/wp\/v2\/tags?post=14461"}],"curies":[{"name":"wp","href":"https:\/\/api.w.org\/{rel}","templated":true}]}}