{"id":15227,"date":"2025-10-20T10:57:49","date_gmt":"2025-10-20T08:57:49","guid":{"rendered":"https:\/\/eoc.cat\/?p=15227"},"modified":"2025-10-20T10:58:10","modified_gmt":"2025-10-20T08:58:10","slug":"sedacio-conscient","status":"publish","type":"post","link":"https:\/\/eoc.cat\/ca\/sedacio-conscient\/","title":{"rendered":"Qu\u00e8 \u00e9s la sedaci\u00f3 conscient i quan s&#8217;utilitza?"},"content":{"rendered":"<div class=\"traductor-textarea form-group\">\n<div class=\"textarea-desti col-xs-12 col-sm-6\">\n<div class=\"form-control second-textarea\">Durant de la teva formaci\u00f3 com a auxiliar de quir\u00f2fan, segur que has sentit parlar sobre la <strong>sedaci\u00f3 conscient<\/strong>. I en aquest article volem aprofundir sobre aquesta <strong>t\u00e8cnica m\u00e8dica<\/strong> que permet que els pacients se sotmetin als procediments en un estat de calma i relaxaci\u00f3, per\u00f2 sense perdre per complet la seva consci\u00e8ncia. T&#8217;explicarem en qu\u00e8 consisteix aquesta pr\u00e0ctica, quan s&#8217;utilitza i els seus principals beneficis, tant per al pacient com per als professionals sanitaris.<\/div>\n<\/div>\n<\/div>\n<div class=\"traductor-checkbox form-group\">\n<div class=\"row\">\n<div class=\"col-sm-offset-2 col-sm-5\"><\/div>\n<\/div>\n<\/div>\n<h2>Qu\u00e8 \u00e9s la sedaci\u00f3 conscient?<\/h2>\n<p>L&#8217;<strong>anest\u00e8sia general<\/strong> comporta una <strong>p\u00e8rdua total del coneixement<\/strong>, i requereix d&#8217;un nivell de complexitat alt, ja que \u00e9s necessari realitzar la <strong>intubaci\u00f3 del pacient<\/strong>. No obstant aix\u00f2, en la sedaci\u00f3 conscient, en cap moment es perd la consci\u00e8ncia. El que es fa \u00e9s <strong>emprar f\u00e0rmacs sedants<\/strong>, que en el cas dels adults sol ser el <strong>midazolam<\/strong>, i en els nens el <strong>propofol<\/strong>. Per norma general, en tots dos casos es fa servir la <strong>via intravenosa<\/strong> per a l&#8217;administraci\u00f3, ja que \u00e9s m\u00e9s r\u00e0pid el seu efecte i permet ajustar la dosi durant el procediment si \u00e9s necessari.<\/p>\n<p>I aquest punt, precisament, \u00e9s el m\u00e9s important d&#8217;aquest tipus de sedaci\u00f3. Ja que ha d&#8217;aconseguir-se que el pacient es quedi tranquil, amb una mica de somnol\u00e8ncia, per\u00f2 cal evitar que perdi la seva capacitat respirat\u00f2ria aut\u00f2noma i que sigui capa\u00e7 de respondre als est\u00edmuls i a la veu dels facultatius.<\/p>\n<h2>Quan es fa servir?<\/h2>\n<p>\u00c9s molt important utilitzar aquesta sedaci\u00f3 quan els pacients han d&#8217;enfrontar-se a procediments m\u00e8dics, o odontol\u00f2gics, en els quals poden sentir mol\u00e8sties o ansietat. Per\u00f2 que no s\u00f3n prou invasius com per a requerir anest\u00e8sia general. Veurem alguns exemples:<\/p>\n<h3>Odontologia<\/h3>\n<p>S&#8217;acostuma a emprar en <strong>extraccions complexes<\/strong>, com per exemple les dels queixals de l&#8217;enteniment, encara que solament en casos en els quals els pacients no siguin capa\u00e7os de tolerar b\u00e9 el procediment utilitzant nom\u00e9s anest\u00e8sia local. I el mateix succeeix amb la <strong>implantologia dental<\/strong>, amb la neteja profunda en pacients amb ansietat i p\u00e0nic o en cas que calgui tractar a nens o a persones amb discapacitat intel\u00b7lectual.<\/p>\n<h3>Proves diagn\u00f2stiques<\/h3>\n<p>A vegades, en dur a terme <strong>endosc\u00f2pies i colonosc\u00f2pies<\/strong> es fa servir aquesta sedaci\u00f3. Aix\u00ed, s&#8217;evita causar qualsevol tipus de dolor al pacient, i, a m\u00e9s, s&#8217;aconsegueix que es produeixin menys moviments durant el proc\u00e9s. I el mateix ocorre quan \u00e9s necessari <strong>realitzar una resson\u00e0ncia magn\u00e8tica o un TAC a un pacient amb claustrof\u00f2bia<\/strong>.<\/p>\n<h3>Cirurgies menors<\/h3>\n<p>Hi ha operacions que no requereixen d&#8217;una anest\u00e8sia general i la sedaci\u00f3 conscient permet realitzar aquests procediments de manera ambulat\u00f2ria. \u00c9s el cas d&#8217;operacions oculars com les cataractes, de les cirurgies dermatol\u00f2giques o d&#8217;intervencions ginecol\u00f2giques o urol\u00f2giques senzilles.<\/p>\n<p><img loading=\"lazy\" decoding=\"async\" class=\"aligncenter wp-image-15228 size-full\" title=\"sedaci\u00f3 quir\u00f2fan\" src=\"https:\/\/eoc.cat\/wp-content\/uploads\/2025\/10\/sedacion.webp\" alt=\"sedaci\u00f3 quir\u00f2fan \" width=\"1080\" height=\"720\" srcset=\"https:\/\/eoc.cat\/wp-content\/uploads\/2025\/10\/sedacion.webp 1080w, https:\/\/eoc.cat\/wp-content\/uploads\/2025\/10\/sedacion-980x653.webp 980w, https:\/\/eoc.cat\/wp-content\/uploads\/2025\/10\/sedacion-480x320.webp 480w\" sizes=\"(min-width: 0px) and (max-width: 480px) 480px, (min-width: 481px) and (max-width: 980px) 980px, (min-width: 981px) 1080px, 100vw\" \/><\/p>\n<h2>Limitacions a l&#8217;hora d&#8217;aplicar-la<\/h2>\n<p>La veritat \u00e9s que la majoria d&#8217;adults i de nens sans podran utilitzar-la sense cap problema. Aix\u00f2 s\u00ed, igual que ocorre amb qualsevol altra t\u00e8cnica anestesiol\u00f2gica, \u00e9s necessari que un professional avalu\u00ef l&#8217;<strong>historial m\u00e8dic del pacient<\/strong>. Ja que cal revisar quines s\u00f3n les seves possibles al\u00b7l\u00e8rgies i comprovar si t\u00e9 antecedents respiratoris, cardiovasculars o neurol\u00f2gics que facin recomanable una altra alternativa. I tamb\u00e9 \u00e9s important revisar la seva medicaci\u00f3, ja que cal evitar qualsevol tipus d&#8217;interacci\u00f3 amb els f\u00e0rmacs subministrats durant el procediment.<\/p>\n<h2>Avantatges de la sedaci\u00f3 conscient<\/h2>\n<p>Com ja has pogut comprovar, un dels objectius d&#8217;aquesta mena de sedaci\u00f3 \u00e9s aconseguir que els pacients es trobin m\u00e9s tranquils. Per tant, ofereix una <strong>major comoditat<\/strong> en reduir la seva ansietat i la seva por als procediments m\u00e8dics i odontol\u00f2gics.<\/p>\n<p>A m\u00e9s, permet una <strong>recuperaci\u00f3 molt m\u00e9s r\u00e0pida<\/strong> i presenta un menor risc de complicacions que l&#8217;anest\u00e8sia general. Tampoc acostuma a requerir d&#8217;hospitalitzaci\u00f3 posterior, tret que la intervenci\u00f3 realitzada sigui d&#8217;entitat. Finalment, \u00e9s important destacar que permet la c<strong>ol\u00b7laboraci\u00f3 del pacient<\/strong>, una cosa crucial en alguns procediments i que seria impossible si aquest es trob\u00e9s anestesiat per complet.<\/p>\n<h2>Precaucions despr\u00e9s de l&#8217;anest\u00e8sia<\/h2>\n<p>Encara que el pacient mai perd per complet la seva consci\u00e8ncia, s\u00ed que \u00e9s bastant habitual que se senti somnolent i una cosa desorientada durant algunes hores. A vegades, tamb\u00e9 es produeix una <strong>lleugera amn\u00e8sia<\/strong>, sobretot quan es fa servir el midazolam com a principi actiu. Per tant, s&#8217;ha de recomanar al pacient que acudeixi a l&#8217;operaci\u00f3 acompanyat per un dels seus familiars, i cal indicar-li que no condueixi fins a passades, almenys, 12 hores. A m\u00e9s, \u00e9s aconsellable que descansi i que mantingui l&#8217;activitat al m\u00ednim la resta del dia.<\/p>\n<p>&nbsp;<\/p>\n<p>La sedaci\u00f3 conscient \u00e9s una t\u00e8cnica clau en la medicina moderna, ja que millora notablement l&#8217;experi\u00e8ncia del pacient en procediments que, sense ser complexos, poden generar-li malestar o ansietat. Gr\u00e0cies a ella, milers de persones aconsegueixen accedir a tractaments que d&#8217;una altra manera evitarien, millorant la seva qualitat de vida i reduint les complicacions posteriors. La seva aplicaci\u00f3 segura dep\u00e8n d&#8217;una correcta avaluaci\u00f3 pr\u00e8via i de comptar amb professionals qualificats, per la qual cosa sempre ha de realitzar-se en entorns m\u00e8dics controlats.<\/p>\n","protected":false},"excerpt":{"rendered":"<p>Durant de la teva formaci\u00f3 com a auxiliar de quir\u00f2fan, segur que has sentit parlar sobre la sedaci\u00f3 conscient. I en aquest article volem aprofundir sobre aquesta t\u00e8cnica m\u00e8dica que permet que els pacients se sotmetin als procediments en un estat de calma i relaxaci\u00f3, per\u00f2 sense perdre per complet la seva consci\u00e8ncia. T&#8217;explicarem en [&hellip;]<\/p>\n","protected":false},"author":7,"featured_media":15231,"comment_status":"open","ping_status":"open","sticky":false,"template":"","format":"standard","meta":{"_et_pb_use_builder":"","_et_pb_old_content":"","_et_gb_content_width":"","footnotes":""},"categories":[88,91],"tags":[92],"class_list":["post-15227","post","type-post","status-publish","format-standard","has-post-thumbnail","hentry","category-auxiliar-infermeria","category-auxiliar-quirofan","tag-auxiliar-quirofan"],"yoast_head":"<!-- This site is optimized with the Yoast SEO plugin v27.4 - https:\/\/yoast.com\/product\/yoast-seo-wordpress\/ -->\n<title>Qu\u00e8 \u00e9s la sedaci\u00f3 conscient i quan s&#039;utilitza? | EOC<\/title>\n<meta name=\"description\" content=\"Et parlem de la sedaci\u00f3 conscient, dels seus usos, limitacions i avantatges. Aprofundeix sobre aquesta t\u00e8cnica m\u00e8dica de quir\u00f2fan.\" \/>\n<meta name=\"robots\" content=\"index, follow, max-snippet:-1, max-image-preview:large, max-video-preview:-1\" \/>\n<link rel=\"canonical\" href=\"https:\/\/eoc.cat\/ca\/sedacio-conscient\/\" \/>\n<meta property=\"og:locale\" content=\"ca_ES\" \/>\n<meta property=\"og:type\" content=\"article\" \/>\n<meta property=\"og:title\" content=\"Qu\u00e8 \u00e9s la sedaci\u00f3 conscient i quan s&#039;utilitza? | EOC\" \/>\n<meta property=\"og:description\" content=\"Et parlem de la sedaci\u00f3 conscient, dels seus usos, limitacions i avantatges. Aprofundeix sobre aquesta t\u00e8cnica m\u00e8dica de quir\u00f2fan.\" \/>\n<meta property=\"og:url\" content=\"https:\/\/eoc.cat\/ca\/sedacio-conscient\/\" \/>\n<meta property=\"og:site_name\" content=\"Escola d&#039;Oficis Catalunya\" \/>\n<meta property=\"article:publisher\" content=\"https:\/\/www.facebook.com\/EscoladOficisCatalunya\" \/>\n<meta property=\"article:published_time\" content=\"2025-10-20T08:57:49+00:00\" \/>\n<meta property=\"article:modified_time\" content=\"2025-10-20T08:58:10+00:00\" \/>\n<meta property=\"og:image\" content=\"https:\/\/eoc.cat\/wp-content\/uploads\/2025\/10\/sedacion-consciente.webp\" \/>\n\t<meta property=\"og:image:width\" content=\"1080\" \/>\n\t<meta property=\"og:image:height\" content=\"720\" \/>\n\t<meta property=\"og:image:type\" content=\"image\/webp\" \/>\n<meta name=\"author\" content=\"EOC\" \/>\n<meta name=\"twitter:card\" content=\"summary_large_image\" \/>\n<meta name=\"twitter:title\" content=\"Qu\u00e8 \u00e9s la sedaci\u00f3 conscient i quan s&#039;utilitza? | EOC\" \/>\n<meta name=\"twitter:description\" content=\"Et parlem de la sedaci\u00f3 conscient, dels seus usos, limitacions i avantatges. Aprofundeix sobre aquesta t\u00e8cnica m\u00e8dica de quir\u00f2fan.\" \/>\n<meta name=\"twitter:image\" content=\"https:\/\/eoc.cat\/wp-content\/uploads\/2025\/10\/sedacion-consciente.webp\" \/>\n<meta name=\"twitter:creator\" content=\"@escoficat\" \/>\n<meta name=\"twitter:site\" content=\"@escoficat\" \/>\n<script type=\"application\/ld+json\" class=\"yoast-schema-graph\">{\"@context\":\"https:\\\/\\\/schema.org\",\"@graph\":[{\"@type\":\"Article\",\"@id\":\"https:\\\/\\\/eoc.cat\\\/ca\\\/sedacio-conscient\\\/#article\",\"isPartOf\":{\"@id\":\"https:\\\/\\\/eoc.cat\\\/ca\\\/sedacio-conscient\\\/\"},\"author\":{\"name\":\"EOC\",\"@id\":\"https:\\\/\\\/eoc.cat\\\/#\\\/schema\\\/person\\\/702649fa6e82a790042399ed7f67f79f\"},\"headline\":\"Qu\u00e8 \u00e9s la sedaci\u00f3 conscient i quan s&#8217;utilitza?\",\"datePublished\":\"2025-10-20T08:57:49+00:00\",\"dateModified\":\"2025-10-20T08:58:10+00:00\",\"mainEntityOfPage\":{\"@id\":\"https:\\\/\\\/eoc.cat\\\/ca\\\/sedacio-conscient\\\/\"},\"wordCount\":912,\"commentCount\":0,\"publisher\":{\"@id\":\"https:\\\/\\\/eoc.cat\\\/#organization\"},\"image\":{\"@id\":\"https:\\\/\\\/eoc.cat\\\/ca\\\/sedacio-conscient\\\/#primaryimage\"},\"thumbnailUrl\":\"https:\\\/\\\/eoc.cat\\\/wp-content\\\/uploads\\\/2025\\\/10\\\/sedacion-consciente.webp\",\"keywords\":[\"auxiliar de quir\u00f2fan\"],\"articleSection\":[\"Auxiliar d'infermeria\",\"Auxiliar de quir\u00f2fan\"],\"inLanguage\":\"ca\",\"potentialAction\":[{\"@type\":\"CommentAction\",\"name\":\"Comment\",\"target\":[\"https:\\\/\\\/eoc.cat\\\/ca\\\/sedacio-conscient\\\/#respond\"]}]},{\"@type\":\"WebPage\",\"@id\":\"https:\\\/\\\/eoc.cat\\\/ca\\\/sedacio-conscient\\\/\",\"url\":\"https:\\\/\\\/eoc.cat\\\/ca\\\/sedacio-conscient\\\/\",\"name\":\"Qu\u00e8 \u00e9s la sedaci\u00f3 conscient i quan s'utilitza? | EOC\",\"isPartOf\":{\"@id\":\"https:\\\/\\\/eoc.cat\\\/#website\"},\"primaryImageOfPage\":{\"@id\":\"https:\\\/\\\/eoc.cat\\\/ca\\\/sedacio-conscient\\\/#primaryimage\"},\"image\":{\"@id\":\"https:\\\/\\\/eoc.cat\\\/ca\\\/sedacio-conscient\\\/#primaryimage\"},\"thumbnailUrl\":\"https:\\\/\\\/eoc.cat\\\/wp-content\\\/uploads\\\/2025\\\/10\\\/sedacion-consciente.webp\",\"datePublished\":\"2025-10-20T08:57:49+00:00\",\"dateModified\":\"2025-10-20T08:58:10+00:00\",\"description\":\"Et parlem de la sedaci\u00f3 conscient, dels seus usos, limitacions i avantatges. Aprofundeix sobre aquesta t\u00e8cnica m\u00e8dica de quir\u00f2fan.\",\"breadcrumb\":{\"@id\":\"https:\\\/\\\/eoc.cat\\\/ca\\\/sedacio-conscient\\\/#breadcrumb\"},\"inLanguage\":\"ca\",\"potentialAction\":[{\"@type\":\"ReadAction\",\"target\":[\"https:\\\/\\\/eoc.cat\\\/ca\\\/sedacio-conscient\\\/\"]}]},{\"@type\":\"ImageObject\",\"inLanguage\":\"ca\",\"@id\":\"https:\\\/\\\/eoc.cat\\\/ca\\\/sedacio-conscient\\\/#primaryimage\",\"url\":\"https:\\\/\\\/eoc.cat\\\/wp-content\\\/uploads\\\/2025\\\/10\\\/sedacion-consciente.webp\",\"contentUrl\":\"https:\\\/\\\/eoc.cat\\\/wp-content\\\/uploads\\\/2025\\\/10\\\/sedacion-consciente.webp\",\"width\":1080,\"height\":720,\"caption\":\"sedaci\u00f3n consciente\"},{\"@type\":\"BreadcrumbList\",\"@id\":\"https:\\\/\\\/eoc.cat\\\/ca\\\/sedacio-conscient\\\/#breadcrumb\",\"itemListElement\":[{\"@type\":\"ListItem\",\"position\":1,\"name\":\"Portada\",\"item\":\"https:\\\/\\\/eoc.cat\\\/ca\\\/\"},{\"@type\":\"ListItem\",\"position\":2,\"name\":\"Qu\u00e8 \u00e9s la sedaci\u00f3 conscient i quan s&#8217;utilitza?\"}]},{\"@type\":\"WebSite\",\"@id\":\"https:\\\/\\\/eoc.cat\\\/#website\",\"url\":\"https:\\\/\\\/eoc.cat\\\/\",\"name\":\"Escola d'Oficis Catalunya\",\"description\":\"Escuela de formaci\u00f3n profesional para adultos y j\u00f3venes\",\"publisher\":{\"@id\":\"https:\\\/\\\/eoc.cat\\\/#organization\"},\"alternateName\":\"EOC\",\"potentialAction\":[{\"@type\":\"SearchAction\",\"target\":{\"@type\":\"EntryPoint\",\"urlTemplate\":\"https:\\\/\\\/eoc.cat\\\/?s={search_term_string}\"},\"query-input\":{\"@type\":\"PropertyValueSpecification\",\"valueRequired\":true,\"valueName\":\"search_term_string\"}}],\"inLanguage\":\"ca\"},{\"@type\":\"Organization\",\"@id\":\"https:\\\/\\\/eoc.cat\\\/#organization\",\"name\":\"Escola d'Oficis Catalunya\",\"alternateName\":\"EOC\",\"url\":\"https:\\\/\\\/eoc.cat\\\/\",\"logo\":{\"@type\":\"ImageObject\",\"inLanguage\":\"ca\",\"@id\":\"https:\\\/\\\/eoc.cat\\\/#\\\/schema\\\/logo\\\/image\\\/\",\"url\":\"https:\\\/\\\/eoc.cat\\\/wp-content\\\/uploads\\\/2020\\\/12\\\/eoc-logotipo.png\",\"contentUrl\":\"https:\\\/\\\/eoc.cat\\\/wp-content\\\/uploads\\\/2020\\\/12\\\/eoc-logotipo.png\",\"width\":274,\"height\":118,\"caption\":\"Escola d'Oficis Catalunya\"},\"image\":{\"@id\":\"https:\\\/\\\/eoc.cat\\\/#\\\/schema\\\/logo\\\/image\\\/\"},\"sameAs\":[\"https:\\\/\\\/www.facebook.com\\\/EscoladOficisCatalunya\",\"https:\\\/\\\/x.com\\\/escoficat\",\"https:\\\/\\\/www.instagram.com\\\/escoladoficiscatalunya\\\/\",\"https:\\\/\\\/www.linkedin.com\\\/school\\\/escoladoficiscatalunya\\\/\",\"https:\\\/\\\/www.youtube.com\\\/channel\\\/UC_HLShkY7t1pf1CrXPw-gRQ\"]},{\"@type\":\"Person\",\"@id\":\"https:\\\/\\\/eoc.cat\\\/#\\\/schema\\\/person\\\/702649fa6e82a790042399ed7f67f79f\",\"name\":\"EOC\",\"image\":{\"@type\":\"ImageObject\",\"inLanguage\":\"ca\",\"@id\":\"https:\\\/\\\/secure.gravatar.com\\\/avatar\\\/db655658f91923a915562a010af881cf03bb56574b7e1241e9fa9ab684c7a9d0?s=96&r=g\",\"url\":\"https:\\\/\\\/secure.gravatar.com\\\/avatar\\\/db655658f91923a915562a010af881cf03bb56574b7e1241e9fa9ab684c7a9d0?s=96&r=g\",\"contentUrl\":\"https:\\\/\\\/secure.gravatar.com\\\/avatar\\\/db655658f91923a915562a010af881cf03bb56574b7e1241e9fa9ab684c7a9d0?s=96&r=g\",\"caption\":\"EOC\"},\"url\":\"https:\\\/\\\/eoc.cat\\\/ca\\\/author\\\/e0c93k1lk3\\\/\"}]}<\/script>\n<!-- \/ Yoast SEO plugin. -->","yoast_head_json":{"title":"Qu\u00e8 \u00e9s la sedaci\u00f3 conscient i quan s'utilitza? | EOC","description":"Et parlem de la sedaci\u00f3 conscient, dels seus usos, limitacions i avantatges. Aprofundeix sobre aquesta t\u00e8cnica m\u00e8dica de quir\u00f2fan.","robots":{"index":"index","follow":"follow","max-snippet":"max-snippet:-1","max-image-preview":"max-image-preview:large","max-video-preview":"max-video-preview:-1"},"canonical":"https:\/\/eoc.cat\/ca\/sedacio-conscient\/","og_locale":"ca_ES","og_type":"article","og_title":"Qu\u00e8 \u00e9s la sedaci\u00f3 conscient i quan s'utilitza? | EOC","og_description":"Et parlem de la sedaci\u00f3 conscient, dels seus usos, limitacions i avantatges. Aprofundeix sobre aquesta t\u00e8cnica m\u00e8dica de quir\u00f2fan.","og_url":"https:\/\/eoc.cat\/ca\/sedacio-conscient\/","og_site_name":"Escola d&#039;Oficis Catalunya","article_publisher":"https:\/\/www.facebook.com\/EscoladOficisCatalunya","article_published_time":"2025-10-20T08:57:49+00:00","article_modified_time":"2025-10-20T08:58:10+00:00","og_image":[{"width":1080,"height":720,"url":"https:\/\/eoc.cat\/wp-content\/uploads\/2025\/10\/sedacion-consciente.webp","type":"image\/webp"}],"author":"EOC","twitter_card":"summary_large_image","twitter_title":"Qu\u00e8 \u00e9s la sedaci\u00f3 conscient i quan s'utilitza? | EOC","twitter_description":"Et parlem de la sedaci\u00f3 conscient, dels seus usos, limitacions i avantatges. Aprofundeix sobre aquesta t\u00e8cnica m\u00e8dica de quir\u00f2fan.","twitter_image":"https:\/\/eoc.cat\/wp-content\/uploads\/2025\/10\/sedacion-consciente.webp","twitter_creator":"@escoficat","twitter_site":"@escoficat","schema":{"@context":"https:\/\/schema.org","@graph":[{"@type":"Article","@id":"https:\/\/eoc.cat\/ca\/sedacio-conscient\/#article","isPartOf":{"@id":"https:\/\/eoc.cat\/ca\/sedacio-conscient\/"},"author":{"name":"EOC","@id":"https:\/\/eoc.cat\/#\/schema\/person\/702649fa6e82a790042399ed7f67f79f"},"headline":"Qu\u00e8 \u00e9s la sedaci\u00f3 conscient i quan s&#8217;utilitza?","datePublished":"2025-10-20T08:57:49+00:00","dateModified":"2025-10-20T08:58:10+00:00","mainEntityOfPage":{"@id":"https:\/\/eoc.cat\/ca\/sedacio-conscient\/"},"wordCount":912,"commentCount":0,"publisher":{"@id":"https:\/\/eoc.cat\/#organization"},"image":{"@id":"https:\/\/eoc.cat\/ca\/sedacio-conscient\/#primaryimage"},"thumbnailUrl":"https:\/\/eoc.cat\/wp-content\/uploads\/2025\/10\/sedacion-consciente.webp","keywords":["auxiliar de quir\u00f2fan"],"articleSection":["Auxiliar d'infermeria","Auxiliar de quir\u00f2fan"],"inLanguage":"ca","potentialAction":[{"@type":"CommentAction","name":"Comment","target":["https:\/\/eoc.cat\/ca\/sedacio-conscient\/#respond"]}]},{"@type":"WebPage","@id":"https:\/\/eoc.cat\/ca\/sedacio-conscient\/","url":"https:\/\/eoc.cat\/ca\/sedacio-conscient\/","name":"Qu\u00e8 \u00e9s la sedaci\u00f3 conscient i quan s'utilitza? | EOC","isPartOf":{"@id":"https:\/\/eoc.cat\/#website"},"primaryImageOfPage":{"@id":"https:\/\/eoc.cat\/ca\/sedacio-conscient\/#primaryimage"},"image":{"@id":"https:\/\/eoc.cat\/ca\/sedacio-conscient\/#primaryimage"},"thumbnailUrl":"https:\/\/eoc.cat\/wp-content\/uploads\/2025\/10\/sedacion-consciente.webp","datePublished":"2025-10-20T08:57:49+00:00","dateModified":"2025-10-20T08:58:10+00:00","description":"Et parlem de la sedaci\u00f3 conscient, dels seus usos, limitacions i avantatges. Aprofundeix sobre aquesta t\u00e8cnica m\u00e8dica de quir\u00f2fan.","breadcrumb":{"@id":"https:\/\/eoc.cat\/ca\/sedacio-conscient\/#breadcrumb"},"inLanguage":"ca","potentialAction":[{"@type":"ReadAction","target":["https:\/\/eoc.cat\/ca\/sedacio-conscient\/"]}]},{"@type":"ImageObject","inLanguage":"ca","@id":"https:\/\/eoc.cat\/ca\/sedacio-conscient\/#primaryimage","url":"https:\/\/eoc.cat\/wp-content\/uploads\/2025\/10\/sedacion-consciente.webp","contentUrl":"https:\/\/eoc.cat\/wp-content\/uploads\/2025\/10\/sedacion-consciente.webp","width":1080,"height":720,"caption":"sedaci\u00f3n consciente"},{"@type":"BreadcrumbList","@id":"https:\/\/eoc.cat\/ca\/sedacio-conscient\/#breadcrumb","itemListElement":[{"@type":"ListItem","position":1,"name":"Portada","item":"https:\/\/eoc.cat\/ca\/"},{"@type":"ListItem","position":2,"name":"Qu\u00e8 \u00e9s la sedaci\u00f3 conscient i quan s&#8217;utilitza?"}]},{"@type":"WebSite","@id":"https:\/\/eoc.cat\/#website","url":"https:\/\/eoc.cat\/","name":"Escola d'Oficis Catalunya","description":"Escuela de formaci\u00f3n profesional para adultos y j\u00f3venes","publisher":{"@id":"https:\/\/eoc.cat\/#organization"},"alternateName":"EOC","potentialAction":[{"@type":"SearchAction","target":{"@type":"EntryPoint","urlTemplate":"https:\/\/eoc.cat\/?s={search_term_string}"},"query-input":{"@type":"PropertyValueSpecification","valueRequired":true,"valueName":"search_term_string"}}],"inLanguage":"ca"},{"@type":"Organization","@id":"https:\/\/eoc.cat\/#organization","name":"Escola d'Oficis Catalunya","alternateName":"EOC","url":"https:\/\/eoc.cat\/","logo":{"@type":"ImageObject","inLanguage":"ca","@id":"https:\/\/eoc.cat\/#\/schema\/logo\/image\/","url":"https:\/\/eoc.cat\/wp-content\/uploads\/2020\/12\/eoc-logotipo.png","contentUrl":"https:\/\/eoc.cat\/wp-content\/uploads\/2020\/12\/eoc-logotipo.png","width":274,"height":118,"caption":"Escola d'Oficis Catalunya"},"image":{"@id":"https:\/\/eoc.cat\/#\/schema\/logo\/image\/"},"sameAs":["https:\/\/www.facebook.com\/EscoladOficisCatalunya","https:\/\/x.com\/escoficat","https:\/\/www.instagram.com\/escoladoficiscatalunya\/","https:\/\/www.linkedin.com\/school\/escoladoficiscatalunya\/","https:\/\/www.youtube.com\/channel\/UC_HLShkY7t1pf1CrXPw-gRQ"]},{"@type":"Person","@id":"https:\/\/eoc.cat\/#\/schema\/person\/702649fa6e82a790042399ed7f67f79f","name":"EOC","image":{"@type":"ImageObject","inLanguage":"ca","@id":"https:\/\/secure.gravatar.com\/avatar\/db655658f91923a915562a010af881cf03bb56574b7e1241e9fa9ab684c7a9d0?s=96&r=g","url":"https:\/\/secure.gravatar.com\/avatar\/db655658f91923a915562a010af881cf03bb56574b7e1241e9fa9ab684c7a9d0?s=96&r=g","contentUrl":"https:\/\/secure.gravatar.com\/avatar\/db655658f91923a915562a010af881cf03bb56574b7e1241e9fa9ab684c7a9d0?s=96&r=g","caption":"EOC"},"url":"https:\/\/eoc.cat\/ca\/author\/e0c93k1lk3\/"}]}},"_links":{"self":[{"href":"https:\/\/eoc.cat\/ca\/wp-json\/wp\/v2\/posts\/15227","targetHints":{"allow":["GET"]}}],"collection":[{"href":"https:\/\/eoc.cat\/ca\/wp-json\/wp\/v2\/posts"}],"about":[{"href":"https:\/\/eoc.cat\/ca\/wp-json\/wp\/v2\/types\/post"}],"author":[{"embeddable":true,"href":"https:\/\/eoc.cat\/ca\/wp-json\/wp\/v2\/users\/7"}],"replies":[{"embeddable":true,"href":"https:\/\/eoc.cat\/ca\/wp-json\/wp\/v2\/comments?post=15227"}],"version-history":[{"count":3,"href":"https:\/\/eoc.cat\/ca\/wp-json\/wp\/v2\/posts\/15227\/revisions"}],"predecessor-version":[{"id":15235,"href":"https:\/\/eoc.cat\/ca\/wp-json\/wp\/v2\/posts\/15227\/revisions\/15235"}],"wp:featuredmedia":[{"embeddable":true,"href":"https:\/\/eoc.cat\/ca\/wp-json\/wp\/v2\/media\/15231"}],"wp:attachment":[{"href":"https:\/\/eoc.cat\/ca\/wp-json\/wp\/v2\/media?parent=15227"}],"wp:term":[{"taxonomy":"category","embeddable":true,"href":"https:\/\/eoc.cat\/ca\/wp-json\/wp\/v2\/categories?post=15227"},{"taxonomy":"post_tag","embeddable":true,"href":"https:\/\/eoc.cat\/ca\/wp-json\/wp\/v2\/tags?post=15227"}],"curies":[{"name":"wp","href":"https:\/\/api.w.org\/{rel}","templated":true}]}}