{"id":15286,"date":"2025-12-15T09:09:10","date_gmt":"2025-12-15T08:09:10","guid":{"rendered":"https:\/\/eoc.cat\/?p=15286"},"modified":"2025-12-15T09:09:10","modified_gmt":"2025-12-15T08:09:10","slug":"classificacio-de-les-ferides-infermeria","status":"publish","type":"post","link":"https:\/\/eoc.cat\/ca\/classificacio-de-les-ferides-infermeria\/","title":{"rendered":"Classificaci\u00f3 de les ferides en infermeria"},"content":{"rendered":"<p>Con\u00e8ixer la <strong>classificaci\u00f3 de les ferides<\/strong> \u00e9s fonamental per al personal d&#8217;infermeria, i per aix\u00f2 en aquest article t&#8217;explicarem qu\u00e8 has d&#8217;entendre com a ferida i les diferents classificacions que pots fer amb cadascuna d&#8217;elles.<\/p>\n<p>En el treball diari d&#8217;infermeria, poques coses s\u00f3n tan freq\u00fcents com trobar-se amb una ferida. I encara que a simple vista sembli f\u00e0cil distingir-les, <strong>saber exactament quin tipus de lesi\u00f3 tenim davant<\/strong> \u00e9s clau per a poder <strong>actuar amb seguretat<\/strong>. Entendre qu\u00e8 ha ocorregut, quins teixits estan implicats i quins riscos existeixen marca la difer\u00e8ncia en les cures que oferirem.<\/p>\n<h2>Qu\u00e8 \u00e9s una ferida?<\/h2>\n<p>Podem dir <strong>ferida<\/strong> a qualsevol <strong>trencament de la pell o de les mucoses<\/strong>. El fet m\u00e9s habitual \u00e9s que, a m\u00e9s de la zona visible, hi hagi <strong>algun grau de mal en els teixits m\u00e9s profunds<\/strong>. Aquestes lesions poden deure&#8217;s a un tall, a un cop, a una cremada o fins i tot al contacte amb subst\u00e0ncies qu\u00edmiques.<\/p>\n<p>L&#8217;<strong>aspecte<\/strong>, la <strong>profunditat<\/strong> i la <strong>localitzaci\u00f3<\/strong> influiran molt punt en la seva gravetat com en l&#8217;evoluci\u00f3 posterior.<\/p>\n<p>Per a un <a href=\"https:\/\/eoc.cat\/ca\/cfgm-auxiliar-infermeria\/\">TCAE<\/a>, identificar b\u00e9 el tipus de ferida \u00e9s una eina fonamental per a planificar unes cures adequades des del primer minut.<\/p>\n<h2>Classificaci\u00f3 de les ferides segons el mecanisme que les produeix<\/h2>\n<p>Mirar com es va generar la ferida ens dona molta informaci\u00f3 sobre el tipus de mal i el risc d&#8217;infecci\u00f3.<\/p>\n<ul>\n<li><strong>Ferides incises<\/strong>: produ\u00efdes per objectes tallants com a ganivets o bistur\u00eds. Acostumen a mostrar vores netes i un sagnat notable, encara que, ben ateses, cicatritzen sense massa problemes.<\/li>\n<li><strong>Punxants<\/strong>: creades per elements punxeguts, per exemple un clau o una agulla. A vegades semblen petites, per\u00f2 poden aprofundir bastant i aix\u00f2 complica la seva neteja.<\/li>\n<li><strong>Contuses<\/strong>: les t\u00edpiques d&#8217;un cop. Pot ser que la pell estigui intacta, per\u00f2 per sota poden apar\u00e8ixer hematomes o fins i tot zones de necrosis.<\/li>\n<li><strong>Lacerades:<\/strong> s\u00f3n esquin\u00e7aments amb vores irregulars i teixit danyat. Acostumen a requerir m\u00e9s temps i cura per a recuperar-se.<\/li>\n<li><strong>Ferides per arma de foc<\/strong>: especialment complexes, ja que el projectil pot destruir diversos teixits al seu pas i aconseguir cavitats internes.<\/li>\n<li><strong>Lesions per agents qu\u00edmics o t\u00e8rmics<\/strong>: inclouen cremades, congelacions i danys causats per subst\u00e0ncies corrosives. S\u00f3n ferides especials perqu\u00e8 en aquest cas hi ha destrucci\u00f3 tissular i l&#8217;abordatge \u00e9s especialitzat.<\/li>\n<\/ul>\n<p><img loading=\"lazy\" decoding=\"async\" class=\"aligncenter wp-image-15289 size-full\" title=\"tipus de ferides classificaci\u00f3\" src=\"https:\/\/eoc.cat\/wp-content\/uploads\/2025\/12\/tipos-heridas.webp\" alt=\"tipus de ferides classificaci\u00f3 \" width=\"1080\" height=\"720\" srcset=\"https:\/\/eoc.cat\/wp-content\/uploads\/2025\/12\/tipos-heridas.webp 1080w, https:\/\/eoc.cat\/wp-content\/uploads\/2025\/12\/tipos-heridas-980x653.webp 980w, https:\/\/eoc.cat\/wp-content\/uploads\/2025\/12\/tipos-heridas-480x320.webp 480w\" sizes=\"(min-width: 0px) and (max-width: 480px) 480px, (min-width: 481px) and (max-width: 980px) 980px, (min-width: 981px) 1080px, 100vw\" \/><\/p>\n<h2>Classificaci\u00f3 segons la profunditat<\/h2>\n<p>\u00c9s una altra de les formes de classificaci\u00f3 de les ferides. Aqu\u00ed l&#8217;important \u00e9s quant ha avan\u00e7at la lesi\u00f3 a trav\u00e9s de les diferents capes de teixit:<\/p>\n<ul>\n<li><strong>Superficials<\/strong>: nom\u00e9s afecten l&#8217;epidermis. Acostumen a evolucionar b\u00e9 amb cures b\u00e0siques.<\/li>\n<li><strong>Ferides profundes<\/strong>: arriben a la dermis o fins i tot a estructures com a m\u00fascul o os. Necessiten una higiene rigorosa per a prevenir infeccions.<\/li>\n<li><strong>Penetrants<\/strong>: travessen teixits fins a aconseguir una cavitat corporal. S\u00f3n potencialment greus i requereixen atenci\u00f3 immediata.<\/li>\n<\/ul>\n<h2>Classificaci\u00f3 de les ferides segons el grau de contaminaci\u00f3<\/h2>\n<p>Aquest criteri ens orienta sobre el <strong>risc d&#8217;infecci\u00f3<\/strong>:<\/p>\n<ul>\n<li><strong>Netes<\/strong>: sense contacte amb brut\u00edcia ni secrecions. Cicatritzen amb facilitat.<\/li>\n<li><strong>Netes-contaminades<\/strong>: no mostren infecci\u00f3, per\u00f2 podrien haver estat exposades a mucoses.<\/li>\n<li><strong>Contaminades<\/strong>: lesions originades en un entorn brut o amb cossos estranys. Necessiten m\u00e9s vigil\u00e0ncia i fins i tot tractament antibi\u00f2tic.<\/li>\n<li><strong>Infectades<\/strong>: presenten signes clars: calor, enrogiment, dolor, mala olor, pus o febre.<\/li>\n<\/ul>\n<h2>Classificaci\u00f3 segons l&#8217;evoluci\u00f3 i el tipus de cicatritzaci\u00f3<\/h2>\n<p>El cos t\u00e9 diverses maneres de reparar una ferida:<\/p>\n<ul>\n<li><strong>Primera intenci\u00f3<\/strong>: la ferida es tanca unint les seves vores amb sutures o ap\u00f2sits. El proc\u00e9s \u00e9s r\u00e0pid i deixa poca cicatriu.<\/li>\n<li><strong>Segona intenci\u00f3<\/strong>: ocorre quan hi ha p\u00e8rdua de teixit o infecci\u00f3. La reparaci\u00f3 va des del fons cap a la superf\u00edcie. \u00c9s un proc\u00e9s m\u00e9s lent i requereix cures repetides.<\/li>\n<li><strong>Tercera intenci\u00f3 o tancament diferit<\/strong>: es deixa la ferida oberta uns dies, es controla la infecci\u00f3 i despr\u00e9s se sutura.<\/li>\n<\/ul>\n<p>L&#8217;observaci\u00f3 cont\u00ednua de la ferida permet detectar complicacions a temps, com a infeccions o cicatrius que evolucionen de manera an\u00f2mala. La classificaci\u00f3 de les ferides de manera adequada no \u00e9s un pas administratiu, \u00e9s la base per a oferir cures segures, personalitzats i eficaces.<\/p>\n","protected":false},"excerpt":{"rendered":"<p>Con\u00e8ixer la classificaci\u00f3 de les ferides \u00e9s fonamental per al personal d&#8217;infermeria, i per aix\u00f2 en aquest article t&#8217;explicarem qu\u00e8 has d&#8217;entendre com a ferida i les diferents classificacions que pots fer amb cadascuna d&#8217;elles. En el treball diari d&#8217;infermeria, poques coses s\u00f3n tan freq\u00fcents com trobar-se amb una ferida. I encara que a simple [&hellip;]<\/p>\n","protected":false},"author":7,"featured_media":15288,"comment_status":"open","ping_status":"open","sticky":false,"template":"","format":"standard","meta":{"_et_pb_use_builder":"","_et_pb_old_content":"","_et_gb_content_width":"","footnotes":""},"categories":[88,91],"tags":[92],"class_list":["post-15286","post","type-post","status-publish","format-standard","has-post-thumbnail","hentry","category-auxiliar-infermeria","category-auxiliar-quirofan","tag-auxiliar-quirofan"],"yoast_head":"<!-- This site is optimized with the Yoast SEO plugin v27.5 - https:\/\/yoast.com\/product\/yoast-seo-wordpress\/ -->\n<title>Classificaci\u00f3 de les ferides en infermeria | EOC formaci\u00f3<\/title>\n<meta name=\"description\" content=\"Et parlem de la classificaci\u00f3 de les ferides en infermeria. Un cas com\u00fa en l&#039;atenci\u00f3 en centres de salut i sanitaris.\" \/>\n<meta name=\"robots\" content=\"index, follow, max-snippet:-1, max-image-preview:large, max-video-preview:-1\" \/>\n<link rel=\"canonical\" href=\"https:\/\/eoc.cat\/ca\/classificacio-de-les-ferides-infermeria\/\" \/>\n<meta property=\"og:locale\" content=\"ca_ES\" \/>\n<meta property=\"og:type\" content=\"article\" \/>\n<meta property=\"og:title\" content=\"Classificaci\u00f3 de les ferides en infermeria | EOC formaci\u00f3\" \/>\n<meta property=\"og:description\" content=\"Et parlem de la classificaci\u00f3 de les ferides en infermeria. Un cas com\u00fa en l&#039;atenci\u00f3 en centres de salut i sanitaris.\" \/>\n<meta property=\"og:url\" content=\"https:\/\/eoc.cat\/ca\/classificacio-de-les-ferides-infermeria\/\" \/>\n<meta property=\"og:site_name\" content=\"Escola d&#039;Oficis Catalunya\" \/>\n<meta property=\"article:publisher\" content=\"https:\/\/www.facebook.com\/EscoladOficisCatalunya\" \/>\n<meta property=\"article:published_time\" content=\"2025-12-15T08:09:10+00:00\" \/>\n<meta property=\"og:image\" content=\"https:\/\/eoc.cat\/wp-content\/uploads\/2025\/12\/c-heridas.webp\" \/>\n\t<meta property=\"og:image:width\" content=\"1080\" \/>\n\t<meta property=\"og:image:height\" content=\"720\" \/>\n\t<meta property=\"og:image:type\" content=\"image\/webp\" \/>\n<meta name=\"author\" content=\"EOC\" \/>\n<meta name=\"twitter:card\" content=\"summary_large_image\" \/>\n<meta name=\"twitter:title\" content=\"Classificaci\u00f3 de les ferides en infermeria | EOC formaci\u00f3\" \/>\n<meta name=\"twitter:description\" content=\"Et parlem de la classificaci\u00f3 de les ferides en infermeria. Un cas com\u00fa en l&#039;atenci\u00f3 en centres de salut i sanitaris.\" \/>\n<meta name=\"twitter:image\" content=\"https:\/\/eoc.cat\/wp-content\/uploads\/2025\/12\/c-heridas.webp\" \/>\n<meta name=\"twitter:creator\" content=\"@escoficat\" \/>\n<meta name=\"twitter:site\" content=\"@escoficat\" \/>\n<script type=\"application\/ld+json\" class=\"yoast-schema-graph\">{\"@context\":\"https:\\\/\\\/schema.org\",\"@graph\":[{\"@type\":\"Article\",\"@id\":\"https:\\\/\\\/eoc.cat\\\/ca\\\/classificacio-de-les-ferides-infermeria\\\/#article\",\"isPartOf\":{\"@id\":\"https:\\\/\\\/eoc.cat\\\/ca\\\/classificacio-de-les-ferides-infermeria\\\/\"},\"author\":{\"name\":\"EOC\",\"@id\":\"https:\\\/\\\/eoc.cat\\\/#\\\/schema\\\/person\\\/702649fa6e82a790042399ed7f67f79f\"},\"headline\":\"Classificaci\u00f3 de les ferides en infermeria\",\"datePublished\":\"2025-12-15T08:09:10+00:00\",\"mainEntityOfPage\":{\"@id\":\"https:\\\/\\\/eoc.cat\\\/ca\\\/classificacio-de-les-ferides-infermeria\\\/\"},\"wordCount\":727,\"commentCount\":0,\"publisher\":{\"@id\":\"https:\\\/\\\/eoc.cat\\\/#organization\"},\"image\":{\"@id\":\"https:\\\/\\\/eoc.cat\\\/ca\\\/classificacio-de-les-ferides-infermeria\\\/#primaryimage\"},\"thumbnailUrl\":\"https:\\\/\\\/eoc.cat\\\/wp-content\\\/uploads\\\/2025\\\/12\\\/c-heridas.webp\",\"keywords\":[\"auxiliar de quir\u00f2fan\"],\"articleSection\":[\"Auxiliar d'infermeria\",\"Auxiliar de quir\u00f2fan\"],\"inLanguage\":\"ca\",\"potentialAction\":[{\"@type\":\"CommentAction\",\"name\":\"Comment\",\"target\":[\"https:\\\/\\\/eoc.cat\\\/ca\\\/classificacio-de-les-ferides-infermeria\\\/#respond\"]}]},{\"@type\":\"WebPage\",\"@id\":\"https:\\\/\\\/eoc.cat\\\/ca\\\/classificacio-de-les-ferides-infermeria\\\/\",\"url\":\"https:\\\/\\\/eoc.cat\\\/ca\\\/classificacio-de-les-ferides-infermeria\\\/\",\"name\":\"Classificaci\u00f3 de les ferides en infermeria | EOC formaci\u00f3\",\"isPartOf\":{\"@id\":\"https:\\\/\\\/eoc.cat\\\/#website\"},\"primaryImageOfPage\":{\"@id\":\"https:\\\/\\\/eoc.cat\\\/ca\\\/classificacio-de-les-ferides-infermeria\\\/#primaryimage\"},\"image\":{\"@id\":\"https:\\\/\\\/eoc.cat\\\/ca\\\/classificacio-de-les-ferides-infermeria\\\/#primaryimage\"},\"thumbnailUrl\":\"https:\\\/\\\/eoc.cat\\\/wp-content\\\/uploads\\\/2025\\\/12\\\/c-heridas.webp\",\"datePublished\":\"2025-12-15T08:09:10+00:00\",\"description\":\"Et parlem de la classificaci\u00f3 de les ferides en infermeria. Un cas com\u00fa en l'atenci\u00f3 en centres de salut i sanitaris.\",\"breadcrumb\":{\"@id\":\"https:\\\/\\\/eoc.cat\\\/ca\\\/classificacio-de-les-ferides-infermeria\\\/#breadcrumb\"},\"inLanguage\":\"ca\",\"potentialAction\":[{\"@type\":\"ReadAction\",\"target\":[\"https:\\\/\\\/eoc.cat\\\/ca\\\/classificacio-de-les-ferides-infermeria\\\/\"]}]},{\"@type\":\"ImageObject\",\"inLanguage\":\"ca\",\"@id\":\"https:\\\/\\\/eoc.cat\\\/ca\\\/classificacio-de-les-ferides-infermeria\\\/#primaryimage\",\"url\":\"https:\\\/\\\/eoc.cat\\\/wp-content\\\/uploads\\\/2025\\\/12\\\/c-heridas.webp\",\"contentUrl\":\"https:\\\/\\\/eoc.cat\\\/wp-content\\\/uploads\\\/2025\\\/12\\\/c-heridas.webp\",\"width\":1080,\"height\":720,\"caption\":\"clasificaci\u00f3n de las heridas en enfermer\u00eda\"},{\"@type\":\"BreadcrumbList\",\"@id\":\"https:\\\/\\\/eoc.cat\\\/ca\\\/classificacio-de-les-ferides-infermeria\\\/#breadcrumb\",\"itemListElement\":[{\"@type\":\"ListItem\",\"position\":1,\"name\":\"Portada\",\"item\":\"https:\\\/\\\/eoc.cat\\\/ca\\\/\"},{\"@type\":\"ListItem\",\"position\":2,\"name\":\"Classificaci\u00f3 de les ferides en infermeria\"}]},{\"@type\":\"WebSite\",\"@id\":\"https:\\\/\\\/eoc.cat\\\/#website\",\"url\":\"https:\\\/\\\/eoc.cat\\\/\",\"name\":\"Escola d'Oficis Catalunya\",\"description\":\"Escuela de formaci\u00f3n profesional para adultos y j\u00f3venes\",\"publisher\":{\"@id\":\"https:\\\/\\\/eoc.cat\\\/#organization\"},\"alternateName\":\"EOC\",\"potentialAction\":[{\"@type\":\"SearchAction\",\"target\":{\"@type\":\"EntryPoint\",\"urlTemplate\":\"https:\\\/\\\/eoc.cat\\\/?s={search_term_string}\"},\"query-input\":{\"@type\":\"PropertyValueSpecification\",\"valueRequired\":true,\"valueName\":\"search_term_string\"}}],\"inLanguage\":\"ca\"},{\"@type\":\"Organization\",\"@id\":\"https:\\\/\\\/eoc.cat\\\/#organization\",\"name\":\"Escola d'Oficis Catalunya\",\"alternateName\":\"EOC\",\"url\":\"https:\\\/\\\/eoc.cat\\\/\",\"logo\":{\"@type\":\"ImageObject\",\"inLanguage\":\"ca\",\"@id\":\"https:\\\/\\\/eoc.cat\\\/#\\\/schema\\\/logo\\\/image\\\/\",\"url\":\"https:\\\/\\\/eoc.cat\\\/wp-content\\\/uploads\\\/2020\\\/12\\\/eoc-logotipo.png\",\"contentUrl\":\"https:\\\/\\\/eoc.cat\\\/wp-content\\\/uploads\\\/2020\\\/12\\\/eoc-logotipo.png\",\"width\":274,\"height\":118,\"caption\":\"Escola d'Oficis Catalunya\"},\"image\":{\"@id\":\"https:\\\/\\\/eoc.cat\\\/#\\\/schema\\\/logo\\\/image\\\/\"},\"sameAs\":[\"https:\\\/\\\/www.facebook.com\\\/EscoladOficisCatalunya\",\"https:\\\/\\\/x.com\\\/escoficat\",\"https:\\\/\\\/www.instagram.com\\\/escoladoficiscatalunya\\\/\",\"https:\\\/\\\/www.linkedin.com\\\/school\\\/escoladoficiscatalunya\\\/\",\"https:\\\/\\\/www.youtube.com\\\/channel\\\/UC_HLShkY7t1pf1CrXPw-gRQ\"]},{\"@type\":\"Person\",\"@id\":\"https:\\\/\\\/eoc.cat\\\/#\\\/schema\\\/person\\\/702649fa6e82a790042399ed7f67f79f\",\"name\":\"EOC\",\"image\":{\"@type\":\"ImageObject\",\"inLanguage\":\"ca\",\"@id\":\"https:\\\/\\\/secure.gravatar.com\\\/avatar\\\/db655658f91923a915562a010af881cf03bb56574b7e1241e9fa9ab684c7a9d0?s=96&r=g\",\"url\":\"https:\\\/\\\/secure.gravatar.com\\\/avatar\\\/db655658f91923a915562a010af881cf03bb56574b7e1241e9fa9ab684c7a9d0?s=96&r=g\",\"contentUrl\":\"https:\\\/\\\/secure.gravatar.com\\\/avatar\\\/db655658f91923a915562a010af881cf03bb56574b7e1241e9fa9ab684c7a9d0?s=96&r=g\",\"caption\":\"EOC\"},\"url\":\"https:\\\/\\\/eoc.cat\\\/ca\\\/author\\\/e0c93k1lk3\\\/\"}]}<\/script>\n<!-- \/ Yoast SEO plugin. -->","yoast_head_json":{"title":"Classificaci\u00f3 de les ferides en infermeria | EOC formaci\u00f3","description":"Et parlem de la classificaci\u00f3 de les ferides en infermeria. Un cas com\u00fa en l'atenci\u00f3 en centres de salut i sanitaris.","robots":{"index":"index","follow":"follow","max-snippet":"max-snippet:-1","max-image-preview":"max-image-preview:large","max-video-preview":"max-video-preview:-1"},"canonical":"https:\/\/eoc.cat\/ca\/classificacio-de-les-ferides-infermeria\/","og_locale":"ca_ES","og_type":"article","og_title":"Classificaci\u00f3 de les ferides en infermeria | EOC formaci\u00f3","og_description":"Et parlem de la classificaci\u00f3 de les ferides en infermeria. Un cas com\u00fa en l'atenci\u00f3 en centres de salut i sanitaris.","og_url":"https:\/\/eoc.cat\/ca\/classificacio-de-les-ferides-infermeria\/","og_site_name":"Escola d&#039;Oficis Catalunya","article_publisher":"https:\/\/www.facebook.com\/EscoladOficisCatalunya","article_published_time":"2025-12-15T08:09:10+00:00","og_image":[{"width":1080,"height":720,"url":"https:\/\/eoc.cat\/wp-content\/uploads\/2025\/12\/c-heridas.webp","type":"image\/webp"}],"author":"EOC","twitter_card":"summary_large_image","twitter_title":"Classificaci\u00f3 de les ferides en infermeria | EOC formaci\u00f3","twitter_description":"Et parlem de la classificaci\u00f3 de les ferides en infermeria. Un cas com\u00fa en l'atenci\u00f3 en centres de salut i sanitaris.","twitter_image":"https:\/\/eoc.cat\/wp-content\/uploads\/2025\/12\/c-heridas.webp","twitter_creator":"@escoficat","twitter_site":"@escoficat","schema":{"@context":"https:\/\/schema.org","@graph":[{"@type":"Article","@id":"https:\/\/eoc.cat\/ca\/classificacio-de-les-ferides-infermeria\/#article","isPartOf":{"@id":"https:\/\/eoc.cat\/ca\/classificacio-de-les-ferides-infermeria\/"},"author":{"name":"EOC","@id":"https:\/\/eoc.cat\/#\/schema\/person\/702649fa6e82a790042399ed7f67f79f"},"headline":"Classificaci\u00f3 de les ferides en infermeria","datePublished":"2025-12-15T08:09:10+00:00","mainEntityOfPage":{"@id":"https:\/\/eoc.cat\/ca\/classificacio-de-les-ferides-infermeria\/"},"wordCount":727,"commentCount":0,"publisher":{"@id":"https:\/\/eoc.cat\/#organization"},"image":{"@id":"https:\/\/eoc.cat\/ca\/classificacio-de-les-ferides-infermeria\/#primaryimage"},"thumbnailUrl":"https:\/\/eoc.cat\/wp-content\/uploads\/2025\/12\/c-heridas.webp","keywords":["auxiliar de quir\u00f2fan"],"articleSection":["Auxiliar d'infermeria","Auxiliar de quir\u00f2fan"],"inLanguage":"ca","potentialAction":[{"@type":"CommentAction","name":"Comment","target":["https:\/\/eoc.cat\/ca\/classificacio-de-les-ferides-infermeria\/#respond"]}]},{"@type":"WebPage","@id":"https:\/\/eoc.cat\/ca\/classificacio-de-les-ferides-infermeria\/","url":"https:\/\/eoc.cat\/ca\/classificacio-de-les-ferides-infermeria\/","name":"Classificaci\u00f3 de les ferides en infermeria | EOC formaci\u00f3","isPartOf":{"@id":"https:\/\/eoc.cat\/#website"},"primaryImageOfPage":{"@id":"https:\/\/eoc.cat\/ca\/classificacio-de-les-ferides-infermeria\/#primaryimage"},"image":{"@id":"https:\/\/eoc.cat\/ca\/classificacio-de-les-ferides-infermeria\/#primaryimage"},"thumbnailUrl":"https:\/\/eoc.cat\/wp-content\/uploads\/2025\/12\/c-heridas.webp","datePublished":"2025-12-15T08:09:10+00:00","description":"Et parlem de la classificaci\u00f3 de les ferides en infermeria. Un cas com\u00fa en l'atenci\u00f3 en centres de salut i sanitaris.","breadcrumb":{"@id":"https:\/\/eoc.cat\/ca\/classificacio-de-les-ferides-infermeria\/#breadcrumb"},"inLanguage":"ca","potentialAction":[{"@type":"ReadAction","target":["https:\/\/eoc.cat\/ca\/classificacio-de-les-ferides-infermeria\/"]}]},{"@type":"ImageObject","inLanguage":"ca","@id":"https:\/\/eoc.cat\/ca\/classificacio-de-les-ferides-infermeria\/#primaryimage","url":"https:\/\/eoc.cat\/wp-content\/uploads\/2025\/12\/c-heridas.webp","contentUrl":"https:\/\/eoc.cat\/wp-content\/uploads\/2025\/12\/c-heridas.webp","width":1080,"height":720,"caption":"clasificaci\u00f3n de las heridas en enfermer\u00eda"},{"@type":"BreadcrumbList","@id":"https:\/\/eoc.cat\/ca\/classificacio-de-les-ferides-infermeria\/#breadcrumb","itemListElement":[{"@type":"ListItem","position":1,"name":"Portada","item":"https:\/\/eoc.cat\/ca\/"},{"@type":"ListItem","position":2,"name":"Classificaci\u00f3 de les ferides en infermeria"}]},{"@type":"WebSite","@id":"https:\/\/eoc.cat\/#website","url":"https:\/\/eoc.cat\/","name":"Escola d'Oficis Catalunya","description":"Escuela de formaci\u00f3n profesional para adultos y j\u00f3venes","publisher":{"@id":"https:\/\/eoc.cat\/#organization"},"alternateName":"EOC","potentialAction":[{"@type":"SearchAction","target":{"@type":"EntryPoint","urlTemplate":"https:\/\/eoc.cat\/?s={search_term_string}"},"query-input":{"@type":"PropertyValueSpecification","valueRequired":true,"valueName":"search_term_string"}}],"inLanguage":"ca"},{"@type":"Organization","@id":"https:\/\/eoc.cat\/#organization","name":"Escola d'Oficis Catalunya","alternateName":"EOC","url":"https:\/\/eoc.cat\/","logo":{"@type":"ImageObject","inLanguage":"ca","@id":"https:\/\/eoc.cat\/#\/schema\/logo\/image\/","url":"https:\/\/eoc.cat\/wp-content\/uploads\/2020\/12\/eoc-logotipo.png","contentUrl":"https:\/\/eoc.cat\/wp-content\/uploads\/2020\/12\/eoc-logotipo.png","width":274,"height":118,"caption":"Escola d'Oficis Catalunya"},"image":{"@id":"https:\/\/eoc.cat\/#\/schema\/logo\/image\/"},"sameAs":["https:\/\/www.facebook.com\/EscoladOficisCatalunya","https:\/\/x.com\/escoficat","https:\/\/www.instagram.com\/escoladoficiscatalunya\/","https:\/\/www.linkedin.com\/school\/escoladoficiscatalunya\/","https:\/\/www.youtube.com\/channel\/UC_HLShkY7t1pf1CrXPw-gRQ"]},{"@type":"Person","@id":"https:\/\/eoc.cat\/#\/schema\/person\/702649fa6e82a790042399ed7f67f79f","name":"EOC","image":{"@type":"ImageObject","inLanguage":"ca","@id":"https:\/\/secure.gravatar.com\/avatar\/db655658f91923a915562a010af881cf03bb56574b7e1241e9fa9ab684c7a9d0?s=96&r=g","url":"https:\/\/secure.gravatar.com\/avatar\/db655658f91923a915562a010af881cf03bb56574b7e1241e9fa9ab684c7a9d0?s=96&r=g","contentUrl":"https:\/\/secure.gravatar.com\/avatar\/db655658f91923a915562a010af881cf03bb56574b7e1241e9fa9ab684c7a9d0?s=96&r=g","caption":"EOC"},"url":"https:\/\/eoc.cat\/ca\/author\/e0c93k1lk3\/"}]}},"_links":{"self":[{"href":"https:\/\/eoc.cat\/ca\/wp-json\/wp\/v2\/posts\/15286","targetHints":{"allow":["GET"]}}],"collection":[{"href":"https:\/\/eoc.cat\/ca\/wp-json\/wp\/v2\/posts"}],"about":[{"href":"https:\/\/eoc.cat\/ca\/wp-json\/wp\/v2\/types\/post"}],"author":[{"embeddable":true,"href":"https:\/\/eoc.cat\/ca\/wp-json\/wp\/v2\/users\/7"}],"replies":[{"embeddable":true,"href":"https:\/\/eoc.cat\/ca\/wp-json\/wp\/v2\/comments?post=15286"}],"version-history":[{"count":3,"href":"https:\/\/eoc.cat\/ca\/wp-json\/wp\/v2\/posts\/15286\/revisions"}],"predecessor-version":[{"id":15294,"href":"https:\/\/eoc.cat\/ca\/wp-json\/wp\/v2\/posts\/15286\/revisions\/15294"}],"wp:featuredmedia":[{"embeddable":true,"href":"https:\/\/eoc.cat\/ca\/wp-json\/wp\/v2\/media\/15288"}],"wp:attachment":[{"href":"https:\/\/eoc.cat\/ca\/wp-json\/wp\/v2\/media?parent=15286"}],"wp:term":[{"taxonomy":"category","embeddable":true,"href":"https:\/\/eoc.cat\/ca\/wp-json\/wp\/v2\/categories?post=15286"},{"taxonomy":"post_tag","embeddable":true,"href":"https:\/\/eoc.cat\/ca\/wp-json\/wp\/v2\/tags?post=15286"}],"curies":[{"name":"wp","href":"https:\/\/api.w.org\/{rel}","templated":true}]}}