{"id":82,"count":17,"description":"Etiqueta del curs d'electricitat general del bloc EOC","link":"https:\/\/eoc.cat\/ca\/etiqueta\/electricitat-general\/","name":"electricitat general","slug":"electricitat-general","taxonomy":"post_tag","meta":[],"yoast_head":"<!-- This site is optimized with the Yoast SEO plugin v27.5 - https:\/\/yoast.com\/product\/yoast-seo-wordpress\/ -->\n<title>Etiqueta del curs d&#039;electricitat general del bloc EOC<\/title>\n<meta name=\"description\" content=\"Etiqueta del bloc d&#039;Escola d&#039;Oficis Catalunya relacionat amb not\u00edcies del m\u00f3n de l&#039;electricitat general i tot all\u00f2 que els envolta\" \/>\n<meta name=\"robots\" content=\"index, follow, max-snippet:-1, max-image-preview:large, max-video-preview:-1\" \/>\n<link rel=\"canonical\" href=\"https:\/\/eoc.cat\/ca\/etiqueta\/electricitat-general\/\" \/>\n<meta property=\"og:locale\" content=\"ca_ES\" \/>\n<meta property=\"og:type\" content=\"article\" \/>\n<meta property=\"og:title\" content=\"Etiqueta del curs d&#039;electricitat general del bloc EOC\" \/>\n<meta property=\"og:description\" content=\"Etiqueta del bloc d&#039;Escola d&#039;Oficis Catalunya relacionat amb not\u00edcies del m\u00f3n de l&#039;electricitat general i tot all\u00f2 que els envolta\" \/>\n<meta property=\"og:url\" content=\"https:\/\/eoc.cat\/ca\/etiqueta\/electricitat-general\/\" \/>\n<meta property=\"og:site_name\" content=\"Escola d&#039;Oficis Catalunya\" \/>\n<meta property=\"og:image\" content=\"https:\/\/eoc.cat\/wp-content\/uploads\/2022\/01\/de-elec-ca.jpg\" \/>\n\t<meta property=\"og:image:width\" content=\"1200\" \/>\n\t<meta property=\"og:image:height\" content=\"628\" \/>\n\t<meta property=\"og:image:type\" content=\"image\/jpeg\" \/>\n<meta name=\"twitter:card\" content=\"summary_large_image\" \/>\n<meta name=\"twitter:title\" content=\"Etiqueta del curs d&#039;electricitat general del bloc EOC\" \/>\n<meta name=\"twitter:description\" content=\"Etiqueta del bloc d&#039;Escola d&#039;Oficis Catalunya relacionat amb not\u00edcies del m\u00f3n de l&#039;electricitat general i tot all\u00f2 que els envolta\" \/>\n<meta name=\"twitter:image\" content=\"https:\/\/eoc.cat\/wp-content\/uploads\/2022\/01\/de-elec-ca.jpg\" \/>\n<meta name=\"twitter:site\" content=\"@escoficat\" \/>\n<script type=\"application\/ld+json\" class=\"yoast-schema-graph\">{\"@context\":\"https:\\\/\\\/schema.org\",\"@graph\":[{\"@type\":\"CollectionPage\",\"@id\":\"https:\\\/\\\/eoc.cat\\\/ca\\\/etiqueta\\\/electricitat-general\\\/\",\"url\":\"https:\\\/\\\/eoc.cat\\\/ca\\\/etiqueta\\\/electricitat-general\\\/\",\"name\":\"Etiqueta del curs d'electricitat general del bloc EOC\",\"isPartOf\":{\"@id\":\"https:\\\/\\\/eoc.cat\\\/#website\"},\"description\":\"Etiqueta del bloc d'Escola d'Oficis Catalunya relacionat amb not\u00edcies del m\u00f3n de l'electricitat general i tot all\u00f2 que els envolta\",\"breadcrumb\":{\"@id\":\"https:\\\/\\\/eoc.cat\\\/ca\\\/etiqueta\\\/electricitat-general\\\/#breadcrumb\"},\"inLanguage\":\"ca\"},{\"@type\":\"BreadcrumbList\",\"@id\":\"https:\\\/\\\/eoc.cat\\\/ca\\\/etiqueta\\\/electricitat-general\\\/#breadcrumb\",\"itemListElement\":[{\"@type\":\"ListItem\",\"position\":1,\"name\":\"Portada\",\"item\":\"https:\\\/\\\/eoc.cat\\\/ca\\\/\"},{\"@type\":\"ListItem\",\"position\":2,\"name\":\"electricitat general\"}]},{\"@type\":\"WebSite\",\"@id\":\"https:\\\/\\\/eoc.cat\\\/#website\",\"url\":\"https:\\\/\\\/eoc.cat\\\/\",\"name\":\"Escola d'Oficis Catalunya\",\"description\":\"Escuela de formaci\u00f3n profesional para adultos y j\u00f3venes\",\"publisher\":{\"@id\":\"https:\\\/\\\/eoc.cat\\\/#organization\"},\"alternateName\":\"EOC\",\"potentialAction\":[{\"@type\":\"SearchAction\",\"target\":{\"@type\":\"EntryPoint\",\"urlTemplate\":\"https:\\\/\\\/eoc.cat\\\/?s={search_term_string}\"},\"query-input\":{\"@type\":\"PropertyValueSpecification\",\"valueRequired\":true,\"valueName\":\"search_term_string\"}}],\"inLanguage\":\"ca\"},{\"@type\":\"Organization\",\"@id\":\"https:\\\/\\\/eoc.cat\\\/#organization\",\"name\":\"Escola d'Oficis Catalunya\",\"alternateName\":\"EOC\",\"url\":\"https:\\\/\\\/eoc.cat\\\/\",\"logo\":{\"@type\":\"ImageObject\",\"inLanguage\":\"ca\",\"@id\":\"https:\\\/\\\/eoc.cat\\\/#\\\/schema\\\/logo\\\/image\\\/\",\"url\":\"https:\\\/\\\/eoc.cat\\\/wp-content\\\/uploads\\\/2020\\\/12\\\/eoc-logotipo.png\",\"contentUrl\":\"https:\\\/\\\/eoc.cat\\\/wp-content\\\/uploads\\\/2020\\\/12\\\/eoc-logotipo.png\",\"width\":274,\"height\":118,\"caption\":\"Escola d'Oficis Catalunya\"},\"image\":{\"@id\":\"https:\\\/\\\/eoc.cat\\\/#\\\/schema\\\/logo\\\/image\\\/\"},\"sameAs\":[\"https:\\\/\\\/www.facebook.com\\\/EscoladOficisCatalunya\",\"https:\\\/\\\/x.com\\\/escoficat\",\"https:\\\/\\\/www.instagram.com\\\/escoladoficiscatalunya\\\/\",\"https:\\\/\\\/www.linkedin.com\\\/school\\\/escoladoficiscatalunya\\\/\",\"https:\\\/\\\/www.youtube.com\\\/channel\\\/UC_HLShkY7t1pf1CrXPw-gRQ\"]}]}<\/script>\n<!-- \/ Yoast SEO plugin. -->","yoast_head_json":{"title":"Etiqueta del curs d'electricitat general del bloc EOC","description":"Etiqueta del bloc d'Escola d'Oficis Catalunya relacionat amb not\u00edcies del m\u00f3n de l'electricitat general i tot all\u00f2 que els envolta","robots":{"index":"index","follow":"follow","max-snippet":"max-snippet:-1","max-image-preview":"max-image-preview:large","max-video-preview":"max-video-preview:-1"},"canonical":"https:\/\/eoc.cat\/ca\/etiqueta\/electricitat-general\/","og_locale":"ca_ES","og_type":"article","og_title":"Etiqueta del curs d'electricitat general del bloc EOC","og_description":"Etiqueta del bloc d'Escola d'Oficis Catalunya relacionat amb not\u00edcies del m\u00f3n de l'electricitat general i tot all\u00f2 que els envolta","og_url":"https:\/\/eoc.cat\/ca\/etiqueta\/electricitat-general\/","og_site_name":"Escola d&#039;Oficis Catalunya","og_image":[{"width":1200,"height":628,"url":"https:\/\/eoc.cat\/wp-content\/uploads\/2022\/01\/de-elec-ca.jpg","type":"image\/jpeg"}],"twitter_card":"summary_large_image","twitter_title":"Etiqueta del curs d'electricitat general del bloc EOC","twitter_description":"Etiqueta del bloc d'Escola d'Oficis Catalunya relacionat amb not\u00edcies del m\u00f3n de l'electricitat general i tot all\u00f2 que els envolta","twitter_image":"https:\/\/eoc.cat\/wp-content\/uploads\/2022\/01\/de-elec-ca.jpg","twitter_site":"@escoficat","schema":{"@context":"https:\/\/schema.org","@graph":[{"@type":"CollectionPage","@id":"https:\/\/eoc.cat\/ca\/etiqueta\/electricitat-general\/","url":"https:\/\/eoc.cat\/ca\/etiqueta\/electricitat-general\/","name":"Etiqueta del curs d'electricitat general del bloc EOC","isPartOf":{"@id":"https:\/\/eoc.cat\/#website"},"description":"Etiqueta del bloc d'Escola d'Oficis Catalunya relacionat amb not\u00edcies del m\u00f3n de l'electricitat general i tot all\u00f2 que els envolta","breadcrumb":{"@id":"https:\/\/eoc.cat\/ca\/etiqueta\/electricitat-general\/#breadcrumb"},"inLanguage":"ca"},{"@type":"BreadcrumbList","@id":"https:\/\/eoc.cat\/ca\/etiqueta\/electricitat-general\/#breadcrumb","itemListElement":[{"@type":"ListItem","position":1,"name":"Portada","item":"https:\/\/eoc.cat\/ca\/"},{"@type":"ListItem","position":2,"name":"electricitat general"}]},{"@type":"WebSite","@id":"https:\/\/eoc.cat\/#website","url":"https:\/\/eoc.cat\/","name":"Escola d'Oficis Catalunya","description":"Escuela de formaci\u00f3n profesional para adultos y j\u00f3venes","publisher":{"@id":"https:\/\/eoc.cat\/#organization"},"alternateName":"EOC","potentialAction":[{"@type":"SearchAction","target":{"@type":"EntryPoint","urlTemplate":"https:\/\/eoc.cat\/?s={search_term_string}"},"query-input":{"@type":"PropertyValueSpecification","valueRequired":true,"valueName":"search_term_string"}}],"inLanguage":"ca"},{"@type":"Organization","@id":"https:\/\/eoc.cat\/#organization","name":"Escola d'Oficis Catalunya","alternateName":"EOC","url":"https:\/\/eoc.cat\/","logo":{"@type":"ImageObject","inLanguage":"ca","@id":"https:\/\/eoc.cat\/#\/schema\/logo\/image\/","url":"https:\/\/eoc.cat\/wp-content\/uploads\/2020\/12\/eoc-logotipo.png","contentUrl":"https:\/\/eoc.cat\/wp-content\/uploads\/2020\/12\/eoc-logotipo.png","width":274,"height":118,"caption":"Escola d'Oficis Catalunya"},"image":{"@id":"https:\/\/eoc.cat\/#\/schema\/logo\/image\/"},"sameAs":["https:\/\/www.facebook.com\/EscoladOficisCatalunya","https:\/\/x.com\/escoficat","https:\/\/www.instagram.com\/escoladoficiscatalunya\/","https:\/\/www.linkedin.com\/school\/escoladoficiscatalunya\/","https:\/\/www.youtube.com\/channel\/UC_HLShkY7t1pf1CrXPw-gRQ"]}]}},"_links":{"self":[{"href":"https:\/\/eoc.cat\/ca\/wp-json\/wp\/v2\/tags\/82","targetHints":{"allow":["GET"]}}],"collection":[{"href":"https:\/\/eoc.cat\/ca\/wp-json\/wp\/v2\/tags"}],"about":[{"href":"https:\/\/eoc.cat\/ca\/wp-json\/wp\/v2\/taxonomies\/post_tag"}],"wp:post_type":[{"href":"https:\/\/eoc.cat\/ca\/wp-json\/wp\/v2\/posts?tags=82"}],"curies":[{"name":"wp","href":"https:\/\/api.w.org\/{rel}","templated":true}]}}